{"id":13393,"date":"2025-07-30T18:36:42","date_gmt":"2025-07-30T21:36:42","guid":{"rendered":"https:\/\/sgpsolucoes.com.br\/site\/?p=13393"},"modified":"2025-07-30T18:36:43","modified_gmt":"2025-07-30T21:36:43","slug":"setor-de-servicos-contesta-lei-paulista-sobre-mototaxi","status":"publish","type":"post","link":"https:\/\/sgpsolucoes.com.br\/site\/setor-de-servicos-contesta-lei-paulista-sobre-mototaxi\/","title":{"rendered":"Setor de servi\u00e7os contesta lei paulista sobre motot\u00e1xi\u00a0"},"content":{"rendered":"<p><strong><em>Norma condiciona atividade \u00e0 autoriza\u00e7\u00e3o dos munic\u00edpios<\/em><\/strong><\/p><p>A Confedera\u00e7\u00e3o Nacional de Servi\u00e7os (CNS) acionou o Supremo Tribunal Federal (STF) contra uma lei do Estado de S\u00e3o Paulo que exige autoriza\u00e7\u00e3o dos munic\u00edpios para a utiliza\u00e7\u00e3o de motocicletas na presta\u00e7\u00e3o do servi\u00e7o de transporte individual privado remunerado de passageiros. A A\u00e7\u00e3o Direta de Inconstitucionalidade&nbsp;<strong><a href=\"https:\/\/portal.stf.jus.br\/processos\/detalhe.asp?incidente=7323585\" target=\"_blank\" rel=\"noreferrer noopener\">(ADI) 7852<\/a><\/strong>&nbsp;foi distribu\u00edda ao ministro Alexandre de Moraes.<\/p><p>A Lei estadual 18.156\/2025 passou a condicionar o exerc\u00edcio do servi\u00e7o de motot\u00e1xi, intermediado por empresas de aplicativo como Uber e 99, \u00e0 pr\u00e9via autoriza\u00e7\u00e3o dos munic\u00edpios, sob pena de aplica\u00e7\u00e3o de san\u00e7\u00f5es e multas por transporte ilegal de passageiros.<\/p><p>A confedera\u00e7\u00e3o argumenta que a lei invadiu a compet\u00eancia privativa da Uni\u00e3o para legislar sobre diretrizes da pol\u00edtica nacional de transportes e sobre tr\u00e2nsito e transporte. Na avalia\u00e7\u00e3o da CNS, ao criar condi\u00e7\u00f5es para o exerc\u00edcio de uma atividade econ\u00f4mica, a norma tamb\u00e9m viola os princ\u00edpios da livre iniciativa e da livre concorr\u00eancia e o direito de escolha do consumidor.<\/p><p><em>Foto: Paulo Pinto\/Ag\u00eancia Brasil<\/em><\/p><p><strong>Fonte: STF<\/strong><\/p>\n    <div class=\"xs_social_share_widget xs_share_url after_content \t\tmain_content  wslu-style-1 wslu-share-box-shaped wslu-fill-colored wslu-none wslu-share-horizontal wslu-theme-font-no wslu-main_content\">\n\n\t\t\n        <ul>\n\t\t\t        <\/ul>\n    <\/div> \n","protected":false},"excerpt":{"rendered":"<p>A Confedera\u00e7\u00e3o Nacional de Servi\u00e7os (CNS) acionou o Supremo Tribunal Federal (STF) contra uma lei do Estado de S\u00e3o Paulo que exige autoriza\u00e7\u00e3o dos munic\u00edpios para a utiliza\u00e7\u00e3o de motocicletas na presta\u00e7\u00e3o do servi\u00e7o de transporte individual privado remunerado de passageiros. A A\u00e7\u00e3o Direta de Inconstitucionalidade\u00a0(ADI) 7852\u00a0foi distribu\u00edda ao ministro Alexandre de Moraes.<\/p>\n","protected":false},"author":5,"featured_media":0,"comment_status":"open","ping_status":"open","sticky":false,"template":"","format":"standard","meta":{"postBodyCss":"","postBodyMargin":[],"postBodyPadding":[],"postBodyBackground":{"backgroundType":"classic","gradient":""},"_price":"","_stock":"","_tribe_ticket_header":"","_tribe_default_ticket_provider":"","_tribe_ticket_capacity":"0","_ticket_start_date":"","_ticket_end_date":"","_tribe_ticket_show_description":"","_tribe_ticket_show_not_going":false,"_tribe_ticket_use_global_stock":"","_tribe_ticket_global_stock_level":"","_global_stock_mode":"","_global_stock_cap":"","_tribe_rsvp_for_event":"","_tribe_ticket_going_count":"","_tribe_ticket_not_going_count":"","_tribe_tickets_list":"[]","_tribe_ticket_has_attendee_info_fields":false,"footnotes":""},"categories":[46],"tags":[13589,1054,13593,3074,13586,1410,8777,11401,13592,13584,9439,3202,13585,891,399,2639,10891,2944,13590,13588,313,13591,13583,347,348,13595,13587,13594],"class_list":["post-13393","post","type-post","status-publish","format-standard","hentry","category-noticias","tag-13589","tag-acao-direta-de-inconstitucionalidade","tag-adi-7852","tag-autorizacao","tag-autorizacao-dos-municipios","tag-cns","tag-confederacao-nacional-de-servicos","tag-lei-do-estado-de-sao-paulo","tag-lei-estadual-18-156-2025","tag-lei-paulista","tag-ministro-alexandre-de-moraes","tag-motocicletas","tag-mototaxi","tag-multas","tag-municipios","tag-norma","tag-passageiros","tag-prestacao-do-servico","tag-previa-autorizacao","tag-remunerado","tag-sancoes","tag-servico-de-mototaxi","tag-setor-de-servicos","tag-stf","tag-supremo-tribunal-federal","tag-transporte-ilegal","tag-transporte-individual-privado","tag-uber"],"acf":[],"_links":{"self":[{"href":"https:\/\/sgpsolucoes.com.br\/site\/wp-json\/wp\/v2\/posts\/13393"}],"collection":[{"href":"https:\/\/sgpsolucoes.com.br\/site\/wp-json\/wp\/v2\/posts"}],"about":[{"href":"https:\/\/sgpsolucoes.com.br\/site\/wp-json\/wp\/v2\/types\/post"}],"author":[{"embeddable":true,"href":"https:\/\/sgpsolucoes.com.br\/site\/wp-json\/wp\/v2\/users\/5"}],"replies":[{"embeddable":true,"href":"https:\/\/sgpsolucoes.com.br\/site\/wp-json\/wp\/v2\/comments?post=13393"}],"version-history":[{"count":0,"href":"https:\/\/sgpsolucoes.com.br\/site\/wp-json\/wp\/v2\/posts\/13393\/revisions"}],"wp:attachment":[{"href":"https:\/\/sgpsolucoes.com.br\/site\/wp-json\/wp\/v2\/media?parent=13393"}],"wp:term":[{"taxonomy":"category","embeddable":true,"href":"https:\/\/sgpsolucoes.com.br\/site\/wp-json\/wp\/v2\/categories?post=13393"},{"taxonomy":"post_tag","embeddable":true,"href":"https:\/\/sgpsolucoes.com.br\/site\/wp-json\/wp\/v2\/tags?post=13393"}],"curies":[{"name":"wp","href":"https:\/\/api.w.org\/{rel}","templated":true}]}}