{"id":13408,"date":"2025-07-30T19:18:13","date_gmt":"2025-07-30T22:18:13","guid":{"rendered":"https:\/\/sgpsolucoes.com.br\/site\/?p=13408"},"modified":"2025-07-30T19:18:13","modified_gmt":"2025-07-30T22:18:13","slug":"tribunal-ve-excesso-de-contratacoes-temporarias-na-sedu-e-determina-monitoramento-do-quadro-de-efetivos","status":"publish","type":"post","link":"https:\/\/sgpsolucoes.com.br\/site\/tribunal-ve-excesso-de-contratacoes-temporarias-na-sedu-e-determina-monitoramento-do-quadro-de-efetivos\/","title":{"rendered":"Tribunal v\u00ea excesso de contrata\u00e7\u00f5es tempor\u00e1rias na Sedu e determina monitoramento do quadro de efetivos"},"content":{"rendered":"<p>O&nbsp;<mark>Tribunal de Contas do Estado do Esp\u00edrito Santo (TCE-ES)<\/mark>&nbsp;observou um excesso de contrata\u00e7\u00f5es de servidores tempor\u00e1rios na&nbsp;<strong><a href=\"https:\/\/sedu.es.gov.br\/\" target=\"_blank\" rel=\"noreferrer noopener\">Secretaria de Estado de Educa\u00e7\u00e3o (Sedu)<\/a><\/strong>. Com o objetivo de resolver o problema, foi determinado que a&nbsp;<strong><a href=\"https:\/\/secont.es.gov.br\/\" target=\"_blank\" rel=\"noreferrer noopener\">Secretaria de Estado de Controle e Transpar\u00eancia (Secont)<\/a><\/strong>&nbsp;monitore constantemente o quadro de servidores efetivos e a extin\u00e7\u00e3o dos v\u00ednculos tempor\u00e1rios.\u202f&nbsp;<\/p><p>Tamb\u00e9m foi recomendado que a Sedu, Secont e&nbsp;<strong><a href=\"https:\/\/seger.es.gov.br\/\">Seger [Secretaria de Estado de Gest\u00e3o de Recursos Humanos]<\/a><\/strong>&nbsp;adotem metodologia qualitativa para o dimensionamento da for\u00e7a de trabalho para realizar a aloca\u00e7\u00e3o de pessoal proveniente das sele\u00e7\u00f5es. Al\u00e9m disso, foi recomendada a capacita\u00e7\u00e3o permanente para o quadro de apoio escolar.&nbsp;<\/p><h5 class=\"wp-block-heading\">Situa\u00e7\u00e3o&nbsp;<\/h5><p>A despropor\u00e7\u00e3o entre servidores efetivos e tempor\u00e1rios no cargo de agente de suporte educacional, da Sedu, foi alvo de representa\u00e7\u00e3o apresentada pelo Minist\u00e9rio P\u00fablico de Contas em 2023.\u202f&nbsp;<\/p><p>Na ocasi\u00e3o foram apresentados quatro ind\u00edcios de irregularidade, como poss\u00edvel descumprimento de ac\u00f3rd\u00e3o do TCE-ES; validade superior do processo seletivo tempor\u00e1rio (12 meses) em rela\u00e7\u00e3o \u00e0 validade do concurso p\u00fablico (6 meses), indicando poss\u00edvel prefer\u00eancia institucional pela contrata\u00e7\u00e3o prec\u00e1ria; e a realiza\u00e7\u00e3o de novo processo seletivo simplificado e nomea\u00e7\u00e3o de servidores tempor\u00e1rios, mesmo durante a vig\u00eancia de concurso p\u00fablico v\u00e1lido.&nbsp;<\/p><p>Ainda que reconhe\u00e7a a irregularidade, o relator do processo, conselheiro Rodrigo Coelho, destacou que a situa\u00e7\u00e3o remonta ao ano de 2016 \u2013 possuindo car\u00e1ter estrutural e anterior \u00e0 gest\u00e3o atual. O relator refor\u00e7ou que em 2015, havia 2.461 servidores em designa\u00e7\u00e3o tempor\u00e1ria na fun\u00e7\u00e3o analisada, n\u00famero que foi decrescendo ano a ano. Em abril 2024 (per\u00edodo analisado pela equipe t\u00e9cnica) o quadro era de 849 servidores.\u202f&nbsp;<\/p><p>\u201cCumpre considerar que a rescis\u00e3o imediata de 100% dos contratos tempor\u00e1rios, sem a correspondente reposi\u00e7\u00e3o por servidores efetivos, poderia comprometer de forma significativa a continuidade de servi\u00e7os escolares essenciais, como a emiss\u00e3o de diplomas, o atendimento a estudantes e a atualiza\u00e7\u00e3o de dados nos sistemas administrativos\u201d, justificou Coelho.&nbsp;<\/p><p>Por conta disso, o relator, seguido \u00e0 unanimidade pelos seus pares, defendeu que a conduta do gestor est\u00e1 amparada em planejamento razo\u00e1vel e a\u00e7\u00f5es concretas voltadas \u00e0 supera\u00e7\u00e3o do passivo herdado.\u202f&nbsp;<\/p><p>\u201cN\u00e3o se verifica dolo ou erro grosseiro em sua atua\u00e7\u00e3o, tampouco in\u00e9rcia institucional. Ao contr\u00e1rio, constata-se dilig\u00eancia compat\u00edvel com os limites operacionais e normativos impostos \u00e0 administra\u00e7\u00e3o p\u00fablica, sobretudo em um cen\u00e1rio de reordenamento da rede escolar e necessidade de garantir a continuidade do servi\u00e7o educacional\u201d, apresentou.&nbsp;<\/p><h5 class=\"wp-block-heading\">Decis\u00e3o&nbsp;<\/h5><p>Dessa forma, reconhecendo a exist\u00eancia da irregularidade, mas destacando as a\u00e7\u00f5es para solucionar a quest\u00e3o, os conselheiros determinaram o monitoramento do provimento de quadro de efetivos e extin\u00e7\u00e3o dos v\u00ednculos tempor\u00e1rios e recomendaram a ado\u00e7\u00e3o de metodologias qualitativa para o dimensionamento da for\u00e7a de trabalho para realizar a aloca\u00e7\u00e3o de pessoal proveniente das sele\u00e7\u00f5es, e a capacita\u00e7\u00e3o permanente para o quadro de apoio escolar.&nbsp;<\/p><p><strong><a href=\"https:\/\/www.tcees.tc.br\/consultas\/processo\/detalhar-processo?numero=7314&amp;ano=2023&amp;key=fa9278401941088649aeeac375038cf6fa914f86179f9faea09f19a02fc3c4856c6fd0fc540eece8355d9917edf449c1fb0e4b2e6529e17eafa0a72f2ad8d095\" target=\"_blank\" rel=\"noreferrer noopener\">Processo TC 7314\/2023<\/a><\/strong><\/p><figure class=\"wp-block-table\"><table class=\"has-fixed-layout\"><tbody><tr><td><strong>Resumo em t\u00f3picos<\/strong> <br><br><strong>Excesso de tempor\u00e1rios<\/strong>: O TCE-ES identificou despropor\u00e7\u00e3o entre servidores efetivos e tempor\u00e1rios na Secretaria de Educa\u00e7\u00e3o e determinou que a\u00a0Secont\u00a0monitore a substitui\u00e7\u00e3o gradual desses v\u00ednculos.<br><br><strong>Irregularidades<\/strong>: O Minist\u00e9rio P\u00fablico de Contas destacou ind\u00edcios como descumprimento de ac\u00f3rd\u00e3o, validade maior de sele\u00e7\u00e3o tempor\u00e1ria em rela\u00e7\u00e3o ao concurso e contrata\u00e7\u00f5es durante vig\u00eancia de concurso p\u00fablico.<br><br><strong>Situa\u00e7\u00e3o estrutural<\/strong>: O relator reconheceu a irregularidade, mas destacou que ela \u00e9 hist\u00f3rica e vem sendo reduzida desde 2015, com a\u00e7\u00f5es planejadas pela atual gest\u00e3o para resolver o problema.<br><br><strong>Medidas recomendadas<\/strong>: O TCE-ES recomendou ado\u00e7\u00e3o de metodologia qualitativa para dimensionamento da for\u00e7a de trabalho e capacita\u00e7\u00e3o permanente do quadro de apoio escolar, visando maior efici\u00eancia na aloca\u00e7\u00e3o de pessoal.<\/td><\/tr><\/tbody><\/table><\/figure><p><strong>Fonte: <\/strong><strong>TCE-ES<\/strong><\/p>\n    <div class=\"xs_social_share_widget xs_share_url after_content \t\tmain_content  wslu-style-1 wslu-share-box-shaped wslu-fill-colored wslu-none wslu-share-horizontal wslu-theme-font-no wslu-main_content\">\n\n\t\t\n        <ul>\n\t\t\t        <\/ul>\n    <\/div> \n","protected":false},"excerpt":{"rendered":"<p>O\u00a0Tribunal de Contas do Estado do Esp\u00edrito Santo (TCE-ES)\u00a0observou um excesso de contrata\u00e7\u00f5es de servidores tempor\u00e1rios na\u00a0Secretaria de Estado de Educa\u00e7\u00e3o (Sedu). Com o objetivo de resolver o problema, foi determinado que a\u00a0Secretaria de Estado de Controle e Transpar\u00eancia (Secont)\u00a0monitore constantemente o quadro de servidores efetivos e a extin\u00e7\u00e3o dos v\u00ednculos tempor\u00e1rios.\u202f\u00a0<\/p>\n","protected":false},"author":5,"featured_media":0,"comment_status":"open","ping_status":"open","sticky":false,"template":"","format":"standard","meta":{"postBodyCss":"","postBodyMargin":[],"postBodyPadding":[],"postBodyBackground":{"backgroundType":"classic","gradient":""},"_price":"","_stock":"","_tribe_ticket_header":"","_tribe_default_ticket_provider":"","_tribe_ticket_capacity":"0","_ticket_start_date":"","_ticket_end_date":"","_tribe_ticket_show_description":"","_tribe_ticket_show_not_going":false,"_tribe_ticket_use_global_stock":"","_tribe_ticket_global_stock_level":"","_global_stock_mode":"","_global_stock_cap":"","_tribe_rsvp_for_event":"","_tribe_ticket_going_count":"","_tribe_ticket_not_going_count":"","_tribe_tickets_list":"[]","_tribe_ticket_has_attendee_info_fields":false,"footnotes":""},"categories":[46],"tags":[1404,7715,13219,312,1159,13612,13615,13614,13616,13613,2313,4252,4702,597,4707,13617],"class_list":["post-13408","post","type-post","status-publish","format-standard","hentry","category-noticias","tag-contratacoes","tag-contratacoes-temporarias","tag-excesso","tag-extincao","tag-monitoramento","tag-quadro-de-efetivos","tag-secont","tag-secretaria-de-estado-de-controle-e-transparencia","tag-secretaria-de-estado-de-educacao","tag-sedu","tag-servidores-efetivos","tag-servidores-temporarios","tag-tce-es","tag-tribunal","tag-tribunal-de-contas-do-estado-do-espirito-santo","tag-vinculos-temporarios"],"acf":[],"_links":{"self":[{"href":"https:\/\/sgpsolucoes.com.br\/site\/wp-json\/wp\/v2\/posts\/13408"}],"collection":[{"href":"https:\/\/sgpsolucoes.com.br\/site\/wp-json\/wp\/v2\/posts"}],"about":[{"href":"https:\/\/sgpsolucoes.com.br\/site\/wp-json\/wp\/v2\/types\/post"}],"author":[{"embeddable":true,"href":"https:\/\/sgpsolucoes.com.br\/site\/wp-json\/wp\/v2\/users\/5"}],"replies":[{"embeddable":true,"href":"https:\/\/sgpsolucoes.com.br\/site\/wp-json\/wp\/v2\/comments?post=13408"}],"version-history":[{"count":0,"href":"https:\/\/sgpsolucoes.com.br\/site\/wp-json\/wp\/v2\/posts\/13408\/revisions"}],"wp:attachment":[{"href":"https:\/\/sgpsolucoes.com.br\/site\/wp-json\/wp\/v2\/media?parent=13408"}],"wp:term":[{"taxonomy":"category","embeddable":true,"href":"https:\/\/sgpsolucoes.com.br\/site\/wp-json\/wp\/v2\/categories?post=13408"},{"taxonomy":"post_tag","embeddable":true,"href":"https:\/\/sgpsolucoes.com.br\/site\/wp-json\/wp\/v2\/tags?post=13408"}],"curies":[{"name":"wp","href":"https:\/\/api.w.org\/{rel}","templated":true}]}}