{"id":13418,"date":"2025-07-31T16:03:47","date_gmt":"2025-07-31T19:03:47","guid":{"rendered":"https:\/\/sgpsolucoes.com.br\/site\/?p=13418"},"modified":"2025-07-31T16:03:48","modified_gmt":"2025-07-31T19:03:48","slug":"stf-rejeita-suspender-eleicoes-suplementares-em-guatapara-sp","status":"publish","type":"post","link":"https:\/\/sgpsolucoes.com.br\/site\/stf-rejeita-suspender-eleicoes-suplementares-em-guatapara-sp\/","title":{"rendered":"STF rejeita suspender elei\u00e7\u00f5es suplementares em Guatapar\u00e1 (SP)"},"content":{"rendered":"<p><em><strong>Presidente do STF considera que n\u00e3o foram preenchidos requisitos processuais que autorizariam a suspens\u00e3o da decis\u00e3o do TSE que determinou a realiza\u00e7\u00e3o do pleito<\/strong><\/em><\/p><p>O presidente do Supremo Tribunal Federal (STF), ministro Lu\u00eds Roberto Barroso, rejeitou pedido para suspender as elei\u00e7\u00f5es suplementares marcadas para o pr\u00f3ximo domingo (3\/8) no Munic\u00edpio de Guatapar\u00e1 (SP). A convoca\u00e7\u00e3o do pleito ocorreu ap\u00f3s o Tribunal Superior Eleitoral (TSE) indeferir o registro da candidatura de Ailton Aparecido da Silva (MDB), eleito prefeito em 2024, em raz\u00e3o de \u201cinelegibilidade reflexa\u201d.<\/p><p><img decoding=\"async\" src=\"https:\/\/noticias-stf-wp-prd.s3.sa-east-1.amazonaws.com\/wp-content\/uploads\/wpallimport\/uploads\/2025\/06\/30171843\/Palacio-do-Planalto-1-Rosinei-Coutinho-scaled.jpg\" alt=\"Pal\u00e1cio do Planalto\"><em>Foto: Rosinei Coutinho\/SCO\/STF<\/em><\/p><p>Ao julgar recurso, o TSE cassou a chapa vencedora porque Ailton da Silva \u00e9 filho do ex-prefeito Juracy Costa Silva, que faleceu quatro meses antes das elei\u00e7\u00f5es, quando exercia o segundo mandato consecutivo no munic\u00edpio.<\/p><p>Na Peti\u00e7\u00e3o&nbsp;<strong><a href=\"https:\/\/portal.stf.jus.br\/processos\/detalhe.asp?incidente=7323075\">(PET) 14203<\/a><\/strong>, o prefeito cassado buscava suspender os efeitos da decis\u00e3o da corte eleitoral at\u00e9 o julgamento de recurso extraordin\u00e1rio a ser interposto ao STF. No entanto, a decis\u00e3o do ministro Barroso se fundamentou em quest\u00f5es processuais. Segundo ele, a suspens\u00e3o do ac\u00f3rd\u00e3o do TSE s\u00f3 seria poss\u00edvel se o processo principal j\u00e1 estivesse submetido ao STF, o que ainda n\u00e3o ocorreu, pois h\u00e1 recurso de embargos de declara\u00e7\u00e3o pendente de julgamento no TSE.<\/p><p>Al\u00e9m disso, o presidente do STF lembrou que, segundo o TSE, a candidatura do filho \u201cautorizaria a monopoliza\u00e7\u00e3o do poder e viabilizaria o emprego da m\u00e1quina administrativa em benef\u00edcio de um mesmo grupo familiar, em contrariedade ao postulado republicano e \u00e0 igualdade de condi\u00e7\u00f5es entre os concorrentes\u201d.<\/p><h5 class=\"wp-block-heading\"><strong>Inelegibilidade<\/strong><\/h5><p>De acordo com a Constitui\u00e7\u00e3o, s\u00e3o ineleg\u00edveis, na mesma jurisdi\u00e7\u00e3o (munic\u00edpio, por exemplo), c\u00f4njuges e parentes at\u00e9 o segundo grau do presidente da Rep\u00fablica, governador, prefeito ou de quem os tenha substitu\u00eddo nos seis meses anteriores ao pleito, salvo se j\u00e1 titular de mandato eletivo e candidato \u00e0 reelei\u00e7\u00e3o.<\/p><p>Leia a&nbsp;<a href=\"https:\/\/portal.stf.jus.br\/processos\/downloadPeca.asp?id=15378650554&amp;ext=.pdf\"><strong>\u00edntegra da decis\u00e3o<\/strong><\/a>.<\/p><p><strong>Fonte: STF<\/strong><\/p>\n    <div class=\"xs_social_share_widget xs_share_url after_content \t\tmain_content  wslu-style-1 wslu-share-box-shaped wslu-fill-colored wslu-none wslu-share-horizontal wslu-theme-font-no wslu-main_content\">\n\n\t\t\n        <ul>\n\t\t\t        <\/ul>\n    <\/div> \n","protected":false},"excerpt":{"rendered":"<p>O presidente do Supremo Tribunal Federal (STF), ministro Lu\u00eds Roberto Barroso, rejeitou pedido para suspender as elei\u00e7\u00f5es suplementares marcadas para o pr\u00f3ximo domingo (3\/8) no Munic\u00edpio de Guatapar\u00e1 (SP). A convoca\u00e7\u00e3o do pleito ocorreu ap\u00f3s o Tribunal Superior Eleitoral (TSE) indeferir o registro da candidatura de Ailton Aparecido da Silva (MDB), eleito prefeito em 2024, em raz\u00e3o de \u201cinelegibilidade reflexa\u201d.<\/p>\n","protected":false},"author":5,"featured_media":0,"comment_status":"open","ping_status":"open","sticky":false,"template":"","format":"standard","meta":{"postBodyCss":"","postBodyMargin":[],"postBodyPadding":[],"postBodyBackground":{"backgroundType":"classic","gradient":""},"_price":"","_stock":"","_tribe_ticket_header":"","_tribe_default_ticket_provider":"","_tribe_ticket_capacity":"0","_ticket_start_date":"","_ticket_end_date":"","_tribe_ticket_show_description":"","_tribe_ticket_show_not_going":false,"_tribe_ticket_use_global_stock":"","_tribe_ticket_global_stock_level":"","_global_stock_mode":"","_global_stock_cap":"","_tribe_rsvp_for_event":"","_tribe_ticket_going_count":"","_tribe_ticket_not_going_count":"","_tribe_tickets_list":"[]","_tribe_ticket_has_attendee_info_fields":false,"footnotes":""},"categories":[46],"tags":[13627,13624,1053,2508,13623,13628,13095,7983,13625,3487,13626,13622,347,348,1760,1759],"class_list":["post-13418","post","type-post","status-publish","format-standard","hentry","category-noticias","tag-ailton-aparecido-da-silva","tag-decisao-do-tse","tag-eleicoes","tag-eleicoes-suplementares","tag-guatapara","tag-inelegibilidade-reflexa","tag-mdb","tag-ministro-luis-roberto-barroso","tag-municipio-de-guatapara","tag-pleito","tag-registro-da-candidatura","tag-requisitos-processuais","tag-stf","tag-supremo-tribunal-federal","tag-tribunal-superior-eleitoral","tag-tse"],"acf":[],"_links":{"self":[{"href":"https:\/\/sgpsolucoes.com.br\/site\/wp-json\/wp\/v2\/posts\/13418"}],"collection":[{"href":"https:\/\/sgpsolucoes.com.br\/site\/wp-json\/wp\/v2\/posts"}],"about":[{"href":"https:\/\/sgpsolucoes.com.br\/site\/wp-json\/wp\/v2\/types\/post"}],"author":[{"embeddable":true,"href":"https:\/\/sgpsolucoes.com.br\/site\/wp-json\/wp\/v2\/users\/5"}],"replies":[{"embeddable":true,"href":"https:\/\/sgpsolucoes.com.br\/site\/wp-json\/wp\/v2\/comments?post=13418"}],"version-history":[{"count":0,"href":"https:\/\/sgpsolucoes.com.br\/site\/wp-json\/wp\/v2\/posts\/13418\/revisions"}],"wp:attachment":[{"href":"https:\/\/sgpsolucoes.com.br\/site\/wp-json\/wp\/v2\/media?parent=13418"}],"wp:term":[{"taxonomy":"category","embeddable":true,"href":"https:\/\/sgpsolucoes.com.br\/site\/wp-json\/wp\/v2\/categories?post=13418"},{"taxonomy":"post_tag","embeddable":true,"href":"https:\/\/sgpsolucoes.com.br\/site\/wp-json\/wp\/v2\/tags?post=13418"}],"curies":[{"name":"wp","href":"https:\/\/api.w.org\/{rel}","templated":true}]}}