{"id":13437,"date":"2025-08-01T15:32:59","date_gmt":"2025-08-01T18:32:59","guid":{"rendered":"https:\/\/sgpsolucoes.com.br\/site\/?p=13437"},"modified":"2025-08-01T15:33:00","modified_gmt":"2025-08-01T18:33:00","slug":"rede-questiona-sorteio-para-aplicacao-de-cotas-raciais-em-processos-seletivos-publicos","status":"publish","type":"post","link":"https:\/\/sgpsolucoes.com.br\/site\/rede-questiona-sorteio-para-aplicacao-de-cotas-raciais-em-processos-seletivos-publicos\/","title":{"rendered":"Rede questiona sorteio para aplica\u00e7\u00e3o de cotas raciais em processos seletivos p\u00fablicos"},"content":{"rendered":"<p><em><strong>Para o partido, pr\u00e1tica nega direitos fundamentais e perpetua desigualdades<\/strong><\/em><\/p><p>O partido Rede Sustentabilidade questiona, no Supremo Tribunal Federal (STF), a ado\u00e7\u00e3o de sorteio para aplica\u00e7\u00e3o de cotas raciais em concursos p\u00fablicos e processos seletivos da Uni\u00e3o, de universidades e de outros \u00f3rg\u00e3os e entidades da administra\u00e7\u00e3o p\u00fablica federal. A Argui\u00e7\u00e3o de Descumprimento de Preceito Fundamental\u00a0<strong><a href=\"https:\/\/portal.stf.jus.br\/processos\/detalhe.asp?incidente=7324376\" target=\"_blank\" rel=\"noreferrer noopener\">(ADPF) 1245<\/a><\/strong>\u00a0foi distribu\u00edda ao ministro Fl\u00e1vio Dino.<\/p><p><img decoding=\"async\" src=\"https:\/\/noticias-stf-wp-prd.s3.sa-east-1.amazonaws.com\/wp-content\/uploads\/wpallimport\/uploads\/2025\/02\/19132140\/B47A5429-scaled.jpg\" alt=\"\"><em>Foto: Gustavo Moreno\/STF<\/em><\/p><p>A legisla\u00e7\u00e3o que trata da reserva de vagas (Lei 15.142\/2025) estabelece que as cotas devem ser aplicadas automaticamente quando h\u00e1 um n\u00famero m\u00ednimo de vagas por cargo \u2014 duas ou mais para cotas \u00e9tnico-raciais e cinco ou mais para pessoas com defici\u00eancia. Processos seletivos como o Concurso P\u00fablico Nacional Unificado (CNU) t\u00eam adotado a pr\u00e1tica de sorteio quando esse n\u00famero m\u00ednimo de vagas por cargo n\u00e3o \u00e9 alcan\u00e7ado, a fim de definir em quais cargos com poucas vagas haver\u00e1 a reserva.<\/p><p>O partido argumenta que, embora o Supremo tenha reafirmado a constitucionalidade dessas a\u00e7\u00f5es afirmativas e vedado qualquer retrocesso social, tem aumentado a utiliza\u00e7\u00e3o de sorteio para definir quais vagas ou especialidades ser\u00e3o contempladas com a reserva de cotas raciais. Segundo a Rede, essa pr\u00e1tica viola o direito de dupla porta de entrada, pois impede que candidatos negros, ind\u00edgenas e quilombolas concorram simultaneamente na ampla concorr\u00eancia e na reserva de vagas.<\/p><p>Na ADPF, o partido pede ao STF que suspenda a aplica\u00e7\u00e3o dos sorteios, inclusive os previstos no CNU, e determine \u00e0s institui\u00e7\u00f5es p\u00fablicas que apliquem as cotas raciais da Lei 15.142\/2025 de forma universal, garantindo a todos os benefici\u00e1rios das a\u00e7\u00f5es afirmativas o direito de dupla porta de entrada, independentemente da especialidade, \u00e1rea ou lota\u00e7\u00e3o.<\/p><p><strong>Fonte: STF<\/strong><\/p>\n    <div class=\"xs_social_share_widget xs_share_url after_content \t\tmain_content  wslu-style-1 wslu-share-box-shaped wslu-fill-colored wslu-none wslu-share-horizontal wslu-theme-font-no wslu-main_content\">\n\n\t\t\n        <ul>\n\t\t\t        <\/ul>\n    <\/div> \n","protected":false},"excerpt":{"rendered":"<p>O partido Rede Sustentabilidade questiona, no Supremo Tribunal Federal (STF), a ado\u00e7\u00e3o de sorteio para aplica\u00e7\u00e3o de cotas raciais em concursos p\u00fablicos e processos seletivos da Uni\u00e3o, de universidades e de outros \u00f3rg\u00e3os e entidades da administra\u00e7\u00e3o p\u00fablica federal. A Argui\u00e7\u00e3o de Descumprimento de Preceito Fundamental\u00a0(ADPF) 1245\u00a0foi distribu\u00edda ao ministro Fl\u00e1vio Dino.<\/p>\n","protected":false},"author":5,"featured_media":0,"comment_status":"open","ping_status":"open","sticky":false,"template":"","format":"standard","meta":{"postBodyCss":"","postBodyMargin":[],"postBodyPadding":[],"postBodyBackground":{"backgroundType":"classic","gradient":""},"_price":"","_stock":"","_tribe_ticket_header":"","_tribe_default_ticket_provider":"","_tribe_ticket_capacity":"0","_ticket_start_date":"","_ticket_end_date":"","_tribe_ticket_show_description":"","_tribe_ticket_show_not_going":false,"_tribe_ticket_use_global_stock":"","_tribe_ticket_global_stock_level":"","_global_stock_mode":"","_global_stock_cap":"","_tribe_rsvp_for_event":"","_tribe_ticket_going_count":"","_tribe_ticket_not_going_count":"","_tribe_tickets_list":"[]","_tribe_ticket_has_attendee_info_fields":false,"footnotes":""},"categories":[46],"tags":[382,13668,5618,4726,2209,1164,2411,2440,1631,13669,1837,3004,13667,13666,2384,13665,4995,537,347,348,1627,4770],"class_list":["post-13437","post","type-post","status-publish","format-standard","hentry","category-noticias","tag-administracao-publica-federal","tag-adpf-1245","tag-arguicao-de-descumprimento-de-preceito-fundamental","tag-concursos-publicos","tag-cotas","tag-cotas-raciais","tag-desigualdades","tag-direitos-fundamentais","tag-entidades","tag-lei-15-142-2025","tag-ministro-flavio-dino","tag-orgaos-2","tag-processos-seletivos","tag-processos-seletivos-publicos","tag-rede","tag-rede-sustentabilidade","tag-reserva-de-vagas","tag-sorteio","tag-stf","tag-supremo-tribunal-federal","tag-uniao","tag-universidades"],"acf":[],"_links":{"self":[{"href":"https:\/\/sgpsolucoes.com.br\/site\/wp-json\/wp\/v2\/posts\/13437"}],"collection":[{"href":"https:\/\/sgpsolucoes.com.br\/site\/wp-json\/wp\/v2\/posts"}],"about":[{"href":"https:\/\/sgpsolucoes.com.br\/site\/wp-json\/wp\/v2\/types\/post"}],"author":[{"embeddable":true,"href":"https:\/\/sgpsolucoes.com.br\/site\/wp-json\/wp\/v2\/users\/5"}],"replies":[{"embeddable":true,"href":"https:\/\/sgpsolucoes.com.br\/site\/wp-json\/wp\/v2\/comments?post=13437"}],"version-history":[{"count":0,"href":"https:\/\/sgpsolucoes.com.br\/site\/wp-json\/wp\/v2\/posts\/13437\/revisions"}],"wp:attachment":[{"href":"https:\/\/sgpsolucoes.com.br\/site\/wp-json\/wp\/v2\/media?parent=13437"}],"wp:term":[{"taxonomy":"category","embeddable":true,"href":"https:\/\/sgpsolucoes.com.br\/site\/wp-json\/wp\/v2\/categories?post=13437"},{"taxonomy":"post_tag","embeddable":true,"href":"https:\/\/sgpsolucoes.com.br\/site\/wp-json\/wp\/v2\/tags?post=13437"}],"curies":[{"name":"wp","href":"https:\/\/api.w.org\/{rel}","templated":true}]}}