{"id":13507,"date":"2025-08-05T12:12:49","date_gmt":"2025-08-05T15:12:49","guid":{"rendered":"https:\/\/sgpsolucoes.com.br\/site\/?p=13507"},"modified":"2025-08-05T12:12:50","modified_gmt":"2025-08-05T15:12:50","slug":"boletim-de-jurisprudencia-n-549-do-tcu","status":"publish","type":"post","link":"https:\/\/sgpsolucoes.com.br\/site\/boletim-de-jurisprudencia-n-549-do-tcu\/","title":{"rendered":"BOLETIM DE JURISPRUD\u00caNCIA N\u00b0 549 DO TCU"},"content":{"rendered":"<p>J\u00e1 est\u00e1 dispon\u00edvel o Boletim de Jurisprud\u00eancia n\u00b0 549&nbsp;do Tribunal de Contas da Uni\u00e3o, referente \u00e0s sess\u00f5es de 15 e 16 de julho de 2025.<\/p><p><strong>Confira nossos destaques:<\/strong><\/p><p><a href=\"https:\/\/contas.tcu.gov.br\/pesquisaJurisprudencia\/#\/detalhamento\/11\/%252a\/NUMACORDAO%253A1555%2520ANOACORDAO%253A2025%2520COLEGIADO%253A%2522Plen%25C3%25A1rio%2522\/DTRELEVANCIA%2520desc\/false\/1\"><strong>Ac\u00f3rd\u00e3o 1555\/2025 Plen\u00e1rio<\/strong><\/a><strong> <\/strong>(Recurso de Reconsidera\u00e7\u00e3o, Relator Ministro Aroldo Cedraz). Responsabilidade. D\u00e9bito. Prescri\u00e7\u00e3o. Interrup\u00e7\u00e3o. Concedente. Presta\u00e7\u00e3o de contas. Aprova\u00e7\u00e3o. Pretens\u00e3o punitiva.<\/p><p><a href=\"https:\/\/contas.tcu.gov.br\/pesquisaJurisprudencia\/#\/detalhamento\/11\/%252a\/NUMACORDAO%253A1564%2520ANOACORDAO%253A2025%2520COLEGIADO%253A%2522Plen%25C3%25A1rio%2522\/DTRELEVANCIA%2520desc\/false\/1\"><strong>Ac\u00f3rd\u00e3o 1564\/2025 Plen\u00e1rio<\/strong><\/a><strong> <\/strong>(Representa\u00e7\u00e3o, Relator Ministro Antonio Anastasia). Licita\u00e7\u00e3o. Registro de pre\u00e7os. Ata de registro de pre\u00e7os. Edital de licita\u00e7\u00e3o. Quantidade. Cota\u00e7\u00e3o. Parcialidade. Licitante. Desclassifica\u00e7\u00e3o.<\/p><p><a href=\"https:\/\/contas.tcu.gov.br\/pesquisaJurisprudencia\/#\/detalhamento\/11\/%252a\/NUMACORDAO%253A1571%2520ANOACORDAO%253A2025%2520COLEGIADO%253A%2522Plen%25C3%25A1rio%2522\/DTRELEVANCIA%2520desc\/false\/1\"><strong>Ac\u00f3rd\u00e3o 1571\/2025 Plen\u00e1rio<\/strong><\/a><strong> <\/strong>(Representa\u00e7\u00e3o, Relator Ministro-Substituto Augusto Sherman). Licita\u00e7\u00e3o. Preg\u00e3o. Princ\u00edpio da publicidade. Transpar\u00eancia. Sess\u00e3o. Suspens\u00e3o. Comunica\u00e7\u00e3o. Tempestividade. Preg\u00e3o eletr\u00f4nico.<\/p><p><a href=\"https:\/\/contas.tcu.gov.br\/pesquisaJurisprudencia\/#\/detalhamento\/11\/%252a\/NUMACORDAO%253A4640%2520ANOACORDAO%253A2025%2520COLEGIADO%253A%2522Primeira%2520C%25C3%25A2mara%2522\/DTRELEVANCIA%2520desc\/false\/1\"><strong>Ac\u00f3rd\u00e3o 4640\/2025 Primeira C\u00e2mara<\/strong><\/a><strong> <\/strong>(Tomada de Contas Especial, Relator Ministro-Substituto Augusto Sherman). Responsabilidade. SUS. D\u00e9bito. Fundo Nacional de Sa\u00fade. Recursos financeiros. Recebimento. Irregularidade. Multa. Agente p\u00fablico.<\/p><p><a href=\"https:\/\/contas.tcu.gov.br\/pesquisaJurisprudencia\/#\/detalhamento\/11\/%252a\/NUMACORDAO%253A4654%2520ANOACORDAO%253A2025%2520COLEGIADO%253A%2522Primeira%2520C%25C3%25A2mara%2522\/DTRELEVANCIA%2520desc\/false\/1\"><strong>Ac\u00f3rd\u00e3o 4654\/2025 Primeira C\u00e2mara<\/strong><\/a><strong> <\/strong>(Tomada de Contas Especial, Relator Ministro Walton Alencar Rodrigues). Responsabilidade. D\u00e9bito. Agente privado. Contratado. Empresa privada. Desconsidera\u00e7\u00e3o da personalidade jur\u00eddica.<\/p><p><a href=\"https:\/\/contas.tcu.gov.br\/pesquisaJurisprudencia\/#\/detalhamento\/11\/%252a\/NUMACORDAO%253A4665%2520ANOACORDAO%253A2025%2520COLEGIADO%253A%2522Primeira%2520C%25C3%25A2mara%2522\/DTRELEVANCIA%2520desc\/false\/1\"><strong>Ac\u00f3rd\u00e3o 4665\/2025 Primeira C\u00e2mara<\/strong><\/a><strong> <\/strong>(Tomada de Contas Especial, Relator Ministro Walton Alencar Rodrigues). Responsabilidade. D\u00e9bito. Prescri\u00e7\u00e3o. Prescri\u00e7\u00e3o intercorrente. Interrup\u00e7\u00e3o. Abrang\u00eancia. Fato. Apura\u00e7\u00e3o.<\/p><p><a href=\"https:\/\/contas.tcu.gov.br\/pesquisaJurisprudencia\/#\/detalhamento\/11\/%252a\/NUMACORDAO%253A4674%2520ANOACORDAO%253A2025%2520COLEGIADO%253A%2522Primeira%2520C%25C3%25A2mara%2522\/DTRELEVANCIA%2520desc\/false\/1\"><strong>Ac\u00f3rd\u00e3o 4674\/2025 Primeira C\u00e2mara<\/strong><\/a><strong> <\/strong>(Recurso de Reconsidera\u00e7\u00e3o, Relator Ministro Walton Alencar Rodrigues). Responsabilidade. D\u00e9bito. Prescri\u00e7\u00e3o. Termo inicial. Conv\u00eanio. Presta\u00e7\u00e3o de contas. Tomada de contas especial. Contratado.<\/p><p><a href=\"https:\/\/contas.tcu.gov.br\/pesquisaJurisprudencia\/#\/detalhamento\/11\/%252a\/NUMACORDAO%253A4126%2520ANOACORDAO%253A2025%2520COLEGIADO%253A%2522Segunda%2520C%25C3%25A2mara%2522\/DTRELEVANCIA%2520desc\/false\/1\"><strong>Ac\u00f3rd\u00e3o 4126\/2025 Segunda C\u00e2mara<\/strong><\/a><strong> <\/strong>(Tomada de Contas Especial, Relator Ministro Antonio Anastasia). Pessoal. Regime de dedica\u00e7\u00e3o exclusiva. Ressarcimento administrativo. Obrigatoriedade. Professor. Veda\u00e7\u00e3o. <\/p><p><strong>Acesse a \u00edntegra deste Boletim nos links abaixo:<\/strong><\/p><p><a href=\"https:\/\/contas.tcu.gov.br\/egestao\/ObterDocumentoSisdoc?codArqCatalogado=31776435\" target=\"_blank\" rel=\"noreferrer noopener\">vers\u00e3o PDF<\/a><\/p><p><a href=\"https:\/\/contas.tcu.gov.br\/egestao\/ObterDocumentoSisdoc?codArqCatalogado=31776435&amp;codVersao=1\" target=\"_blank\" rel=\"noreferrer noopener\">vers\u00e3o DOCX<\/a><\/p><p><strong>Fonte: TCU<\/strong><\/p>\n    <div class=\"xs_social_share_widget xs_share_url after_content \t\tmain_content  wslu-style-1 wslu-share-box-shaped wslu-fill-colored wslu-none wslu-share-horizontal wslu-theme-font-no wslu-main_content\">\n\n\t\t\n        <ul>\n\t\t\t        <\/ul>\n    <\/div> \n","protected":false},"excerpt":{"rendered":"<p>J\u00e1 est\u00e1 dispon\u00edvel o Boletim de Jurisprud\u00eancia n\u00b0 549\u00a0do Tribunal de Contas da Uni\u00e3o, referente \u00e0s sess\u00f5es de 15 e 16 de julho de 2025.<\/p>\n","protected":false},"author":5,"featured_media":0,"comment_status":"open","ping_status":"open","sticky":false,"template":"","format":"standard","meta":{"postBodyCss":"","postBodyMargin":[],"postBodyPadding":[],"postBodyBackground":{"backgroundType":"classic","gradient":""},"_price":"","_stock":"","_tribe_ticket_header":"","_tribe_default_ticket_provider":"","_tribe_ticket_capacity":"0","_ticket_start_date":"","_ticket_end_date":"","_tribe_ticket_show_description":"","_tribe_ticket_show_not_going":false,"_tribe_ticket_use_global_stock":"","_tribe_ticket_global_stock_level":"","_global_stock_mode":"","_global_stock_cap":"","_tribe_rsvp_for_event":"","_tribe_ticket_going_count":"","_tribe_ticket_not_going_count":"","_tribe_tickets_list":"[]","_tribe_ticket_has_attendee_info_fields":false,"footnotes":""},"categories":[46],"tags":[274,13805,445,258,450],"class_list":["post-13507","post","type-post","status-publish","format-standard","hentry","category-noticias","tag-boletim","tag-boletim-de-jurisprudencia-n-549-do-tcu","tag-jurisprudencia","tag-tcu","tag-tribunal-de-contas-da-uniao"],"acf":[],"_links":{"self":[{"href":"https:\/\/sgpsolucoes.com.br\/site\/wp-json\/wp\/v2\/posts\/13507"}],"collection":[{"href":"https:\/\/sgpsolucoes.com.br\/site\/wp-json\/wp\/v2\/posts"}],"about":[{"href":"https:\/\/sgpsolucoes.com.br\/site\/wp-json\/wp\/v2\/types\/post"}],"author":[{"embeddable":true,"href":"https:\/\/sgpsolucoes.com.br\/site\/wp-json\/wp\/v2\/users\/5"}],"replies":[{"embeddable":true,"href":"https:\/\/sgpsolucoes.com.br\/site\/wp-json\/wp\/v2\/comments?post=13507"}],"version-history":[{"count":0,"href":"https:\/\/sgpsolucoes.com.br\/site\/wp-json\/wp\/v2\/posts\/13507\/revisions"}],"wp:attachment":[{"href":"https:\/\/sgpsolucoes.com.br\/site\/wp-json\/wp\/v2\/media?parent=13507"}],"wp:term":[{"taxonomy":"category","embeddable":true,"href":"https:\/\/sgpsolucoes.com.br\/site\/wp-json\/wp\/v2\/categories?post=13507"},{"taxonomy":"post_tag","embeddable":true,"href":"https:\/\/sgpsolucoes.com.br\/site\/wp-json\/wp\/v2\/tags?post=13507"}],"curies":[{"name":"wp","href":"https:\/\/api.w.org\/{rel}","templated":true}]}}