{"id":13513,"date":"2025-08-05T12:33:25","date_gmt":"2025-08-05T15:33:25","guid":{"rendered":"https:\/\/sgpsolucoes.com.br\/site\/?p=13513"},"modified":"2025-08-05T12:33:26","modified_gmt":"2025-08-05T15:33:26","slug":"limitacao-geografica-em-licitacoes-deve-ter-justificativa-plausivel-afirma-tce-pr","status":"publish","type":"post","link":"https:\/\/sgpsolucoes.com.br\/site\/limitacao-geografica-em-licitacoes-deve-ter-justificativa-plausivel-afirma-tce-pr\/","title":{"rendered":"Limita\u00e7\u00e3o geogr\u00e1fica em licita\u00e7\u00f5es deve ter justificativa plaus\u00edvel, afirma TCE-PR"},"content":{"rendered":"<p>A fim de poder estabelecer cl\u00e1usulas de restri\u00e7\u00e3o geogr\u00e1fica para a participa\u00e7\u00e3o de empresas em licita\u00e7\u00f5es, \u00e9 necess\u00e1rio que os \u00f3rg\u00e3os p\u00fablicos demonstrem, de maneira justificada, a natureza peculiar do bem ou servi\u00e7o a ser adquirido ou que ser\u00e1 dado tratamento diferenciado para as micro e pequenas empresas locais ou regionais, conforme autorizado pelo Estatuto Nacional da&nbsp;ME e da EPP (Lei Complementar n\u00ba 123\/2006).<\/p><p>N\u00e3o foi o que ocorreu no Preg\u00e3o Eletr\u00f4nico n\u00ba 49\/2025, lan\u00e7ado pela Prefeitura de Santo Ant\u00f4nio da Platina com o objetivo de formar ata de registro de pre\u00e7os voltada \u00e0 eventual aquisi\u00e7\u00e3o de 270 baterias automotivas para a frota de autom\u00f3veis e ferramentas de jardinagem desse munic\u00edpio do Norte Pioneiro do Paran\u00e1, pelo valor m\u00e1ximo de R$ 182 mil.<\/p><p>A licita\u00e7\u00e3o foi suspensa por for\u00e7a de decis\u00e3o cautelar emitida pelo Tribunal de Contas do Estado (TCE-PR) em 25 de julho. Nessa data, o conselheiro Ivan Bonilha assinou despacho autorizando a medida, em atendimento a solicita\u00e7\u00e3o feita por meio de Representa\u00e7\u00e3o da Lei de Licita\u00e7\u00f5es proposta pelo advogado Fernando Symcha de Ara\u00fajo Mar\u00e7al Vieira.<\/p><p>Conforme o representante, o edital do certame previu, sem a apresenta\u00e7\u00e3o de qualquer justificativa legal ou t\u00e9cnica, a limita\u00e7\u00e3o geogr\u00e1fica de 30 quil\u00f4metros da sede do munic\u00edpio aos eventuais fornecedores, al\u00e9m do prazo de um dia para a entrega do material adquirido.<\/p><p><strong>Decis\u00e3o<\/strong><\/p><p>O relator do processo deu raz\u00e3o \u00e0 alega\u00e7\u00e3o do advogado. Segundo ele, a aquisi\u00e7\u00e3o de bens comuns como baterias automotivas, em cuja descri\u00e7\u00e3o n\u00e3o haja nenhuma particularidade que justifique a limita\u00e7\u00e3o geogr\u00e1fica, viola, entre outros princ\u00edpios e normas, o&nbsp;<a href=\"https:\/\/www1.tce.pr.gov.br\/conteudo\/prejulgado-n%C2%BA-27\/323698\/area\/242\">Prejulgado n\u00ba 27 do TCE-PR<\/a>, o qual trata da possibilidade de se restringir a participa\u00e7\u00e3o, em procedimentos licitat\u00f3rios, \u00e0s MEs e EPPs estabelecidas em certo local ou regi\u00e3o.<\/p><p>&#8220;Inexiste ind\u00edcios de que a \u00e1rea de abrang\u00eancia delimitada para a localiza\u00e7\u00e3o das empresas seja produto de estudo que demonstrou coer\u00eancia e razoabilidade na fixa\u00e7\u00e3o de tal per\u00edmetro. Ausente normativa local tratando de hip\u00f3teses de exclusividade de microempresas e empreses de pequeno porte, \u00e9 bastante plaus\u00edvel a hip\u00f3tese de que a indica\u00e7\u00e3o da dist\u00e2ncia foi, no m\u00ednimo, furtiva&#8221;, ponderou o conselheiro.<\/p><p>Al\u00e9m disso, Bonilha observou que a imposi\u00e7\u00e3o de limita\u00e7\u00e3o geogr\u00e1fica e a estipula\u00e7\u00e3o de prazo de apenas um dia para a entrega dos bens revelou a falta de planejamento por parte do munic\u00edpio. &#8220;Em vista disso, entendo que houve viola\u00e7\u00e3o aos princ\u00edpios da licita\u00e7\u00e3o, especialmente o da competitividade&#8221;, concluiu, ao determinar a imediata suspens\u00e3o do certame.<\/p><p>O Munic\u00edpio de Santo Ant\u00f4nio da Platina e seus representantes legais receberam um prazo de 15 dias para manifestarem-se a respeito da poss\u00edvel irregularidade apontada na medida cautelar. A decis\u00e3o monocr\u00e1tica do relator ser\u00e1 submetida \u00e0 homologa\u00e7\u00e3o pelo Tribunal Pleno. Caso n\u00e3o seja revogada, os efeitos da liminar perduram at\u00e9 que o colegiado decida sobre o m\u00e9rito do processo.<\/p><p><strong>Servi\u00e7o<\/strong><\/p><figure class=\"wp-block-table\"><table class=\"has-fixed-layout\"><tbody><tr><td><strong>Processo<\/strong>&nbsp;<strong>n\u00ba<\/strong>:<\/td><td>413686\/25<\/td><\/tr><tr><td><strong>Despacho n\u00ba<\/strong><\/td><td>1165\/25 &#8211; Gabinete do Conselheiro Ivan Bonilha<\/td><\/tr><tr><td><strong>Assunto<\/strong>:<\/td><td>Representa\u00e7\u00e3o da Lei de Licita\u00e7\u00f5es<\/td><\/tr><tr><td><strong>Entidade<\/strong>:<\/td><td>Munic\u00edpio de Santo Ant\u00f4nio da Platina<\/td><\/tr><tr><td><strong>Interessados<\/strong>:<\/td><td>Fernando Symcha de Ara\u00fajo Mar\u00e7al Vieira e Gilson de Jesus Esteves<\/td><\/tr><tr><td><strong>Relator<\/strong>:<\/td><td>Conselheiro Ivan Lelis Bonilha<\/td><\/tr><\/tbody><\/table><\/figure><p><strong>Fonte:&nbsp;TCE\/PR<\/strong><\/p>\n    <div class=\"xs_social_share_widget xs_share_url after_content \t\tmain_content  wslu-style-1 wslu-share-box-shaped wslu-fill-colored wslu-none wslu-share-horizontal wslu-theme-font-no wslu-main_content\">\n\n\t\t\n        <ul>\n\t\t\t        <\/ul>\n    <\/div> \n","protected":false},"excerpt":{"rendered":"<p>A fim de poder estabelecer cl\u00e1usulas de restri\u00e7\u00e3o geogr\u00e1fica para a participa\u00e7\u00e3o de empresas em licita\u00e7\u00f5es, \u00e9 necess\u00e1rio que os \u00f3rg\u00e3os p\u00fablicos demonstrem, de maneira justificada, a natureza peculiar do bem ou servi\u00e7o a ser adquirido ou que ser\u00e1 dado tratamento diferenciado para as micro e pequenas empresas locais ou regionais, conforme autorizado pelo Estatuto Nacional da\u00a0ME e da EPP (Lei Complementar n\u00ba 123\/2006).<\/p>\n","protected":false},"author":5,"featured_media":0,"comment_status":"open","ping_status":"open","sticky":false,"template":"","format":"standard","meta":{"postBodyCss":"","postBodyMargin":[],"postBodyPadding":[],"postBodyBackground":{"backgroundType":"classic","gradient":""},"_price":"","_stock":"","_tribe_ticket_header":"","_tribe_default_ticket_provider":"","_tribe_ticket_capacity":"0","_ticket_start_date":"","_ticket_end_date":"","_tribe_ticket_show_description":"","_tribe_ticket_show_not_going":false,"_tribe_ticket_use_global_stock":"","_tribe_ticket_global_stock_level":"","_global_stock_mode":"","_global_stock_cap":"","_tribe_rsvp_for_event":"","_tribe_ticket_going_count":"","_tribe_ticket_not_going_count":"","_tribe_tickets_list":"[]","_tribe_ticket_has_attendee_info_fields":false,"footnotes":""},"categories":[46],"tags":[7956,13814,387,13813,3598,13812,13811,13815,13807,12941,260,7050,6144,13321,1268,460,13810,2571,580,10341,499,6146,13809,2744,354,13808],"class_list":["post-13513","post","type-post","status-publish","format-standard","hentry","category-noticias","tag-ata-de-registro-de-precos-2","tag-baterias-automotivas","tag-bem","tag-empresa-de-pequeno-porte","tag-empresas","tag-estatuto-nacional","tag-ferramentas-de-jardinagem","tag-frota-de-automoveis","tag-justificativa-plausivel","tag-lei-complementar-no-123-2006","tag-licitacoes-3","tag-limitacao-geografica","tag-locais","tag-microempresa","tag-microempresas","tag-municipio-2","tag-natureza-peculiar","tag-orgaos-publicos","tag-pequenas-empresas","tag-prefeitura-de-santo-antonio-da-platina","tag-pregao-eletronico","tag-regionais","tag-restricao-geografica","tag-servico","tag-tce-pr","tag-tratamento-diferenciado"],"acf":[],"_links":{"self":[{"href":"https:\/\/sgpsolucoes.com.br\/site\/wp-json\/wp\/v2\/posts\/13513"}],"collection":[{"href":"https:\/\/sgpsolucoes.com.br\/site\/wp-json\/wp\/v2\/posts"}],"about":[{"href":"https:\/\/sgpsolucoes.com.br\/site\/wp-json\/wp\/v2\/types\/post"}],"author":[{"embeddable":true,"href":"https:\/\/sgpsolucoes.com.br\/site\/wp-json\/wp\/v2\/users\/5"}],"replies":[{"embeddable":true,"href":"https:\/\/sgpsolucoes.com.br\/site\/wp-json\/wp\/v2\/comments?post=13513"}],"version-history":[{"count":0,"href":"https:\/\/sgpsolucoes.com.br\/site\/wp-json\/wp\/v2\/posts\/13513\/revisions"}],"wp:attachment":[{"href":"https:\/\/sgpsolucoes.com.br\/site\/wp-json\/wp\/v2\/media?parent=13513"}],"wp:term":[{"taxonomy":"category","embeddable":true,"href":"https:\/\/sgpsolucoes.com.br\/site\/wp-json\/wp\/v2\/categories?post=13513"},{"taxonomy":"post_tag","embeddable":true,"href":"https:\/\/sgpsolucoes.com.br\/site\/wp-json\/wp\/v2\/tags?post=13513"}],"curies":[{"name":"wp","href":"https:\/\/api.w.org\/{rel}","templated":true}]}}