{"id":13557,"date":"2025-08-08T14:52:58","date_gmt":"2025-08-08T17:52:58","guid":{"rendered":"https:\/\/sgpsolucoes.com.br\/site\/?p=13557"},"modified":"2025-08-08T14:52:59","modified_gmt":"2025-08-08T17:52:59","slug":"stf-edicao-n-341-do-boletim-repercussao-geral-em-pauta","status":"publish","type":"post","link":"https:\/\/sgpsolucoes.com.br\/site\/stf-edicao-n-341-do-boletim-repercussao-geral-em-pauta\/","title":{"rendered":"STF: edi\u00e7\u00e3o n\u00b0 341 do Boletim Repercuss\u00e3o Geral \u2013 em pauta"},"content":{"rendered":"<p>O N\u00facleo de Gerenciamento de Precedentes do Supremo Tribunal Federal encaminha a&nbsp;edi\u00e7\u00e3o n\u00b0 341 do Boletim Repercuss\u00e3o Geral \u2013 em pauta, de 1\u00b0 de julho a 5 de agosto de 2025.<\/p><p>Acesse a \u00edntegra deste Boletim no link abaixo:<\/p><p><a href=\"http:\/\/www.stf.jus.br\/arquivo\/cms\/newsletterInformativoRG\/anexo\/Edio341.pdf\" target=\"_blank\" rel=\"noreferrer noopener\">Edi\u00e7\u00e3o n\u00ba 341 do Boletim Repercuss\u00e3o Geral \u2013 em pauta<\/a><\/p><p><strong>Fonte: STF<\/strong><\/p>\n    <div class=\"xs_social_share_widget xs_share_url after_content \t\tmain_content  wslu-style-1 wslu-share-box-shaped wslu-fill-colored wslu-none wslu-share-horizontal wslu-theme-font-no wslu-main_content\">\n\n\t\t\n        <ul>\n\t\t\t        <\/ul>\n    <\/div> \n","protected":false},"excerpt":{"rendered":"<p>O N\u00facleo de Gerenciamento de Precedentes do Supremo Tribunal Federal encaminha a&nbsp;edi\u00e7\u00e3o n\u00b0 341 do Boletim Repercuss\u00e3o Geral \u2013 em pauta, de 1\u00b0 de julho a 5 de agosto de 2025. Acesse a \u00edntegra deste Boletim no link abaixo: Edi\u00e7\u00e3o n\u00ba 341 do Boletim Repercuss\u00e3o Geral \u2013 em pauta Fonte: STF<\/p>\n","protected":false},"author":5,"featured_media":0,"comment_status":"open","ping_status":"open","sticky":false,"template":"","format":"standard","meta":{"postBodyCss":"","postBodyMargin":[],"postBodyPadding":[],"postBodyBackground":{"backgroundType":"classic","gradient":""},"_price":"","_stock":"","_tribe_ticket_header":"","_tribe_default_ticket_provider":"","_tribe_ticket_capacity":"0","_ticket_start_date":"","_ticket_end_date":"","_tribe_ticket_show_description":"","_tribe_ticket_show_not_going":false,"_tribe_ticket_use_global_stock":"","_tribe_ticket_global_stock_level":"","_global_stock_mode":"","_global_stock_cap":"","_tribe_rsvp_for_event":"","_tribe_ticket_going_count":"","_tribe_ticket_not_going_count":"","_tribe_tickets_list":"[]","_tribe_ticket_has_attendee_info_fields":false,"footnotes":""},"categories":[46],"tags":[274,5725,13853,3777,3243,1731,347,348],"class_list":["post-13557","post","type-post","status-publish","format-standard","hentry","category-noticias","tag-boletim","tag-boletim-repercussao-geral","tag-edicao-n-341","tag-em-pauta","tag-nucleo-de-gerenciamento-de-precedentes","tag-repercussao-geral","tag-stf","tag-supremo-tribunal-federal"],"acf":[],"_links":{"self":[{"href":"https:\/\/sgpsolucoes.com.br\/site\/wp-json\/wp\/v2\/posts\/13557"}],"collection":[{"href":"https:\/\/sgpsolucoes.com.br\/site\/wp-json\/wp\/v2\/posts"}],"about":[{"href":"https:\/\/sgpsolucoes.com.br\/site\/wp-json\/wp\/v2\/types\/post"}],"author":[{"embeddable":true,"href":"https:\/\/sgpsolucoes.com.br\/site\/wp-json\/wp\/v2\/users\/5"}],"replies":[{"embeddable":true,"href":"https:\/\/sgpsolucoes.com.br\/site\/wp-json\/wp\/v2\/comments?post=13557"}],"version-history":[{"count":0,"href":"https:\/\/sgpsolucoes.com.br\/site\/wp-json\/wp\/v2\/posts\/13557\/revisions"}],"wp:attachment":[{"href":"https:\/\/sgpsolucoes.com.br\/site\/wp-json\/wp\/v2\/media?parent=13557"}],"wp:term":[{"taxonomy":"category","embeddable":true,"href":"https:\/\/sgpsolucoes.com.br\/site\/wp-json\/wp\/v2\/categories?post=13557"},{"taxonomy":"post_tag","embeddable":true,"href":"https:\/\/sgpsolucoes.com.br\/site\/wp-json\/wp\/v2\/tags?post=13557"}],"curies":[{"name":"wp","href":"https:\/\/api.w.org\/{rel}","templated":true}]}}