{"id":13567,"date":"2025-08-08T15:53:08","date_gmt":"2025-08-08T18:53:08","guid":{"rendered":"https:\/\/sgpsolucoes.com.br\/site\/?p=13567"},"modified":"2025-08-08T15:53:09","modified_gmt":"2025-08-08T18:53:09","slug":"tribunal-multa-medico-por-acumulacao-ilicita-de-cargo-na-regiao-sul-mineira","status":"publish","type":"post","link":"https:\/\/sgpsolucoes.com.br\/site\/tribunal-multa-medico-por-acumulacao-ilicita-de-cargo-na-regiao-sul-mineira\/","title":{"rendered":"Tribunal multa m\u00e9dico por acumula\u00e7\u00e3o il\u00edcita de cargo na regi\u00e3o sul-mineira"},"content":{"rendered":"<p>O colegiado da Primeira C\u00e2mara do Tribunal de Contas de Minas decidiu por unanimidade, nesta ter\u00e7a-feira (05\/08), multar o m\u00e9dico Paulo Guilherme de Barros em R$15 mil por ac\u00famulo indevido de cargos p\u00fablicos em tr\u00eas cidades mineiras.<\/p><p>O Tribunal detectou a irregularidade por meio de sua malha eletr\u00f4nica, que constatou dois v\u00ednculos do m\u00e9dico com a prefeitura de S\u00e3o Gon\u00e7alo do Sapuca\u00ed, um com a prefeitura de Cordisl\u00e2ndia e outro com a prefeitura de Turvol\u00e2ndia, localizadas na regi\u00e3o sul-mineira, totalizando 100 (cem) horas semanais de trabalho.<\/p><p>A Constitui\u00e7\u00e3o da Rep\u00fablica de 1988, segundo justificativa do TCE, veda expressamente o ac\u00famulo remunerado de cargos p\u00fablicos, salvo as exce\u00e7\u00f5es previstas em seu art. 37, entre elas, a de dois cargos de professor; a de um cargo de professor com outro t\u00e9cnico ou cient\u00edfico; a de dois cargos ou empregos privativos de profissionais de sa\u00fade, com profiss\u00f5es regulamentadas; no caso de haver compatibilidade de hor\u00e1rios.<\/p><p>Dessa forma, a Corte de Contas confirmou o entendimento do relator do processo, autuado sob o n. 1092666, conselheiro Agostinho Patrus, que, al\u00e9m de considerar irregular a acumula\u00e7\u00e3o e de multar o m\u00e9dico, fez recomenda\u00e7\u00f5es aos atuais prefeitos dos munic\u00edpios envolvidos para que adotem, em futuras admiss\u00f5es de pessoal, especialmente na \u00e1rea da sa\u00fade, \u201cmaior cautela na confer\u00eancia e apura\u00e7\u00e3o dos v\u00ednculos p\u00fablicos ativos dos servidores que ingressar\u00e3o em seus respectivos quadros de pessoal\u201d, mediante consulta ao Cadastro de Agentes P\u00fablicos do Estado e dos Munic\u00edpios de Minas Gerais (CAPMG)\u201d.<\/p><p>Recomendou ainda que seja realizado o controle acerca da n\u00e3o acumula\u00e7\u00e3o irregular de cargos, empregos e fun\u00e7\u00f5es, de forma peri\u00f3dica, al\u00e9m de que seja controlada com maior rigor a frequ\u00eancia e a folha de ponto dos servidores, adotando-se preferencialmente o ponto eletr\u00f4nico.<\/p><p><strong>Fonte: TCE-MG<\/strong><\/p>\n    <div class=\"xs_social_share_widget xs_share_url after_content \t\tmain_content  wslu-style-1 wslu-share-box-shaped wslu-fill-colored wslu-none wslu-share-horizontal wslu-theme-font-no wslu-main_content\">\n\n\t\t\n        <ul>\n\t\t\t        <\/ul>\n    <\/div> \n","protected":false},"excerpt":{"rendered":"<p>O colegiado da Primeira C\u00e2mara do Tribunal de Contas de Minas decidiu por unanimidade, nesta ter\u00e7a-feira (05\/08), multar o m\u00e9dico Paulo Guilherme de Barros em R$15 mil por ac\u00famulo indevido de cargos p\u00fablicos em tr\u00eas cidades mineiras.<\/p>\n","protected":false},"author":5,"featured_media":0,"comment_status":"open","ping_status":"open","sticky":false,"template":"","format":"standard","meta":{"postBodyCss":"","postBodyMargin":[],"postBodyPadding":[],"postBodyBackground":{"backgroundType":"classic","gradient":""},"_price":"","_stock":"","_tribe_ticket_header":"","_tribe_default_ticket_provider":"","_tribe_ticket_capacity":"0","_ticket_start_date":"","_ticket_end_date":"","_tribe_ticket_show_description":"","_tribe_ticket_show_not_going":false,"_tribe_ticket_use_global_stock":"","_tribe_ticket_global_stock_level":"","_global_stock_mode":"","_global_stock_cap":"","_tribe_rsvp_for_event":"","_tribe_ticket_going_count":"","_tribe_ticket_not_going_count":"","_tribe_tickets_list":"[]","_tribe_ticket_has_attendee_info_fields":false,"footnotes":""},"categories":[46],"tags":[10397,6692,1035,2532,1051,4609,291,13861,678,13860,13862,597,7049,1043],"class_list":["post-13567","post","type-post","status-publish","format-standard","hentry","category-noticias","tag-acumulacao-ilicita","tag-acumulo-indevido","tag-cargo","tag-cargos-publicos","tag-colegiado","tag-medico","tag-multa","tag-paulo-guilherme-de-barros","tag-primeira-camara","tag-regiao-sul-mineira","tag-tres-cidades-mineiras","tag-tribunal","tag-tribunal-de-contas-de-minas","tag-unanimidade"],"acf":[],"_links":{"self":[{"href":"https:\/\/sgpsolucoes.com.br\/site\/wp-json\/wp\/v2\/posts\/13567"}],"collection":[{"href":"https:\/\/sgpsolucoes.com.br\/site\/wp-json\/wp\/v2\/posts"}],"about":[{"href":"https:\/\/sgpsolucoes.com.br\/site\/wp-json\/wp\/v2\/types\/post"}],"author":[{"embeddable":true,"href":"https:\/\/sgpsolucoes.com.br\/site\/wp-json\/wp\/v2\/users\/5"}],"replies":[{"embeddable":true,"href":"https:\/\/sgpsolucoes.com.br\/site\/wp-json\/wp\/v2\/comments?post=13567"}],"version-history":[{"count":0,"href":"https:\/\/sgpsolucoes.com.br\/site\/wp-json\/wp\/v2\/posts\/13567\/revisions"}],"wp:attachment":[{"href":"https:\/\/sgpsolucoes.com.br\/site\/wp-json\/wp\/v2\/media?parent=13567"}],"wp:term":[{"taxonomy":"category","embeddable":true,"href":"https:\/\/sgpsolucoes.com.br\/site\/wp-json\/wp\/v2\/categories?post=13567"},{"taxonomy":"post_tag","embeddable":true,"href":"https:\/\/sgpsolucoes.com.br\/site\/wp-json\/wp\/v2\/tags?post=13567"}],"curies":[{"name":"wp","href":"https:\/\/api.w.org\/{rel}","templated":true}]}}