{"id":13570,"date":"2025-08-08T15:57:00","date_gmt":"2025-08-08T18:57:00","guid":{"rendered":"https:\/\/sgpsolucoes.com.br\/site\/?p=13570"},"modified":"2025-08-08T15:57:02","modified_gmt":"2025-08-08T18:57:02","slug":"tribunal-pleno-suspende-clausulas-que-estabelecem-cobranca-sobre-novas-adesoes-em-atas-de-registro-de-preco","status":"publish","type":"post","link":"https:\/\/sgpsolucoes.com.br\/site\/tribunal-pleno-suspende-clausulas-que-estabelecem-cobranca-sobre-novas-adesoes-em-atas-de-registro-de-preco\/","title":{"rendered":"Tribunal Pleno suspende cl\u00e1usulas que estabelecem cobran\u00e7a sobre novas ades\u00f5es em Atas de Registro de Pre\u00e7o"},"content":{"rendered":"<p class=\"has-text-align-center\"><em><strong>Cidade de Jana\u00faba, na regi\u00e3o norte-mineira, sede do Cons\u00f3rcio de Munic\u00edpios Uni\u00e3o da Serra Geral<\/strong><\/em><\/p><p>Na sess\u00e3o desta \u00faltima quarta-feira (06\/08), o Tribunal Pleno da Corte de Contas mineira determinou a suspens\u00e3o das cl\u00e1usulas que estabelecem cobran\u00e7a de percentual sobre novas ades\u00f5es \u201ccaronas\u201d nas Atas de Registro de Pre\u00e7os 25\/2024, 19\/2024, 20\/2024, 26\/2024,21\/2024, 23\/2024 e 24\/2024, bem como em outras que porventura estiverem vigentes e que prevejam a referida cobran\u00e7a, at\u00e9 que a mat\u00e9ria seja devidamente deliberada pelo Tribunal.<\/p><p>A determina\u00e7\u00e3o teve fundamento na decis\u00e3o da Segunda C\u00e2mara, que na sess\u00e3o do dia 17\/12\/24, por unanimidade, considerou irregular a imposi\u00e7\u00e3o do pagamento de percentual&nbsp; sobre o valor da contrata\u00e7\u00e3o celebrada com entes \u201ccaronas\u201d \u00e0 contratada, por parte do Cons\u00f3rcio Multifinalit\u00e1rio Intermunicipal de Desenvolvimento Sustent\u00e1vel da Microrregi\u00e3o da Serra Geral de Minas (Uni\u00e3o da Serra Geral), no processo de representa\u00e7\u00e3o n. 1192213.<\/p><p>Segundo o relator do processo, conselheiro em exerc\u00edcio Telmo Passareli, custos adicionais, posteriores e incertos tendem a aumentar o valor da proposta no procedimento do registro de pre\u00e7os, prejudicando a vantajosidade, e, consequentemente, os pr\u00f3prios munic\u00edpios. Refor\u00e7a o relator que a previs\u00e3o de percentual sobre as ades\u00f5es permite que a contratada se beneficie de maior visibilidade e facilidade na contrata\u00e7\u00e3o por outros entes e que o cons\u00f3rcio, sem contrapartida relevante, perceba vantagem econ\u00f4mica decorrente das \u201ccaronas\u201d.<\/p><p>Dessa forma, nesta \u00faltima quarta-feira, em medida cautelar, o colegiado Pleno, sob a presid\u00eancia do conselheiro Durval \u00c2ngelo, determinou \u00e0 Secretaria que se intimem, em car\u00e1ter,&nbsp;de urg\u00eancia, o Presidente do Cons\u00f3rcio Uni\u00e3o da Serra Geral, Ricardo da Silva Paz, e a unidade t\u00e9cnica representante, acerca da decis\u00e3o a fim de que sejam adotadas as medidas&nbsp;necess\u00e1rias para aprecia\u00e7\u00e3o imediata da decis\u00e3o monocr\u00e1tica pelo colegiado competente, nos termos do Regimento Interno.<\/p><p>Determinou, ainda, que seja informado ao Tribunal, no prazo de 5 dias, a exist\u00eancia\/vig\u00eancia de outras atas de registro de pre\u00e7os que possuam a mesma determina\u00e7\u00e3o, al\u00e9m de advertir o respons\u00e1vel de que o n\u00e3o cumprimento da exig\u00eancia, no prazo fixado, acarretar\u00e1 a aplica\u00e7\u00e3o de multa no valor de R$ 5.000,00, em conson\u00e2ncia com a Lei Org\u00e2nica.&nbsp;<\/p><p><strong>Fonte: TCE-MG<\/strong><\/p>\n    <div class=\"xs_social_share_widget xs_share_url after_content \t\tmain_content  wslu-style-1 wslu-share-box-shaped wslu-fill-colored wslu-none wslu-share-horizontal wslu-theme-font-no wslu-main_content\">\n\n\t\t\n        <ul>\n\t\t\t        <\/ul>\n    <\/div> \n","protected":false},"excerpt":{"rendered":"<p>Na sess\u00e3o desta \u00faltima quarta-feira (06\/08), o Tribunal Pleno da Corte de Contas mineira determinou a suspens\u00e3o das cl\u00e1usulas que estabelecem cobran\u00e7a de percentual sobre novas ades\u00f5es \u201ccaronas\u201d nas Atas de Registro de Pre\u00e7os 25\/2024, 19\/2024, 20\/2024, 26\/2024,21\/2024, 23\/2024 e 24\/2024, bem como em outras que porventura estiverem vigentes e que prevejam a referida cobran\u00e7a, at\u00e9 que a mat\u00e9ria seja devidamente deliberada pelo Tribunal.<\/p>\n","protected":false},"author":5,"featured_media":0,"comment_status":"open","ping_status":"open","sticky":false,"template":"","format":"standard","meta":{"postBodyCss":"","postBodyMargin":[],"postBodyPadding":[],"postBodyBackground":{"backgroundType":"classic","gradient":""},"_price":"","_stock":"","_tribe_ticket_header":"","_tribe_default_ticket_provider":"","_tribe_ticket_capacity":"0","_ticket_start_date":"","_ticket_end_date":"","_tribe_ticket_show_description":"","_tribe_ticket_show_not_going":false,"_tribe_ticket_use_global_stock":"","_tribe_ticket_global_stock_level":"","_global_stock_mode":"","_global_stock_cap":"","_tribe_rsvp_for_event":"","_tribe_ticket_going_count":"","_tribe_ticket_not_going_count":"","_tribe_tickets_list":"[]","_tribe_ticket_has_attendee_info_fields":false,"footnotes":""},"categories":[46],"tags":[6029,7956,3417,13313,13863,737,1383,13865,13866,13869,13868,13867,13864,361,6445],"class_list":["post-13570","post","type-post","status-publish","format-standard","hentry","category-noticias","tag-adesoes","tag-ata-de-registro-de-precos-2","tag-atas-de-registro-de-precos","tag-caronas","tag-cidade-de-janauba","tag-clausulas","tag-cobranca","tag-cobranca-de-percentual","tag-consorcio-de-municipios-uniao-da-serra-geral","tag-corte-de-contas-mineira","tag-novas-adesoes","tag-regiao-norte-mineira","tag-suspende-clausulas","tag-tce-mg","tag-tribunal-pleno"],"acf":[],"_links":{"self":[{"href":"https:\/\/sgpsolucoes.com.br\/site\/wp-json\/wp\/v2\/posts\/13570"}],"collection":[{"href":"https:\/\/sgpsolucoes.com.br\/site\/wp-json\/wp\/v2\/posts"}],"about":[{"href":"https:\/\/sgpsolucoes.com.br\/site\/wp-json\/wp\/v2\/types\/post"}],"author":[{"embeddable":true,"href":"https:\/\/sgpsolucoes.com.br\/site\/wp-json\/wp\/v2\/users\/5"}],"replies":[{"embeddable":true,"href":"https:\/\/sgpsolucoes.com.br\/site\/wp-json\/wp\/v2\/comments?post=13570"}],"version-history":[{"count":0,"href":"https:\/\/sgpsolucoes.com.br\/site\/wp-json\/wp\/v2\/posts\/13570\/revisions"}],"wp:attachment":[{"href":"https:\/\/sgpsolucoes.com.br\/site\/wp-json\/wp\/v2\/media?parent=13570"}],"wp:term":[{"taxonomy":"category","embeddable":true,"href":"https:\/\/sgpsolucoes.com.br\/site\/wp-json\/wp\/v2\/categories?post=13570"},{"taxonomy":"post_tag","embeddable":true,"href":"https:\/\/sgpsolucoes.com.br\/site\/wp-json\/wp\/v2\/tags?post=13570"}],"curies":[{"name":"wp","href":"https:\/\/api.w.org\/{rel}","templated":true}]}}