{"id":13573,"date":"2025-08-08T16:03:34","date_gmt":"2025-08-08T19:03:34","guid":{"rendered":"https:\/\/sgpsolucoes.com.br\/site\/?p=13573"},"modified":"2025-08-08T16:03:35","modified_gmt":"2025-08-08T19:03:35","slug":"exigencia-de-prazo-em-laudos-laboratoriais-para-licitacoes-deve-ser-fundamentada","status":"publish","type":"post","link":"https:\/\/sgpsolucoes.com.br\/site\/exigencia-de-prazo-em-laudos-laboratoriais-para-licitacoes-deve-ser-fundamentada\/","title":{"rendered":"Exig\u00eancia de prazo em laudos laboratoriais para licita\u00e7\u00f5es deve ser fundamentada"},"content":{"rendered":"<p>A exig\u00eancia da apresenta\u00e7\u00e3o de laudos laboratoriais com prazo m\u00e1ximo de validade em licita\u00e7\u00f5es promovidas pela administra\u00e7\u00e3o p\u00fablica constitui medida excepcional que somente pode ser adotada mediante justificativa fundamentada, a fim de evitar a imposi\u00e7\u00e3o de custos desnecess\u00e1rios \u00e0s participantes nas disputas.<\/p><p>Este foi o conte\u00fado da recomenda\u00e7\u00e3o emitida pelo Pleno do Tribunal de Contas do Estado do Paran\u00e1 (TCE-PR) ao Munic\u00edpio de Londrina, a qual deve ser seguida pelo ente nos futuros procedimentos licitat\u00f3rios que este organizar.<\/p><p>A decis\u00e3o foi tomada pelos conselheiros ao julgarem procedente Representa\u00e7\u00e3o da Lei de Licita\u00e7\u00f5es formulada por uma das interessadas no Preg\u00e3o Presencial n\u00ba 185\/2024, o qual teve como objetivo a aquisi\u00e7\u00e3o de uniformes escolares por parte da prefeitura.<\/p><p><strong>Representa\u00e7\u00e3o<\/strong><\/p><p>Ao analisar o caso, o relator do processo, conselheiro Ivan Bonilha, deu provimento \u00e0 argumenta\u00e7\u00e3o da representante no que diz respeito \u00e0 exig\u00eancia, contida no edital da licita\u00e7\u00e3o, de que os laudos laboratoriais dos produtos deveriam ter data de emiss\u00e3o de at\u00e9 180 dias antes da data de apresenta\u00e7\u00e3o das propostas.<\/p><p>Segundo ele, tal obrigatoriedade violou a S\u00famula 272 do Tribunal de Contas da Uni\u00e3o (TCU), que pro\u00edbe a imposi\u00e7\u00e3o, nos editais de licita\u00e7\u00e3o,&nbsp;de exig\u00eancias de habilita\u00e7\u00e3o e de quesitos de pontua\u00e7\u00e3o t\u00e9cnica que demandem das participantes dos certames o custeio de valores que n\u00e3o sejam necess\u00e1rios anteriormente \u00e0 celebra\u00e7\u00e3o dos contratos.<\/p><p>Al\u00e9m disso, Bonilha destacou que o Instituto Nacional de Metrologia, Qualidade e Tecnologia (Inmetro), \u00f3rg\u00e3o federal respons\u00e1vel pelo credenciamento de unidades acreditadas para an\u00e1lise de amostras, n\u00e3o prev\u00ea prazo de validade para testes laboratoriais e &#8220;que as normas que regem a realiza\u00e7\u00e3o dos referidos testes tamb\u00e9m s\u00e3o omissas quanto a prazo de validade&#8221;.<\/p><p>No entanto, o relator deixou de aplicar multa administrativa aos respons\u00e1veis em raz\u00e3o da demonstra\u00e7\u00e3o de que, apesar de potencialmente restritiva, a cl\u00e1usula edital\u00edcia n\u00e3o causou preju\u00edzo ao munic\u00edpio, j\u00e1 que cerca de 30 fornecedores participaram do preg\u00e3o presencial, tendo o certame resultado na aquisi\u00e7\u00e3o dos uniformes escolares por menos da metade do pre\u00e7o m\u00e1ximo inicialmente previsto.<\/p><p><strong>Decis\u00e3o<\/strong><\/p><p>Em seu voto, o conselheiro seguiu o mesmo entendimento contido na instru\u00e7\u00e3o da ent\u00e3o Coordenadoria de Gest\u00e3o Municipal (CGM) do TCE-PR e no parecer do Minist\u00e9rio P\u00fablico de Contas (MPC-PR) a respeito do caso.<\/p><p>Os demais membros do \u00f3rg\u00e3o colegiado da Corte acompanharam, de forma un\u00e2nime, o voto do relator na Sess\u00e3o de Plen\u00e1rio Virtual n\u00ba 13\/2025, conclu\u00edda em 17 de julho. Cabe recurso contra a decis\u00e3o contida no Ac\u00f3rd\u00e3o n\u00ba 1832\/25 &#8211; Tribunal Pleno, publicada no dia 24 do mesmo m\u00eas na&nbsp;<a href=\"https:\/\/www1.tce.pr.gov.br\/conteudo\/diario-eletronico-3490-2025-de-24-de-julho-de-2025\/364072\/area\/10\">edi\u00e7\u00e3o n\u00ba 3.490 do Di\u00e1rio Eletr\u00f4nico do TCE-PR<\/a>.<\/p><p><strong>Servi\u00e7o<\/strong><\/p><figure class=\"wp-block-table\"><table class=\"has-fixed-layout\"><tbody><tr><td><strong>Processo<\/strong>&nbsp;<strong>n\u00ba<\/strong>:<\/td><td>681288\/24<\/td><\/tr><tr><td><strong>Ac\u00f3rd\u00e3o n\u00ba<\/strong><\/td><td>1832\/25 &#8211; Tribunal Pleno<\/td><\/tr><tr><td><strong>Assunto<\/strong>:<\/td><td>Representa\u00e7\u00e3o da Lei de Licita\u00e7\u00f5es<\/td><\/tr><tr><td><strong>Entidade<\/strong>:<\/td><td>Munic\u00edpio de Londrina<\/td><\/tr><tr><td><strong>Interessados<\/strong>:<\/td><td>Esta\u00e7\u00e3o do Conhecimento Com\u00e9rcio de Cal\u00e7ados e Confec\u00e7\u00f5es Ltda., Lucia Helena Gil e Marcelo Belinati Martins<\/td><\/tr><tr><td><strong>Relator<\/strong>:<\/td><td>Conselheiro Ivan Lelis Bonilha<\/td><\/tr><\/tbody><\/table><\/figure><p><strong>Fonte:&nbsp;TCE\/PR<\/strong><\/p>\n    <div class=\"xs_social_share_widget xs_share_url after_content \t\tmain_content  wslu-style-1 wslu-share-box-shaped wslu-fill-colored wslu-none wslu-share-horizontal wslu-theme-font-no wslu-main_content\">\n\n\t\t\n        <ul>\n\t\t\t        <\/ul>\n    <\/div> \n","protected":false},"excerpt":{"rendered":"<p>A exig\u00eancia da apresenta\u00e7\u00e3o de laudos laboratoriais com prazo m\u00e1ximo de validade em licita\u00e7\u00f5es promovidas pela administra\u00e7\u00e3o p\u00fablica constitui medida excepcional que somente pode ser adotada mediante justificativa fundamentada, a fim de evitar a imposi\u00e7\u00e3o de custos desnecess\u00e1rios \u00e0s participantes nas disputas.<\/p>\n","protected":false},"author":5,"featured_media":0,"comment_status":"open","ping_status":"open","sticky":false,"template":"","format":"standard","meta":{"postBodyCss":"","postBodyMargin":[],"postBodyPadding":[],"postBodyBackground":{"backgroundType":"classic","gradient":""},"_price":"","_stock":"","_tribe_ticket_header":"","_tribe_default_ticket_provider":"","_tribe_ticket_capacity":"0","_ticket_start_date":"","_ticket_end_date":"","_tribe_ticket_show_description":"","_tribe_ticket_show_not_going":false,"_tribe_ticket_use_global_stock":"","_tribe_ticket_global_stock_level":"","_global_stock_mode":"","_global_stock_cap":"","_tribe_rsvp_for_event":"","_tribe_ticket_going_count":"","_tribe_ticket_not_going_count":"","_tribe_tickets_list":"[]","_tribe_ticket_has_attendee_info_fields":false,"footnotes":""},"categories":[46],"tags":[129,13875,7947,13872,13873,13874,1136,13871,260,3577,13876,4053,1199,663,13870,6382,354,356,1364],"class_list":["post-13573","post","type-post","status-publish","format-standard","hentry","category-noticias","tag-administracao-publica","tag-custos-desnecessarios","tag-disputas","tag-exigencia","tag-fundamentada","tag-justificativa-fundamentada","tag-laudos","tag-laudos-laboratoriais","tag-licitacoes-3","tag-medida-excepcional","tag-municipio-de-londrina","tag-participantes","tag-pleno","tag-prazo","tag-prazo-maximo","tag-procedimentos-licitatorios","tag-tce-pr","tag-tribunal-de-contas-do-estado-do-parana","tag-validade"],"acf":[],"_links":{"self":[{"href":"https:\/\/sgpsolucoes.com.br\/site\/wp-json\/wp\/v2\/posts\/13573"}],"collection":[{"href":"https:\/\/sgpsolucoes.com.br\/site\/wp-json\/wp\/v2\/posts"}],"about":[{"href":"https:\/\/sgpsolucoes.com.br\/site\/wp-json\/wp\/v2\/types\/post"}],"author":[{"embeddable":true,"href":"https:\/\/sgpsolucoes.com.br\/site\/wp-json\/wp\/v2\/users\/5"}],"replies":[{"embeddable":true,"href":"https:\/\/sgpsolucoes.com.br\/site\/wp-json\/wp\/v2\/comments?post=13573"}],"version-history":[{"count":0,"href":"https:\/\/sgpsolucoes.com.br\/site\/wp-json\/wp\/v2\/posts\/13573\/revisions"}],"wp:attachment":[{"href":"https:\/\/sgpsolucoes.com.br\/site\/wp-json\/wp\/v2\/media?parent=13573"}],"wp:term":[{"taxonomy":"category","embeddable":true,"href":"https:\/\/sgpsolucoes.com.br\/site\/wp-json\/wp\/v2\/categories?post=13573"},{"taxonomy":"post_tag","embeddable":true,"href":"https:\/\/sgpsolucoes.com.br\/site\/wp-json\/wp\/v2\/tags?post=13573"}],"curies":[{"name":"wp","href":"https:\/\/api.w.org\/{rel}","templated":true}]}}