{"id":13595,"date":"2025-08-08T16:40:10","date_gmt":"2025-08-08T19:40:10","guid":{"rendered":"https:\/\/sgpsolucoes.com.br\/site\/?p=13595"},"modified":"2025-08-08T16:40:11","modified_gmt":"2025-08-08T19:40:11","slug":"prefeitura-cancela-licitacao-para-limpeza-urbana-apos-tce-sc-apontar-irregularidades-em-edital","status":"publish","type":"post","link":"https:\/\/sgpsolucoes.com.br\/site\/prefeitura-cancela-licitacao-para-limpeza-urbana-apos-tce-sc-apontar-irregularidades-em-edital\/","title":{"rendered":"Prefeitura cancela licita\u00e7\u00e3o para limpeza urbana ap\u00f3s TCE\/SC apontar irregularidades em edital"},"content":{"rendered":"<p>O Tribunal de Contas de Santa Catarina (TCE\/SC) arquivou o processo&nbsp;<a href=\"https:\/\/virtual.tce.sc.gov.br\/pwa\/#\/processo?nu_proc=2500095287\" target=\"_blank\" rel=\"noreferrer noopener\">@LCC 25\/00095287,<\/a>&nbsp;no qual analisava o preg\u00e3o eletr\u00f4nico de Bombinhas para contratar servi\u00e7os de limpeza urbana, ap\u00f3s a Prefeitura informar o cancelamento do edital. A decis\u00e3o, proferida pela relatora, conselheira substituta Sabrina Nunes Iocken, est\u00e1 publicada no Di\u00e1rio Oficial do TCE\/SC desta&nbsp;<a href=\"https:\/\/consulta.tce.sc.gov.br\/Diario\/dotc-e2025-08-05.pdf\" target=\"_blank\" rel=\"noreferrer noopener\">ter\u00e7a-feira (5\/8)<\/a>.&nbsp;<\/p><p>O servi\u00e7o de limpeza urbana inclu\u00eda tamb\u00e9m coleta de res\u00edduos recicl\u00e1veis. O edital, com valor global estimado em R$ 15,7 milh\u00f5es, para um per\u00edodo de 12 meses, foi encaminhado ao Tribunal de Contas do Estado para an\u00e1lise preliminar, conforme prev\u00ea&nbsp;<a href=\"https:\/\/www.tcesc.tc.br\/sites\/default\/files\/leis_normas\/INSTRU%C3%87%C3%83O%20NORMATIVA%20N%2021-2015%20CONSOLIDADA.pdf\" target=\"_blank\" rel=\"noreferrer noopener\">Instru\u00e7\u00e3o Normativa N. TC-021\/2015<\/a>. Os auditores identificaram as seguintes irregularidades:&nbsp;&nbsp;<\/p><p>&#8211; Elabora\u00e7\u00e3o inadequada do or\u00e7amento b\u00e1sico, com previs\u00e3o de servi\u00e7os remunerados por hora, dia e m\u00eas, contrariando dispositivos da&nbsp;<a href=\"https:\/\/www.planalto.gov.br\/ccivil_03\/constituicao\/constituicao.htm\" target=\"_blank\" rel=\"noreferrer noopener\">Constitui\u00e7\u00e3o Federal<\/a>&nbsp;e da&nbsp;<a href=\"https:\/\/www.planalto.gov.br\/ccivil_03\/_ato2019-2022\/2021\/lei\/l14133.htm\" target=\"_blank\" rel=\"noreferrer noopener\">Nova Lei de Licita\u00e7\u00f5es<\/a>&nbsp;(Lei n. 14.133\/2021);&nbsp;<\/p><p>&#8211; Forma\u00e7\u00e3o de pre\u00e7os baseada exclusivamente em cota\u00e7\u00e3o, sem respaldo t\u00e9cnico adequado;&nbsp;<\/p><p>&#8211; Aus\u00eancia de detalhamento no or\u00e7amento b\u00e1sico, em desacordo com exig\u00eancias legais e jurisprud\u00eancia dos tribunais de contas.&nbsp;<\/p><p>Diante das falhas, em maio, o TCE\/SC determinou, cautelarmente, a suspens\u00e3o do edital, com prazo de cinco dias para comprova\u00e7\u00e3o da medida. A Prefeitura de Bombinhas informou o \u201ccancelamento\u201d do certame. Embora esse termo n\u00e3o esteja previsto na legisla\u00e7\u00e3o vigente, a medida impede o prosseguimento da licita\u00e7\u00e3o e permite a elabora\u00e7\u00e3o de novo edital, com as corre\u00e7\u00f5es necess\u00e1rias.&nbsp;&nbsp;<\/p><p>Como se tratava de uma quest\u00e3o meramente formal, a conselheira Sabrina Iocken decidiu pelo arquivamento do processo, mas recomendou \u00e0 Administra\u00e7\u00e3o Municipal que observe a diferen\u00e7a entre os atos de revoga\u00e7\u00e3o e anula\u00e7\u00e3o.&nbsp;<\/p><h6 class=\"wp-block-heading\"><strong>Anula\u00e7\u00e3o x revoga\u00e7\u00e3o de licita\u00e7\u00e3o&nbsp;<\/strong><\/h6><p>A Nova Lei de Licita\u00e7\u00f5es estabelece essa diferen\u00e7a no artigo 71. Em termos pr\u00e1ticos, a anula\u00e7\u00e3o ocorre quando h\u00e1, no edital, ilegalidade insan\u00e1vel. J\u00e1 a revoga\u00e7\u00e3o ocorre por conveni\u00eancia e oportunidade, devido a um fato surgido no curso do processo licitat\u00f3rio.&nbsp;<\/p><p><strong>Fonte:\u00a0TCE-SC<\/strong><\/p>\n    <div class=\"xs_social_share_widget xs_share_url after_content \t\tmain_content  wslu-style-1 wslu-share-box-shaped wslu-fill-colored wslu-none wslu-share-horizontal wslu-theme-font-no wslu-main_content\">\n\n\t\t\n        <ul>\n\t\t\t        <\/ul>\n    <\/div> \n","protected":false},"excerpt":{"rendered":"<p>O Tribunal de Contas de Santa Catarina (TCE\/SC) arquivou o processo\u00a0@LCC 25\/00095287,\u00a0no qual analisava o preg\u00e3o eletr\u00f4nico de Bombinhas para contratar servi\u00e7os de limpeza urbana, ap\u00f3s a Prefeitura informar o cancelamento do edital. A decis\u00e3o, proferida pela relatora, conselheira substituta Sabrina Nunes Iocken, est\u00e1 publicada no Di\u00e1rio Oficial do TCE\/SC desta\u00a0ter\u00e7a-feira (5\/8).\u00a0<\/p>\n","protected":false},"author":5,"featured_media":0,"comment_status":"open","ping_status":"open","sticky":false,"template":"","format":"standard","meta":{"postBodyCss":"","postBodyMargin":[],"postBodyPadding":[],"postBodyBackground":{"backgroundType":"classic","gradient":""},"_price":"","_stock":"","_tribe_ticket_header":"","_tribe_default_ticket_provider":"","_tribe_ticket_capacity":"0","_ticket_start_date":"","_ticket_end_date":"","_tribe_ticket_show_description":"","_tribe_ticket_show_not_going":false,"_tribe_ticket_use_global_stock":"","_tribe_ticket_global_stock_level":"","_global_stock_mode":"","_global_stock_cap":"","_tribe_rsvp_for_event":"","_tribe_ticket_going_count":"","_tribe_ticket_not_going_count":"","_tribe_tickets_list":"[]","_tribe_ticket_has_attendee_info_fields":false,"footnotes":""},"categories":[46],"tags":[13909,2518,13914,1099,1047,13913,856,489,218,4442,138,8616,8274,2471,13911,3402,499,13910,13912,2716,1307,590,885,589],"class_list":["post-13595","post","type-post","status-publish","format-standard","hentry","category-noticias","tag-bombinhas","tag-cancela","tag-cancelamento-do-edital","tag-coleta","tag-constituicao-federal","tag-cotacao","tag-edital","tag-irregularidades","tag-lei-de-licitacoes","tag-lei-n-14-133-2021","tag-licitacao-2","tag-limpeza","tag-limpeza-urbana","tag-orcamento","tag-orcamento-basico","tag-prefeitura","tag-pregao-eletronico","tag-residuos-reciclaveis","tag-respaldo-tecnico","tag-servicos-de-limpeza-urbana","tag-tce-sc-2","tag-tce-sc","tag-tribunais-de-contas","tag-tribunal-de-contas-de-santa-catarina"],"acf":[],"_links":{"self":[{"href":"https:\/\/sgpsolucoes.com.br\/site\/wp-json\/wp\/v2\/posts\/13595"}],"collection":[{"href":"https:\/\/sgpsolucoes.com.br\/site\/wp-json\/wp\/v2\/posts"}],"about":[{"href":"https:\/\/sgpsolucoes.com.br\/site\/wp-json\/wp\/v2\/types\/post"}],"author":[{"embeddable":true,"href":"https:\/\/sgpsolucoes.com.br\/site\/wp-json\/wp\/v2\/users\/5"}],"replies":[{"embeddable":true,"href":"https:\/\/sgpsolucoes.com.br\/site\/wp-json\/wp\/v2\/comments?post=13595"}],"version-history":[{"count":0,"href":"https:\/\/sgpsolucoes.com.br\/site\/wp-json\/wp\/v2\/posts\/13595\/revisions"}],"wp:attachment":[{"href":"https:\/\/sgpsolucoes.com.br\/site\/wp-json\/wp\/v2\/media?parent=13595"}],"wp:term":[{"taxonomy":"category","embeddable":true,"href":"https:\/\/sgpsolucoes.com.br\/site\/wp-json\/wp\/v2\/categories?post=13595"},{"taxonomy":"post_tag","embeddable":true,"href":"https:\/\/sgpsolucoes.com.br\/site\/wp-json\/wp\/v2\/tags?post=13595"}],"curies":[{"name":"wp","href":"https:\/\/api.w.org\/{rel}","templated":true}]}}