{"id":13608,"date":"2025-08-11T18:02:22","date_gmt":"2025-08-11T21:02:22","guid":{"rendered":"https:\/\/sgpsolucoes.com.br\/site\/?p=13608"},"modified":"2025-08-11T18:02:24","modified_gmt":"2025-08-11T21:02:24","slug":"2a-turma-do-stf-mantem-vinculo-de-emprego-entre-pastor-e-igreja-universal","status":"publish","type":"post","link":"https:\/\/sgpsolucoes.com.br\/site\/2a-turma-do-stf-mantem-vinculo-de-emprego-entre-pastor-e-igreja-universal\/","title":{"rendered":"2\u00aa Turma do STF mant\u00e9m v\u00ednculo de emprego entre pastor e Igreja Universal"},"content":{"rendered":"<p><em><strong>Colegiado negou recurso da entidade religiosa por considerar invi\u00e1vel reanalisar fatos e provas que embasaram a decis\u00e3o da Justi\u00e7a do Trabalho<\/strong><\/em><\/p><p>Por maioria de votos, a Segunda Turma do Supremo Tribunal Federal (STF) manteve o reconhecimento, pela Justi\u00e7a do Trabalho, do v\u00ednculo de emprego entre um pastor de Itapevi (SP) e a Igreja Universal do Reino de Deus.<\/p><p>O relator, ministro Nunes Marques, havia rejeitado individualmente a Reclama\u00e7\u00e3o&nbsp;<a href=\"https:\/\/portal.stf.jus.br\/processos\/detalhe.asp?incidente=7238436\"><strong>(Rcl) 78795<\/strong><\/a>, proposta pela igreja contra decis\u00e3o do Tribunal Superior do Trabalho (TST). Em seguida, a institui\u00e7\u00e3o religiosa apresentou agravo regimental contra a decis\u00e3o do ministro, mas o recurso foi negado na sess\u00e3o virtual do colegiado encerrada em 5 de agosto.<\/p><h5 class=\"wp-block-heading\"><strong>Inviabilidade<\/strong><\/h5><p>Ao votar pelo desprovimento do recurso, o relator reafirmou os motivos de sua decis\u00e3o, destacando a inviabilidade do pedido. Segundo Nunes Marques, a Igreja Universal n\u00e3o comprovou rela\u00e7\u00e3o direta entre o caso e os entendimentos do Supremo citados na a\u00e7\u00e3o, como a validade da terceiriza\u00e7\u00e3o em todas as atividades empresariais e do contrato civil para presta\u00e7\u00e3o de servi\u00e7os.<\/p><p>O ministro explicou que cabe \u00e0 Justi\u00e7a Trabalhista, diante das provas, especialmente as testemunhais, \u201cdecidir sobre a presen\u00e7a ou n\u00e3o dos elementos que caracterizem o v\u00ednculo de emprego\u201d. Segundo o ministro, para se afastar a decis\u00e3o do TST no caso, seria necess\u00e1rio reexaminar o conjunto de fatos e provas, medida que n\u00e3o \u00e9 cab\u00edvel por meio do instrumento utilizado \u2013 a reclama\u00e7\u00e3o.<\/p><p>O voto do relator foi acompanhado pelos ministros Dias Toffoli, Edson Fachin e Andr\u00e9 Mendon\u00e7a.<\/p><h5 class=\"wp-block-heading\"><strong>Diverg\u00eancia<\/strong><\/h5><p>Ficou vencido o ministro Gilmar Mendes, que se posicionou pela suspens\u00e3o do processo trabalhista at\u00e9 que o STF julgue o caso da validade da \u201cpejotiza\u00e7\u00e3o\u201d. A discuss\u00e3o \u00e9 objeto do Recurso Extraordin\u00e1rio com Agravo (ARE) 1532603, com repercuss\u00e3o geral (Tema 1389). Uma audi\u00eancia p\u00fablica sobre o tema est\u00e1 prevista para setembro no STF. Mendes \u00e9 relator do recurso e determinou, em abril, a suspens\u00e3o nacional de todos os processos que versam sobre a licitude da contrata\u00e7\u00e3o de trabalhadores aut\u00f4nomos ou pessoas jur\u00eddicas para presta\u00e7\u00e3o de servi\u00e7os (pejotiza\u00e7\u00e3o).<\/p><h5 class=\"wp-block-heading\"><strong>Reconhecimento do v\u00ednculo<\/strong><\/h5><p>Ao analisar a controv\u00e9rsia, o TST reconheceu o v\u00ednculo de emprego entre o pastor e a Igreja Universal, pelo per\u00edodo de 2008 a 2016. Segundo decis\u00e3o do tribunal, foi comprovado que o pastor recebia remunera\u00e7\u00e3o fixa mensal, inclusive durante as f\u00e9rias, obedecia a hor\u00e1rio para organizar reuni\u00f5es e cultos, e tinha metas a cumprir. Al\u00e9m disso, ele se submetia \u00e0s ordens da administra\u00e7\u00e3o central da igreja.<\/p><p>A corte trabalhista considerou comprovada a subordina\u00e7\u00e3o e rejeitou a tese da igreja de que o trabalho do pastor se dava na forma de trabalho volunt\u00e1rio ou por \u201cprofiss\u00e3o de f\u00e9\u201d.<\/p><p><strong>Fonte: STF<\/strong><\/p>\n    <div class=\"xs_social_share_widget xs_share_url after_content \t\tmain_content  wslu-style-1 wslu-share-box-shaped wslu-fill-colored wslu-none wslu-share-horizontal wslu-theme-font-no wslu-main_content\">\n\n\t\t\n        <ul>\n\t\t\t        <\/ul>\n    <\/div> \n","protected":false},"excerpt":{"rendered":"<p>Por maioria de votos, a Segunda Turma do Supremo Tribunal Federal (STF) manteve o reconhecimento, pela Justi\u00e7a do Trabalho, do v\u00ednculo de emprego entre um pastor de Itapevi (SP) e a Igreja Universal do Reino de Deus.<\/p>\n","protected":false},"author":5,"featured_media":0,"comment_status":"open","ping_status":"open","sticky":false,"template":"","format":"standard","meta":{"postBodyCss":"","postBodyMargin":[],"postBodyPadding":[],"postBodyBackground":{"backgroundType":"classic","gradient":""},"_price":"","_stock":"","_tribe_ticket_header":"","_tribe_default_ticket_provider":"","_tribe_ticket_capacity":"0","_ticket_start_date":"","_ticket_end_date":"","_tribe_ticket_show_description":"","_tribe_ticket_show_not_going":false,"_tribe_ticket_use_global_stock":"","_tribe_ticket_global_stock_level":"","_global_stock_mode":"","_global_stock_cap":"","_tribe_rsvp_for_event":"","_tribe_ticket_going_count":"","_tribe_ticket_not_going_count":"","_tribe_tickets_list":"[]","_tribe_ticket_has_attendee_info_fields":false,"footnotes":""},"categories":[46],"tags":[3624,1461,2137,13930,13928,13933,13932,13934,6616,1120,13929,1768,13931,1567,347,348,6191,6617],"class_list":["post-13608","post","type-post","status-publish","format-standard","hentry","category-noticias","tag-2a-turma","tag-decisao","tag-emprego","tag-entidade-religiosa","tag-igreja-universal","tag-igreja-universal-do-reino-de-deus","tag-inviavel","tag-itapevi","tag-justica-do-trabalho","tag-maioria-de-votos","tag-pastor","tag-provas","tag-reanalisar-fatos","tag-segunda-turma","tag-stf","tag-supremo-tribunal-federal","tag-vinculo","tag-vinculo-de-emprego"],"acf":[],"_links":{"self":[{"href":"https:\/\/sgpsolucoes.com.br\/site\/wp-json\/wp\/v2\/posts\/13608"}],"collection":[{"href":"https:\/\/sgpsolucoes.com.br\/site\/wp-json\/wp\/v2\/posts"}],"about":[{"href":"https:\/\/sgpsolucoes.com.br\/site\/wp-json\/wp\/v2\/types\/post"}],"author":[{"embeddable":true,"href":"https:\/\/sgpsolucoes.com.br\/site\/wp-json\/wp\/v2\/users\/5"}],"replies":[{"embeddable":true,"href":"https:\/\/sgpsolucoes.com.br\/site\/wp-json\/wp\/v2\/comments?post=13608"}],"version-history":[{"count":0,"href":"https:\/\/sgpsolucoes.com.br\/site\/wp-json\/wp\/v2\/posts\/13608\/revisions"}],"wp:attachment":[{"href":"https:\/\/sgpsolucoes.com.br\/site\/wp-json\/wp\/v2\/media?parent=13608"}],"wp:term":[{"taxonomy":"category","embeddable":true,"href":"https:\/\/sgpsolucoes.com.br\/site\/wp-json\/wp\/v2\/categories?post=13608"},{"taxonomy":"post_tag","embeddable":true,"href":"https:\/\/sgpsolucoes.com.br\/site\/wp-json\/wp\/v2\/tags?post=13608"}],"curies":[{"name":"wp","href":"https:\/\/api.w.org\/{rel}","templated":true}]}}