{"id":13617,"date":"2025-08-11T19:05:53","date_gmt":"2025-08-11T22:05:53","guid":{"rendered":"https:\/\/sgpsolucoes.com.br\/site\/?p=13617"},"modified":"2025-08-11T19:05:54","modified_gmt":"2025-08-11T22:05:54","slug":"tcu-lanca-sumario-executivo-sobre-politicas-publicas-de-inclusao-digital","status":"publish","type":"post","link":"https:\/\/sgpsolucoes.com.br\/site\/tcu-lanca-sumario-executivo-sobre-politicas-publicas-de-inclusao-digital\/","title":{"rendered":"TCU lan\u00e7a Sum\u00e1rio Executivo sobre Pol\u00edticas P\u00fablicas de Inclus\u00e3o Digital"},"content":{"rendered":"<p><strong><em>Publica\u00e7\u00e3o re\u00fane principais informa\u00e7\u00f5es da fiscaliza\u00e7\u00e3o que avaliou a\u00e7\u00f5es do governo para reduzir a exclus\u00e3o digital no pa\u00eds<\/em><\/strong><\/p><p>O Tribunal de Contas da Uni\u00e3o (TCU) publicou, nesta semana, o&nbsp;<a href=\"https:\/\/portal.tcu.gov.br\/publicacoes-institucionais\/sumarios-executivos\/auditoria-operacional-sobre-politicas-publicas-de-inclusao-digital\">Sum\u00e1rio Executivo sobre Pol\u00edticas P\u00fablicas de Inclus\u00e3o Digital.<\/a>&nbsp;O conte\u00fado re\u00fane as principais informa\u00e7\u00f5es do relat\u00f3rio da auditoria realizada pelo \u00f3rg\u00e3o, al\u00e9m do ac\u00f3rd\u00e3o com a decis\u00e3o dos ministros. A<strong>&nbsp;fiscaliza\u00e7\u00e3o avaliou as iniciativas do governo para reduzir a exclus\u00e3o digital<\/strong>&nbsp;e promover solu\u00e7\u00f5es para o problema. Tamb\u00e9m foram analisadas as a\u00e7\u00f5es em andamento para para melhorar a conectividade significativa, para que mais pessoas tenham acesso \u00e0 internet de qualidade, a dispositivos adequados e acess\u00edveis e a habilidades para usufruir do ambiente digital.<\/p><p>A publica\u00e7\u00e3o tem como objetivo informar lideran\u00e7as, gestores, membros do parlamento, do governo e da sociedade civil sobre as quest\u00f5es abordadas na auditoria, como perfil dos exclu\u00eddos digitais, mapeamento de a\u00e7\u00f5es existentes e solu\u00e7\u00f5es mais eficientes que devem ser tomadas pelo governo para o combate da exclus\u00e3o digital.&nbsp;<strong>O Sum\u00e1rio Executivo pode ser baixado&nbsp;<a href=\"https:\/\/portal.tcu.gov.br\/publicacoes-institucionais\/sumarios-executivos\/auditoria-operacional-sobre-politicas-publicas-de-inclusao-digital\">neste link.<\/a><\/strong><\/p><h3 class=\"wp-block-heading\"><strong>Decis\u00e3o do TCU<\/strong><\/h3><p>Na \u00faltima quarta-feira (30\/7), o plen\u00e1rio do TCU julgou processo que abordou as a\u00e7\u00f5es do governo em rela\u00e7\u00e3o \u00e0 inclus\u00e3o digital no pa\u00eds (<a href=\"https:\/\/pesquisa.apps.tcu.gov.br\/documento\/processo\/*\/NUMEROSOMENTENUMEROS%253A3932420230\/DTAUTUACAOORDENACAO%2520desc%252C%2520NUMEROCOMZEROS%2520desc\/0\">TC 039.324\/2023-0<\/a>). Tendo como base o relat\u00f3rio apresentado pela equipe de auditoria e o voto do relator, ministro Aroldo Cedraz, o&nbsp;<a href=\"https:\/\/portal.tcu.gov.br\/imprensa\/noticias\/tcu-determina-criacao-do-plano-nacional-de-inclusao-digital\">TCU determinou ao governo federal que seja elaborado o Plano Nacional de Inclus\u00e3o Digital.&nbsp;<\/a>O Tribunal deu prazo de 180 dias para que o Minist\u00e9rio das Comunica\u00e7\u00f5es envie \u00e0 Corte de Contas o relat\u00f3rio que servir\u00e1 de base para o PNID e mais 180 dias para a elabora\u00e7\u00e3o do plano definitivo.<\/p><p>O relator concluiu que&nbsp;<strong>as a\u00e7\u00f5es do Estado para combater a exclus\u00e3o digital est\u00e3o abaixo do ideal<\/strong>. Cedraz ainda ressaltou os fatores que precisam ser levados em conta para a&nbsp;<strong>busca da conectividade significativa<\/strong>, como conex\u00e3o de alta qualidade, acesso a equipamentos que permitam a utiliza\u00e7\u00e3o da rede mundial, pre\u00e7os de planos de internet acess\u00edveis, e capacita\u00e7\u00e3o para que qualquer pessoa, independente de idade, classe social ou escolaridade, consiga utilizar os benef\u00edcios da tecnologia da melhor forma poss\u00edvel.<\/p><p><strong>Fonte: TCU<\/strong><\/p>\n    <div class=\"xs_social_share_widget xs_share_url after_content \t\tmain_content  wslu-style-1 wslu-share-box-shaped wslu-fill-colored wslu-none wslu-share-horizontal wslu-theme-font-no wslu-main_content\">\n\n\t\t\n        <ul>\n\t\t\t        <\/ul>\n    <\/div> \n","protected":false},"excerpt":{"rendered":"<p>O Tribunal de Contas da Uni\u00e3o (TCU) publicou, nesta semana, o\u00a0Sum\u00e1rio Executivo sobre Pol\u00edticas P\u00fablicas de Inclus\u00e3o Digital.\u00a0O conte\u00fado re\u00fane as principais informa\u00e7\u00f5es do relat\u00f3rio da auditoria realizada pelo \u00f3rg\u00e3o, al\u00e9m do ac\u00f3rd\u00e3o com a decis\u00e3o dos ministros. A\u00a0fiscaliza\u00e7\u00e3o avaliou as iniciativas do governo para reduzir a exclus\u00e3o digital\u00a0e promover solu\u00e7\u00f5es para o problema. Tamb\u00e9m foram analisadas as a\u00e7\u00f5es em andamento para para melhorar a conectividade significativa, para que mais pessoas tenham acesso \u00e0 internet de qualidade, a dispositivos adequados e acess\u00edveis e a habilidades para usufruir do ambiente digital.<\/p>\n","protected":false},"author":5,"featured_media":0,"comment_status":"open","ping_status":"open","sticky":false,"template":"","format":"standard","meta":{"postBodyCss":"","postBodyMargin":[],"postBodyPadding":[],"postBodyBackground":{"backgroundType":"classic","gradient":""},"_price":"","_stock":"","_tribe_ticket_header":"","_tribe_default_ticket_provider":"","_tribe_ticket_capacity":"0","_ticket_start_date":"","_ticket_end_date":"","_tribe_ticket_show_description":"","_tribe_ticket_show_not_going":false,"_tribe_ticket_use_global_stock":"","_tribe_ticket_global_stock_level":"","_global_stock_mode":"","_global_stock_cap":"","_tribe_rsvp_for_event":"","_tribe_ticket_going_count":"","_tribe_ticket_not_going_count":"","_tribe_tickets_list":"[]","_tribe_ticket_has_attendee_info_fields":false,"footnotes":""},"categories":[46],"tags":[13607,89,1498,13959,2897,506,13960,13961,258,450],"class_list":["post-13617","post","type-post","status-publish","format-standard","hentry","category-noticias","tag-exclusao-digital","tag-fiscalizacao","tag-governo","tag-inclusao-digital","tag-politicas-publicas","tag-publicacao","tag-sumario-executivo","tag-sumario-executivo-sobre-politicas-publicas-de-inclusao-digital","tag-tcu","tag-tribunal-de-contas-da-uniao"],"acf":[],"_links":{"self":[{"href":"https:\/\/sgpsolucoes.com.br\/site\/wp-json\/wp\/v2\/posts\/13617"}],"collection":[{"href":"https:\/\/sgpsolucoes.com.br\/site\/wp-json\/wp\/v2\/posts"}],"about":[{"href":"https:\/\/sgpsolucoes.com.br\/site\/wp-json\/wp\/v2\/types\/post"}],"author":[{"embeddable":true,"href":"https:\/\/sgpsolucoes.com.br\/site\/wp-json\/wp\/v2\/users\/5"}],"replies":[{"embeddable":true,"href":"https:\/\/sgpsolucoes.com.br\/site\/wp-json\/wp\/v2\/comments?post=13617"}],"version-history":[{"count":0,"href":"https:\/\/sgpsolucoes.com.br\/site\/wp-json\/wp\/v2\/posts\/13617\/revisions"}],"wp:attachment":[{"href":"https:\/\/sgpsolucoes.com.br\/site\/wp-json\/wp\/v2\/media?parent=13617"}],"wp:term":[{"taxonomy":"category","embeddable":true,"href":"https:\/\/sgpsolucoes.com.br\/site\/wp-json\/wp\/v2\/categories?post=13617"},{"taxonomy":"post_tag","embeddable":true,"href":"https:\/\/sgpsolucoes.com.br\/site\/wp-json\/wp\/v2\/tags?post=13617"}],"curies":[{"name":"wp","href":"https:\/\/api.w.org\/{rel}","templated":true}]}}