{"id":13626,"date":"2025-08-13T12:07:40","date_gmt":"2025-08-13T15:07:40","guid":{"rendered":"https:\/\/sgpsolucoes.com.br\/site\/?p=13626"},"modified":"2025-08-13T12:07:41","modified_gmt":"2025-08-13T15:07:41","slug":"stf-lanca-novo-volume-da-serie-cadernos-de-jurisprudencia-com-decisoes-sobre-direito-ao-cuidado","status":"publish","type":"post","link":"https:\/\/sgpsolucoes.com.br\/site\/stf-lanca-novo-volume-da-serie-cadernos-de-jurisprudencia-com-decisoes-sobre-direito-ao-cuidado\/","title":{"rendered":"STF lan\u00e7a novo volume da s\u00e9rie Cadernos de Jurisprud\u00eancia com decis\u00f5es sobre direito ao cuidado"},"content":{"rendered":"<p><em><strong>Lan\u00e7ada em cerim\u00f4nia no CNJ, publica\u00e7\u00e3o registra in\u00edcio e desenvolvimento da jurisprud\u00eancia da Corte sobre o tema<\/strong><\/em><\/p><p>Foi lan\u00e7ado, nesta ter\u00e7a-feira (12), durante cerim\u00f4nia realizada no Conselho Nacional de Justi\u00e7a (CNJ), um novo volume da cole\u00e7\u00e3o \u201cCadernos de Jurisprud\u00eancia do STF: concretizando direitos humanos\u201d. A edi\u00e7\u00e3o re\u00fane casos paradigm\u00e1ticos julgados pelo Supremo Tribunal Federal (STF) que marcam a constru\u00e7\u00e3o da jurisprud\u00eancia sobre o direito ao cuidado.<\/p><figure class=\"wp-block-image size-full\"><img decoding=\"async\" src=\"https:\/\/sgpsolucoes.com.br\/site\/wp-content\/uploads\/2025\/08\/54716318741_17cec74f89_c.jpg\" alt=\"\" class=\"wp-image-13627\"\/><\/figure><p><em>Foto: Zeca Ribeiro \/Ag. CNJ<\/em><\/p><p>No evento, tamb\u00e9m foi realizada a premia\u00e7\u00e3o dos vencedores do \u201c2\u00ba Concurso Nacional de Decis\u00f5es Judiciais e Ac\u00f3rd\u00e3os em Direitos Humanos\u201d. Participaram da cerim\u00f4nia o vice-presidente do STF, ministro Edson Fachin, e o vice-presidente da Corte Interamericana de Direitos Humanos (Corte IDH), Rodrigo Mudrovitsch.<\/p><p>Os Cadernos de Jurisprud\u00eancia resultam de parceria entre o STF, o CNJ, o Max-Planck Institute for Comparative Public Law and International Law (MPIL) e a Rede ICCAL Brasil, composta por professores de universidades de diversas regi\u00f5es do pa\u00eds. O objetivo \u00e9 divulgar a jurisprud\u00eancia do Supremo e promover di\u00e1logo entre suas decis\u00f5es, o Sistema Interamericano de Direitos Humanos e outros sistemas internacionais, visando \u00e0 prote\u00e7\u00e3o dos direitos humanos e fundamentais.<\/p><h5 class=\"wp-block-heading\"><strong>Apresenta\u00e7\u00e3o<\/strong><\/h5><p>A apresenta\u00e7\u00e3o da obra foi escrita pelo presidente do STF e do CNJ, ministro Lu\u00eds Roberto Barroso. Ele explica que, diferentemente dos volumes anteriores \u2014 que trataram de direitos j\u00e1 consolidados na jurisprud\u00eancia do Tribunal \u2014, esta edi\u00e7\u00e3o acompanha o desenvolvimento inicial de um novo direito e sua constru\u00e7\u00e3o progressiva. \u201cO direito ao cuidado \u00e9 uma constru\u00e7\u00e3o relativamente recente na jurisprud\u00eancia do Tribunal, envolvendo m\u00faltiplas dimens\u00f5es de prote\u00e7\u00e3o jur\u00eddica\u201d, destaca.<\/p><p>Barroso observa que crian\u00e7as, adolescentes, idosos, pessoas com defici\u00eancia e enfermos demandam aten\u00e7\u00e3o especial, e a responsabilidade pelo cuidado recai, de forma desproporcional, sobre mulheres, especialmente mulheres negras e em situa\u00e7\u00e3o de vulnerabilidade. Isso, segundo ele, exige a ado\u00e7\u00e3o de pol\u00edticas p\u00fablicas redistributivas.<\/p><p>\u201cO cuidado tamb\u00e9m abrange aux\u00edlios assistenciais para pessoas em extrema pobreza, deveres do Estado no controle do acesso a armas de fogo e a responsabilidade da imprensa na divulga\u00e7\u00e3o de informa\u00e7\u00f5es que possam afetar a imagem e a honra das pessoas\u201d, acrescenta.<\/p><p>A sele\u00e7\u00e3o das decis\u00f5es, conforme Barroso, adotou um crit\u00e9rio abrangente, resultando em uma obra que documenta o surgimento e a evolu\u00e7\u00e3o desse direito no \u00e2mbito da Corte.<\/p><h5 class=\"wp-block-heading\"><strong>Temas abordados<\/strong><\/h5><p>Entre os casos de maior impacto social apresentados na obra, destacam-se decis\u00f5es sobre a substitui\u00e7\u00e3o da pris\u00e3o preventiva pela domiciliar para mulheres gestantes, m\u00e3es de crian\u00e7as ou respons\u00e1veis por pessoas com defici\u00eancia; a inconstitucionalidade da exposi\u00e7\u00e3o de gestantes e lactantes a atividades insalubres; a contagem do termo inicial da licen\u00e7a-maternidade e do sal\u00e1rio-maternidade; a obriga\u00e7\u00e3o do Estado de garantir vagas em creches e pr\u00e9-escolas para crian\u00e7as de zero a cinco anos; a mora legislativa na regulamenta\u00e7\u00e3o da licen\u00e7a-paternidade; o benef\u00edcio assistencial de presta\u00e7\u00e3o continuada ao idoso e \u00e0 pessoa com defici\u00eancia; o reconhecimento do \u201cmenor sob guarda\u201d como dependente previdenci\u00e1rio; a redu\u00e7\u00e3o da jornada de trabalho de servidor p\u00fablico com filho ou dependente com defici\u00eancia; e a educa\u00e7\u00e3o inclusiva como direito fundamental e dever do Estado e da sociedade.<\/p><h5 class=\"wp-block-heading\"><strong>Hist\u00f3rico da cole\u00e7\u00e3o<\/strong><\/h5><p>Desde sua cria\u00e7\u00e3o, a cole\u00e7\u00e3o Cadernos de Jurisprud\u00eancia do STF j\u00e1 publicou volumes dedicados aos direitos das pessoas LGBTQIAP+, das mulheres, da igualdade racial, dos povos ind\u00edgenas, das pessoas privadas de liberdade, e de liberdade de express\u00e3o, \u00e0 democracia e \u00e0s novas tecnologias.<\/p><p><strong><a href=\"https:\/\/noticias-stf-wp-prd.s3.sa-east-1.amazonaws.com\/wp-content\/uploads\/wpallimport\/uploads\/2025\/08\/12191509\/Cadernos-STF-Direito-ao-Cuidado-1.pdf\" target=\"_blank\" rel=\"noreferrer noopener\">Acesse aqui a \u00edntegra da publica\u00e7\u00e3o<\/a><\/strong>.<\/p><p>A vers\u00e3o impressa est\u00e1 dispon\u00edvel para aquisi\u00e7\u00e3o na&nbsp;<a href=\"https:\/\/livrariasupremo.stf.jus.br\/produto\/detalhe?id=5269&amp;detalheProdutoNovo=sim\" target=\"_blank\" rel=\"noreferrer noopener\"><strong>Livraria do STF<\/strong><\/a>.<\/p><p><strong>Fonte: STF<\/strong><\/p>\n    <div class=\"xs_social_share_widget xs_share_url after_content \t\tmain_content  wslu-style-1 wslu-share-box-shaped wslu-fill-colored wslu-none wslu-share-horizontal wslu-theme-font-no wslu-main_content\">\n\n\t\t\n        <ul>\n\t\t\t        <\/ul>\n    <\/div> \n","protected":false},"excerpt":{"rendered":"<p>Foi lan\u00e7ado, nesta ter\u00e7a-feira (12), durante cerim\u00f4nia realizada no Conselho Nacional de Justi\u00e7a (CNJ), um novo volume da cole\u00e7\u00e3o \u201cCadernos de Jurisprud\u00eancia do STF: concretizando direitos humanos\u201d. A edi\u00e7\u00e3o re\u00fane casos paradigm\u00e1ticos julgados pelo Supremo Tribunal Federal (STF) que marcam a constru\u00e7\u00e3o da jurisprud\u00eancia sobre o direito ao cuidado.<\/p>\n","protected":false},"author":5,"featured_media":0,"comment_status":"open","ping_status":"open","sticky":false,"template":"","format":"standard","meta":{"postBodyCss":"","postBodyMargin":[],"postBodyPadding":[],"postBodyBackground":{"backgroundType":"classic","gradient":""},"_price":"","_stock":"","_tribe_ticket_header":"","_tribe_default_ticket_provider":"","_tribe_ticket_capacity":"0","_ticket_start_date":"","_ticket_end_date":"","_tribe_ticket_show_description":"","_tribe_ticket_show_not_going":false,"_tribe_ticket_use_global_stock":"","_tribe_ticket_global_stock_level":"","_global_stock_mode":"","_global_stock_cap":"","_tribe_rsvp_for_event":"","_tribe_ticket_going_count":"","_tribe_ticket_not_going_count":"","_tribe_tickets_list":"[]","_tribe_ticket_has_attendee_info_fields":false,"footnotes":""},"categories":[46],"tags":[13975,13974,4662,2485,2240,3587,445,13976,4152,347,348],"class_list":["post-13626","post","type-post","status-publish","format-standard","hentry","category-noticias","tag-cadernos-de-jurisprudencia","tag-cadernos-de-jurisprudencia-do-stf","tag-cnj","tag-conselho-nacional-de-justica","tag-direito-ao-cuidado","tag-direitos-humanos","tag-jurisprudencia","tag-novo-volume","tag-serie","tag-stf","tag-supremo-tribunal-federal"],"acf":[],"_links":{"self":[{"href":"https:\/\/sgpsolucoes.com.br\/site\/wp-json\/wp\/v2\/posts\/13626"}],"collection":[{"href":"https:\/\/sgpsolucoes.com.br\/site\/wp-json\/wp\/v2\/posts"}],"about":[{"href":"https:\/\/sgpsolucoes.com.br\/site\/wp-json\/wp\/v2\/types\/post"}],"author":[{"embeddable":true,"href":"https:\/\/sgpsolucoes.com.br\/site\/wp-json\/wp\/v2\/users\/5"}],"replies":[{"embeddable":true,"href":"https:\/\/sgpsolucoes.com.br\/site\/wp-json\/wp\/v2\/comments?post=13626"}],"version-history":[{"count":0,"href":"https:\/\/sgpsolucoes.com.br\/site\/wp-json\/wp\/v2\/posts\/13626\/revisions"}],"wp:attachment":[{"href":"https:\/\/sgpsolucoes.com.br\/site\/wp-json\/wp\/v2\/media?parent=13626"}],"wp:term":[{"taxonomy":"category","embeddable":true,"href":"https:\/\/sgpsolucoes.com.br\/site\/wp-json\/wp\/v2\/categories?post=13626"},{"taxonomy":"post_tag","embeddable":true,"href":"https:\/\/sgpsolucoes.com.br\/site\/wp-json\/wp\/v2\/tags?post=13626"}],"curies":[{"name":"wp","href":"https:\/\/api.w.org\/{rel}","templated":true}]}}