{"id":13637,"date":"2025-08-13T12:57:25","date_gmt":"2025-08-13T15:57:25","guid":{"rendered":"https:\/\/sgpsolucoes.com.br\/site\/?p=13637"},"modified":"2025-08-13T12:57:26","modified_gmt":"2025-08-13T15:57:26","slug":"resolucao-dispoe-sobre-implementacao-de-plano-de-logistica-sustentavel-no-tcemg","status":"publish","type":"post","link":"https:\/\/sgpsolucoes.com.br\/site\/resolucao-dispoe-sobre-implementacao-de-plano-de-logistica-sustentavel-no-tcemg\/","title":{"rendered":"Resolu\u00e7\u00e3o disp\u00f5e sobre implementa\u00e7\u00e3o de Plano de Log\u00edstica Sustent\u00e1vel no TCEMG"},"content":{"rendered":"<p>O Di\u00e1rio Oficial de Contas de hoje, 13 de agosto, trouxe a Resolu\u00e7\u00e3o n. 08\/2025, que disp\u00f5e sobre a \u201cimplementa\u00e7\u00e3o do Plano de Log\u00edstica Sustent\u00e1vel no \u00e2mbito do Tribunal de Contas do Estado de Minas Gerais (TCEMG)\u201d<\/p><p>Entre outras raz\u00f5es, a iniciativa levou em considera\u00e7\u00e3o o art. 225 da Constitui\u00e7\u00e3o Federal, que estabelece que todos t\u00eam direito ao meio ambiente ecologicamente equilibrado e \u00e0 qualidade de vida saud\u00e1vel, sendo dever do Poder P\u00fablico defende-lo e preserv\u00e1-lo para as gera\u00e7\u00f5es presentes e futuras.<\/p><p>Considerou tamb\u00e9m o disposto nos artigos 37 e 170 da Constitui\u00e7\u00e3o Federal, que estabelecem que a administra\u00e7\u00e3o p\u00fablica e a ordem econ\u00f4mica, fundada na valoriza\u00e7\u00e3o do trabalho humano e na livre iniciativa, t\u00eam por fim assegurar a todos exist\u00eancia digna, em conformidade com os preceitos da justi\u00e7a social e com \u201cos princ\u00edpios da defesa do meio ambiente e o da redu\u00e7\u00e3o das desigualdades regionais e sociais\u201d.&nbsp;<\/p><p>A iniciativa considerou ainda a ado\u00e7\u00e3o da Agenda 2030 da Organiza\u00e7\u00e3o das Na\u00e7\u00f5es Unidas (ONU) e os \u201cobjetivos do desenvolvimento sustent\u00e1vel nas dimens\u00f5es social, ambiental, econ\u00f4mica, cultural e \u00e9tica de forma integrada e indivis\u00edvel para o atingimento das metas associadas\u201d, bem como o Planejamento Estrat\u00e9gico do TCEMG para o per\u00edodo de 2021-2026, que contempla entre seus valores \u201ca sustentabilidade e a promo\u00e7\u00e3o de a\u00e7\u00f5es que contribuam para a efetiva\u00e7\u00e3o da responsabilidade socioambiental\u201d.<\/p><p>A implanta\u00e7\u00e3o do plano de log\u00edstica sustent\u00e1vel visa, entre outros benef\u00edcios, promover a boa gest\u00e3o dos recursos e a efici\u00eancia do gasto p\u00fablico com foco \u201cna sustentabilidade, na redu\u00e7\u00e3o de custos e no combate ao desperd\u00edcio\u201d al\u00e9m de incentivar o uso eficiente de recursos naturais no \u00e2mbito da institui\u00e7\u00e3o, priorizando a economia, a redu\u00e7\u00e3o, o reaproveitamento e a op\u00e7\u00e3o por materiais e insumos recicl\u00e1veis.<\/p><p>Clique em&nbsp;<a href=\"https:\/\/doc.tce.mg.gov.br\/Home\/ViewDiario\/2025_08_13_Diario.pdf\">https:\/\/doc.tce.mg.gov.br\/Home\/ViewDiario\/2025_08_13_Diario.pdf<\/a>&nbsp;e leia o inteiro teor da resolu\u00e7\u00e3o.<\/p><p><strong>Fonte: TCE-MG<\/strong><\/p>\n    <div class=\"xs_social_share_widget xs_share_url after_content \t\tmain_content  wslu-style-1 wslu-share-box-shaped wslu-fill-colored wslu-none wslu-share-horizontal wslu-theme-font-no wslu-main_content\">\n\n\t\t\n        <ul>\n\t\t\t        <\/ul>\n    <\/div> \n","protected":false},"excerpt":{"rendered":"<p>O Di\u00e1rio Oficial de Contas de hoje, 17 de setembro, trouxe a Resolu\u00e7\u00e3o n. 08\/2025, que disp\u00f5e sobre a \u201cimplementa\u00e7\u00e3o do Plano de Log\u00edstica Sustent\u00e1vel no \u00e2mbito do Tribunal de Contas do Estado de Minas Gerais (TCEMG)\u201d<\/p>\n","protected":false},"author":5,"featured_media":0,"comment_status":"open","ping_status":"open","sticky":false,"template":"","format":"standard","meta":{"postBodyCss":"","postBodyMargin":[],"postBodyPadding":[],"postBodyBackground":{"backgroundType":"classic","gradient":""},"_price":"","_stock":"","_tribe_ticket_header":"","_tribe_default_ticket_provider":"","_tribe_ticket_capacity":"0","_ticket_start_date":"","_ticket_end_date":"","_tribe_ticket_show_description":"","_tribe_ticket_show_not_going":false,"_tribe_ticket_use_global_stock":"","_tribe_ticket_global_stock_level":"","_global_stock_mode":"","_global_stock_cap":"","_tribe_rsvp_for_event":"","_tribe_ticket_going_count":"","_tribe_ticket_not_going_count":"","_tribe_tickets_list":"[]","_tribe_ticket_has_attendee_info_fields":false,"footnotes":""},"categories":[46],"tags":[11219,473,13990,4954,3419,938,13989,361,1014,1020],"class_list":["post-13637","post","type-post","status-publish","format-standard","hentry","category-noticias","tag-diario-oficial-de-contas","tag-implementacao","tag-logistica-sustentavel","tag-plano","tag-plano-de-logistica-sustentavel","tag-resolucao","tag-resolucao-no-08-2025","tag-tce-mg","tag-tcemg","tag-tribunal-de-contas-do-estado-de-minas-gerais"],"acf":[],"_links":{"self":[{"href":"https:\/\/sgpsolucoes.com.br\/site\/wp-json\/wp\/v2\/posts\/13637"}],"collection":[{"href":"https:\/\/sgpsolucoes.com.br\/site\/wp-json\/wp\/v2\/posts"}],"about":[{"href":"https:\/\/sgpsolucoes.com.br\/site\/wp-json\/wp\/v2\/types\/post"}],"author":[{"embeddable":true,"href":"https:\/\/sgpsolucoes.com.br\/site\/wp-json\/wp\/v2\/users\/5"}],"replies":[{"embeddable":true,"href":"https:\/\/sgpsolucoes.com.br\/site\/wp-json\/wp\/v2\/comments?post=13637"}],"version-history":[{"count":0,"href":"https:\/\/sgpsolucoes.com.br\/site\/wp-json\/wp\/v2\/posts\/13637\/revisions"}],"wp:attachment":[{"href":"https:\/\/sgpsolucoes.com.br\/site\/wp-json\/wp\/v2\/media?parent=13637"}],"wp:term":[{"taxonomy":"category","embeddable":true,"href":"https:\/\/sgpsolucoes.com.br\/site\/wp-json\/wp\/v2\/categories?post=13637"},{"taxonomy":"post_tag","embeddable":true,"href":"https:\/\/sgpsolucoes.com.br\/site\/wp-json\/wp\/v2\/tags?post=13637"}],"curies":[{"name":"wp","href":"https:\/\/api.w.org\/{rel}","templated":true}]}}