{"id":13670,"date":"2025-08-13T14:44:18","date_gmt":"2025-08-13T17:44:18","guid":{"rendered":"https:\/\/sgpsolucoes.com.br\/site\/?p=13670"},"modified":"2025-08-13T14:44:19","modified_gmt":"2025-08-13T17:44:19","slug":"agu-regulamenta-transacao-de-pequeno-valor-para-autarquias-e-fundacoes-publicas-federais","status":"publish","type":"post","link":"https:\/\/sgpsolucoes.com.br\/site\/agu-regulamenta-transacao-de-pequeno-valor-para-autarquias-e-fundacoes-publicas-federais\/","title":{"rendered":"AGU regulamenta transa\u00e7\u00e3o de pequeno valor para autarquias e funda\u00e7\u00f5es p\u00fablicas federais"},"content":{"rendered":"<p class=\"has-text-align-center\"><em>&#8211; Foto: Freepik<\/em><\/p><p><em>Portaria da Procuradoria-Geral Federal d\u00e1 descontos de at\u00e9 50% e parcelamento em at\u00e9 60 meses<\/em><\/p><p>A Procuradoria-Geral Federal (PGF), \u00f3rg\u00e3o da Advocacia-Geral da Uni\u00e3o (AGU), publicou a Portaria Normativa n\u00ba 84, de 07 de agosto de 2025, que regulamenta a transa\u00e7\u00e3o por ades\u00e3o para d\u00edvidas de pequeno valor com as autarquias e funda\u00e7\u00f5es p\u00fablicas federais.<\/p><p>A nova modalidade de transa\u00e7\u00e3o \u00e9 voltada a pessoas f\u00edsicas, microempresas e empresas de pequeno porte que tenham d\u00e9bitos inscritos em d\u00edvida ativa de at\u00e9 60 sal\u00e1rios-m\u00ednimos. A estimativa \u00e9 de que aproximadamente 80 mil devedores possam reunir as condi\u00e7\u00f5es para, caso tenham interesse, pleitear a inclus\u00e3o da sua d\u00edvida na nova modalidade de transa\u00e7\u00e3o.<\/p><p>As negocia\u00e7\u00f5es envolvem a concess\u00e3o de descontos de at\u00e9 50% do valor consolidado do cr\u00e9dito, al\u00e9m de parcelamento em at\u00e9 60 meses.<\/p><p>A medida promove a regulariza\u00e7\u00e3o financeira de pessoas f\u00edsicas e pequenos empreendimentos, contribuindo para a preserva\u00e7\u00e3o dos neg\u00f3cios e a redu\u00e7\u00e3o do n\u00famero de processos judiciais relativos aos d\u00e9bitos em d\u00edvida ativa. A procuradora-geral Federal, Adriana Maia Venturini, afirma que a iniciativa atende \u00e0 finalidade p\u00fablica perseguida pelas autarquias e funda\u00e7\u00f5es p\u00fablicas federais. \u201cEstamos sedimentando uma cultura de recupera\u00e7\u00e3o de ativos p\u00fablicos com sustentabilidade e impacto social, seguindo as diretrizes jur\u00eddicas tra\u00e7adas pelo ministro Jorge Messias para atender a sociedade brasileira em todos os segmentos econ\u00f4micos e sociais\u201d, ela destaca.<\/p><p><strong>Ades\u00e3o<\/strong><\/p><p>A transa\u00e7\u00e3o de pequeno valor ser\u00e1 realizada por meio de ades\u00e3o, com base em edital a ser publicado em breve, que indicar\u00e1 as autarquias e funda\u00e7\u00f5es p\u00fablicas federais abrangidas, os crit\u00e9rios de elegibilidade, as condi\u00e7\u00f5es de pagamento, os prazos de ades\u00e3o e os documentos necess\u00e1rios para formaliza\u00e7\u00e3o da proposta. A ades\u00e3o ser\u00e1 realizada exclusivamente atrav\u00e9s do Sistema de Intelig\u00eancia Jur\u00eddica da AGU, o Sapiens.<\/p><p>O objetivo da PGF com a medida \u00e9 criar mais uma oportunidade de solu\u00e7\u00e3o consensual, propiciando a redu\u00e7\u00e3o da litigiosidade, o aperfei\u00e7oamento da recupera\u00e7\u00e3o dos cr\u00e9ditos p\u00fablicos e a concretiza\u00e7\u00e3o das pol\u00edticas p\u00fablicas por meio de uma atua\u00e7\u00e3o resolutiva.<\/p><p>Com a regulamenta\u00e7\u00e3o das transa\u00e7\u00f5es de pequeno valor, a PGF d\u00e1 um passo na moderniza\u00e7\u00e3o da cobran\u00e7a da d\u00edvida ativa, ampliando os mecanismos que fortalecem a desjudicializa\u00e7\u00e3o e a gest\u00e3o estrat\u00e9gica da cobran\u00e7a dos cr\u00e9ditos p\u00fablicos.<\/p><p>&#8220;Trata-se de uma pol\u00edtica p\u00fablica que transforma cobran\u00e7a em oportunidade de recome\u00e7o e refor\u00e7a o papel da Advocacia P\u00fablica na promo\u00e7\u00e3o da efici\u00eancia arrecadat\u00f3ria e da responsabilidade social&#8221;, afirma a subprocuradora federal de Cobran\u00e7a e Recupera\u00e7\u00e3o de Cr\u00e9ditos, Renata Silva Pires de Carvalho.<\/p><p><strong>Fonte: Assessoria Especial de Comunica\u00e7\u00e3o Social da AGU<\/strong><\/p>\n    <div class=\"xs_social_share_widget xs_share_url after_content \t\tmain_content  wslu-style-1 wslu-share-box-shaped wslu-fill-colored wslu-none wslu-share-horizontal wslu-theme-font-no wslu-main_content\">\n\n\t\t\n        <ul>\n\t\t\t        <\/ul>\n    <\/div> \n","protected":false},"excerpt":{"rendered":"<p>A Procuradoria-Geral Federal (PGF), \u00f3rg\u00e3o da Advocacia-Geral da Uni\u00e3o (AGU), publicou a Portaria Normativa n\u00ba 84, de 07 de agosto de 2025, que regulamenta a transa\u00e7\u00e3o por ades\u00e3o para d\u00edvidas de pequeno valor com as autarquias e funda\u00e7\u00f5es p\u00fablicas federais.<\/p>\n","protected":false},"author":5,"featured_media":0,"comment_status":"open","ping_status":"open","sticky":false,"template":"","format":"standard","meta":{"postBodyCss":"","postBodyMargin":[],"postBodyPadding":[],"postBodyBackground":{"backgroundType":"classic","gradient":""},"_price":"","_stock":"","_tribe_ticket_header":"","_tribe_default_ticket_provider":"","_tribe_ticket_capacity":"0","_ticket_start_date":"","_ticket_end_date":"","_tribe_ticket_show_description":"","_tribe_ticket_show_not_going":false,"_tribe_ticket_use_global_stock":"","_tribe_ticket_global_stock_level":"","_global_stock_mode":"","_global_stock_cap":"","_tribe_rsvp_for_event":"","_tribe_ticket_going_count":"","_tribe_ticket_not_going_count":"","_tribe_tickets_list":"[]","_tribe_ticket_has_attendee_info_fields":false,"footnotes":""},"categories":[46],"tags":[4949,3416,1408,79,1796,14060,8930,14059,1803,14058,2762,10598,3435,14056,14057,9465],"class_list":["post-13670","post","type-post","status-publish","format-standard","hentry","category-noticias","tag-60-meses","tag-adesao-2","tag-advocacia-geral-da-uniao","tag-agu","tag-autarquias","tag-autarquias-publicas-federais","tag-descontos","tag-dividas-de-pequeno-valor","tag-fundacoes-publicas","tag-fundacoes-publicas-federais","tag-parcelamento","tag-pequeno-valor","tag-pgf","tag-portaria-da-procuradoria-geral-federal","tag-portaria-normativa-no-84","tag-transacao"],"acf":[],"_links":{"self":[{"href":"https:\/\/sgpsolucoes.com.br\/site\/wp-json\/wp\/v2\/posts\/13670"}],"collection":[{"href":"https:\/\/sgpsolucoes.com.br\/site\/wp-json\/wp\/v2\/posts"}],"about":[{"href":"https:\/\/sgpsolucoes.com.br\/site\/wp-json\/wp\/v2\/types\/post"}],"author":[{"embeddable":true,"href":"https:\/\/sgpsolucoes.com.br\/site\/wp-json\/wp\/v2\/users\/5"}],"replies":[{"embeddable":true,"href":"https:\/\/sgpsolucoes.com.br\/site\/wp-json\/wp\/v2\/comments?post=13670"}],"version-history":[{"count":0,"href":"https:\/\/sgpsolucoes.com.br\/site\/wp-json\/wp\/v2\/posts\/13670\/revisions"}],"wp:attachment":[{"href":"https:\/\/sgpsolucoes.com.br\/site\/wp-json\/wp\/v2\/media?parent=13670"}],"wp:term":[{"taxonomy":"category","embeddable":true,"href":"https:\/\/sgpsolucoes.com.br\/site\/wp-json\/wp\/v2\/categories?post=13670"},{"taxonomy":"post_tag","embeddable":true,"href":"https:\/\/sgpsolucoes.com.br\/site\/wp-json\/wp\/v2\/tags?post=13670"}],"curies":[{"name":"wp","href":"https:\/\/api.w.org\/{rel}","templated":true}]}}