{"id":13724,"date":"2025-08-15T15:55:37","date_gmt":"2025-08-15T18:55:37","guid":{"rendered":"https:\/\/sgpsolucoes.com.br\/site\/?p=13724"},"modified":"2025-08-15T15:55:38","modified_gmt":"2025-08-15T18:55:38","slug":"informativo-do-stj-destaca-clausula-de-nao-concorrencia-ilimitada-e-atuacao-da-defensoria-publica-defesa-dos-vulneraveis","status":"publish","type":"post","link":"https:\/\/sgpsolucoes.com.br\/site\/informativo-do-stj-destaca-clausula-de-nao-concorrencia-ilimitada-e-atuacao-da-defensoria-publica-defesa-dos-vulneraveis\/","title":{"rendered":"Informativo do STJ destaca cl\u00e1usula de n\u00e3o concorr\u00eancia ilimitada e atua\u00e7\u00e3o da Defensoria P\u00fablica defesa dos vulner\u00e1veis"},"content":{"rendered":"<p>\u200bA&nbsp;Secretaria de Jurisprud\u00eancia do Superior Tribunal de Justi\u00e7a (STJ) divulgou a&nbsp;<a href=\"https:\/\/processo.stj.jus.br\/SCON\/GetPDFINFJ?edicao=0857\">edi\u00e7\u00e3o 857 do Informativo de Jurisprud\u00eancia<\/a>. A equipe de publica\u00e7\u00e3o destacou dois julgamentos nesta edi\u00e7\u00e3o.<\/p><p>No primeiro processo em destaque, a Terceira Turma, por unanimidade, definiu que a cl\u00e1usula de n\u00e3o concorr\u00eancia ilimitada \u00e9 anul\u00e1vel. A tese foi fixada no&nbsp;REsp&nbsp;2.185.015, de relatoria da ministra Nancy Andrighi.<\/p><p>Em outro julgado mencionado na edi\u00e7\u00e3o, a Quinta Turma, por unanimidade, definiu que a Defensoria P\u00fablica pode atuar como&nbsp;<em>custos vulnerabilis<\/em>&nbsp;na execu\u00e7\u00e3o penal, mesmo na presen\u00e7a do advogado constitu\u00eddo, para garantir a defesa dos apenados. O&nbsp;REsp&nbsp;2.211.681 teve como relator o ministro Joel Ilan Paciornik.<\/p><h2 class=\"wp-block-heading\">Conhe\u00e7a o Informativo<\/h2><p>O&nbsp;<a href=\"https:\/\/processo.stj.jus.br\/jurisprudencia\/externo\/informativo\/\">Informativo de Jurisprud\u00eancia<\/a>&nbsp;divulga periodicamente notas sobre teses de relev\u00e2ncia firmadas nos julgamentos do STJ, selecionadas pela repercuss\u00e3o no meio jur\u00eddico e pela novidade no \u00e2mbito do tribunal.<\/p><p>Para visualizar as novas edi\u00e7\u00f5es, acesse Jurisprud\u00eancia &gt; Informativo de Jurisprud\u00eancia, a partir do&nbsp;<em>menu<\/em>&nbsp;no alto da p\u00e1gina. A pesquisa de informativos anteriores pode ser feita pelo n\u00famero da edi\u00e7\u00e3o ou pelo ramo do direito.<\/p><p><strong>Fonte: STJ<\/strong><\/p>\n    <div class=\"xs_social_share_widget xs_share_url after_content \t\tmain_content  wslu-style-1 wslu-share-box-shaped wslu-fill-colored wslu-none wslu-share-horizontal wslu-theme-font-no wslu-main_content\">\n\n\t\t\n        <ul>\n\t\t\t        <\/ul>\n    <\/div> \n","protected":false},"excerpt":{"rendered":"<p>\u200bA\u00a0Secretaria de Jurisprud\u00eancia do Superior Tribunal de Justi\u00e7a (STJ) divulgou a\u00a0edi\u00e7\u00e3o 857 do Informativo de Jurisprud\u00eancia. A equipe de publica\u00e7\u00e3o destacou dois julgamentos nesta edi\u00e7\u00e3o.<\/p>\n","protected":false},"author":5,"featured_media":0,"comment_status":"open","ping_status":"open","sticky":false,"template":"","format":"standard","meta":{"postBodyCss":"","postBodyMargin":[],"postBodyPadding":[],"postBodyBackground":{"backgroundType":"classic","gradient":""},"_price":"","_stock":"","_tribe_ticket_header":"","_tribe_default_ticket_provider":"","_tribe_ticket_capacity":"0","_ticket_start_date":"","_ticket_end_date":"","_tribe_ticket_show_description":"","_tribe_ticket_show_not_going":false,"_tribe_ticket_use_global_stock":"","_tribe_ticket_global_stock_level":"","_global_stock_mode":"","_global_stock_cap":"","_tribe_rsvp_for_event":"","_tribe_ticket_going_count":"","_tribe_ticket_not_going_count":"","_tribe_tickets_list":"[]","_tribe_ticket_has_attendee_info_fields":false,"footnotes":""},"categories":[46],"tags":[7996,1221,14184,14185,14186,1306,5626,14183,6757,229,230],"class_list":["post-13724","post","type-post","status-publish","format-standard","hentry","category-noticias","tag-atuacao","tag-clausula","tag-defensoria-publica","tag-defesa-dos-vulneraveis","tag-edicao-857","tag-informativo-de-jurisprudencia","tag-informativo-do-stj","tag-nao-concorrencia-ilimitada","tag-secretaria-de-jurisprudencia","tag-stj","tag-superior-tribunal-de-justica"],"acf":[],"_links":{"self":[{"href":"https:\/\/sgpsolucoes.com.br\/site\/wp-json\/wp\/v2\/posts\/13724"}],"collection":[{"href":"https:\/\/sgpsolucoes.com.br\/site\/wp-json\/wp\/v2\/posts"}],"about":[{"href":"https:\/\/sgpsolucoes.com.br\/site\/wp-json\/wp\/v2\/types\/post"}],"author":[{"embeddable":true,"href":"https:\/\/sgpsolucoes.com.br\/site\/wp-json\/wp\/v2\/users\/5"}],"replies":[{"embeddable":true,"href":"https:\/\/sgpsolucoes.com.br\/site\/wp-json\/wp\/v2\/comments?post=13724"}],"version-history":[{"count":0,"href":"https:\/\/sgpsolucoes.com.br\/site\/wp-json\/wp\/v2\/posts\/13724\/revisions"}],"wp:attachment":[{"href":"https:\/\/sgpsolucoes.com.br\/site\/wp-json\/wp\/v2\/media?parent=13724"}],"wp:term":[{"taxonomy":"category","embeddable":true,"href":"https:\/\/sgpsolucoes.com.br\/site\/wp-json\/wp\/v2\/categories?post=13724"},{"taxonomy":"post_tag","embeddable":true,"href":"https:\/\/sgpsolucoes.com.br\/site\/wp-json\/wp\/v2\/tags?post=13724"}],"curies":[{"name":"wp","href":"https:\/\/api.w.org\/{rel}","templated":true}]}}