{"id":13734,"date":"2025-08-15T16:07:19","date_gmt":"2025-08-15T19:07:19","guid":{"rendered":"https:\/\/sgpsolucoes.com.br\/site\/?p=13734"},"modified":"2025-08-15T16:07:20","modified_gmt":"2025-08-15T19:07:20","slug":"prefeitura-da-serra-atende-determinacao-do-tce-es-e-cria-conselho-municipal-de-mobilidade","status":"publish","type":"post","link":"https:\/\/sgpsolucoes.com.br\/site\/prefeitura-da-serra-atende-determinacao-do-tce-es-e-cria-conselho-municipal-de-mobilidade\/","title":{"rendered":"Prefeitura da Serra atende determina\u00e7\u00e3o do TCE-ES e cria Conselho Municipal de Mobilidade"},"content":{"rendered":"<p>A&nbsp;<strong><a href=\"https:\/\/www.serra.es.gov.br\/site\" target=\"_blank\" rel=\"noreferrer noopener\">Prefeitura Municipal da Serra<\/a><\/strong>&nbsp;atendeu a uma determina\u00e7\u00e3o do&nbsp;<mark>Tribunal de Contas do Estado do Esp\u00edrito Santo (TCE-ES)<\/mark>&nbsp;e criou o Conselho Municipal de Mobilidade. A cria\u00e7\u00e3o foi determinada pelo TCE-ES ap\u00f3s fiscaliza\u00e7\u00e3o que verificou a situa\u00e7\u00e3o de&nbsp;<strong>Planos Municipais de Mobilidade Urbana (PMU)<\/strong>&nbsp;nos munic\u00edpios capixabas.\u202f&nbsp;<\/p><p>Segundo a legisla\u00e7\u00e3o federal, os munic\u00edpios da Grande Vit\u00f3ria deveriam concluir seus planos at\u00e9 o dia 12 de abril de 2024, sob risco de deixarem de receber recursos federais do Minist\u00e9rio das Cidades. Entre as necessidades legais do plano est\u00e1 a garantia da participa\u00e7\u00e3o da sociedade \u2013 com um Conselho Consultivo ou Deliberativo para acompanhar a implementa\u00e7\u00e3o do Plano, al\u00e9m de aprovar o documento na C\u00e2mara Municipal.\u202f&nbsp;<\/p><p>Ainda no ano passado, o TCE-ES observou que o Plano aprovado pelo munic\u00edpio da Serra n\u00e3o previa a cria\u00e7\u00e3o de um Conselho Consultivo. Assim, ficou determinado que a prefeitura deveria alterar o projeto de lei e aprov\u00e1-lo na C\u00e2mara Municipal.\u202f&nbsp;<\/p><p>Em maio deste ano, a prefeitura comprovou a cria\u00e7\u00e3o do conselho formado por nove membros. Entre eles est\u00e3o representantes da prefeitura, da Federa\u00e7\u00e3o das Associa\u00e7\u00f5es de Moradores do Munic\u00edpio da Serra, do Conselho de Arquitetura e Urbanismo (CAU) ou Conselho Regional de Engenharia e Agronomia (Crea), entre outros \u00f3rg\u00e3os.&nbsp;<\/p><p>\u201cA participa\u00e7\u00e3o social no conselho de mobilidade urbana permite que a implementa\u00e7\u00e3o do plano, dos projetos e das a\u00e7\u00f5es de mobilidade urbana sejam acompanhadas e influenciadas pela popula\u00e7\u00e3o, a partir de seus representantes. Assim, a Prefeitura poder\u00e1 melhorar a presta\u00e7\u00e3o do servi\u00e7o, ao considerar tamb\u00e9m a perspectiva dos usu\u00e1rios\u201d, disse a coordenadora do N\u00facleo de Controle Externo de Fiscaliza\u00e7\u00e3o de Meio Ambiente, Saneamento e Mudan\u00e7as Clim\u00e1ticas, Ana Em\u00edlia Thomaz, respons\u00e1vel pelo acompanhamento do tema.&nbsp;<\/p><h5 class=\"wp-block-heading\">Decis\u00e3o&nbsp;<\/h5><p>\u201cPor todo o exposto, depreende-se que restou comprovado que o Prefeito Municipal da Serra tomou as provid\u00eancias necess\u00e1rias e cab\u00edveis, para que o exposto no item 1.3 do Ac\u00f3rd\u00e3o TC-0036\/2024 fosse acatado e atendido\u201d, apontou o relator do processo, conselheiro Carlos Ranna, em seu voto.&nbsp;<\/p><p>No mesmo processo, tamb\u00e9m foi analisado o plano de munic\u00edpio de At\u00edlio Viv\u00e1cqua, que ainda n\u00e3o foi aprovado. Neste caso, o relator deu prazo de um ano para que os gestores efetivem a aprova\u00e7\u00e3o do Plano de Mobilidade Urbana. Segundo a prefeitura, devido \u00e0 mudan\u00e7a de gest\u00e3o e a outras quest\u00f5es internas t\u00edpicas do in\u00edcio de mandato, n\u00e3o foi poss\u00edvel cumprir o cronograma estabelecido, justificativa aceita pelo relator e pelos demais conselheiros que analisaram o processo.&nbsp;<\/p><p><strong><a href=\"https:\/\/www.tcees.tc.br\/consultas\/processo\/detalhar-processo?numero=2574&amp;ano=2023&amp;key=f2f3750b82573108e54ff8f676d9635b505921cb3fc94bcabc2933f5490e4bc5d4efa7a14142e87a02bfba897c2e588153f00e12fffd2cd55cbd1a8ef659ba5b\" target=\"_blank\" rel=\"noreferrer noopener\">Processo TC 2574\/2023<\/a><\/strong>&nbsp;<\/p><figure class=\"wp-block-table\"><table class=\"has-fixed-layout\"><tbody><tr><td><strong>Resumo em t\u00f3picos<\/strong> <br><br><strong>Conselho criado<\/strong>: Prefeitura da Serra atendeu determina\u00e7\u00e3o do TCE-ES e criou o Conselho Municipal de Mobilidade para garantir participa\u00e7\u00e3o social no plano.<br><br><strong>Prazo federal<\/strong>: Munic\u00edpios da Grande Vit\u00f3ria deveriam concluir seus planos at\u00e9 abril de 2024, sob risco de perder recursos do Minist\u00e9rio das Cidades.<br><br><strong>Participa\u00e7\u00e3o garantida<\/strong>: Conselho formado por nove membros inclui representantes da sociedade civil e t\u00e9cnicos, fortalecendo o controle social da mobilidade.<br><br><strong>Situa\u00e7\u00e3o pendente<\/strong>: Munic\u00edpio de At\u00edlio Viv\u00e1cqua ainda n\u00e3o aprovou seu plano; TCE-ES concedeu prazo de um ano para regulariza\u00e7\u00e3o devido \u00e0 troca de gest\u00e3o.<\/td><\/tr><\/tbody><\/table><\/figure><p><strong>Fonte: <\/strong><strong>TCE-ES<\/strong><\/p>\n    <div class=\"xs_social_share_widget xs_share_url after_content \t\tmain_content  wslu-style-1 wslu-share-box-shaped wslu-fill-colored wslu-none wslu-share-horizontal wslu-theme-font-no wslu-main_content\">\n\n\t\t\n        <ul>\n\t\t\t        <\/ul>\n    <\/div> \n","protected":false},"excerpt":{"rendered":"<p>A\u00a0Prefeitura Municipal da Serra\u00a0atendeu a uma determina\u00e7\u00e3o do\u00a0Tribunal de Contas do Estado do Esp\u00edrito Santo (TCE-ES)\u00a0e criou o Conselho Municipal de Mobilidade. A cria\u00e7\u00e3o foi determinada pelo TCE-ES ap\u00f3s fiscaliza\u00e7\u00e3o que verificou a situa\u00e7\u00e3o de\u00a0Planos Municipais de Mobilidade Urbana (PMU)\u00a0nos munic\u00edpios capixabas.\u202f\u00a0<\/p>\n","protected":false},"author":5,"featured_media":0,"comment_status":"open","ping_status":"open","sticky":false,"template":"","format":"standard","meta":{"postBodyCss":"","postBodyMargin":[],"postBodyPadding":[],"postBodyBackground":{"backgroundType":"classic","gradient":""},"_price":"","_stock":"","_tribe_ticket_header":"","_tribe_default_ticket_provider":"","_tribe_ticket_capacity":"0","_ticket_start_date":"","_ticket_end_date":"","_tribe_ticket_show_description":"","_tribe_ticket_show_not_going":false,"_tribe_ticket_use_global_stock":"","_tribe_ticket_global_stock_level":"","_global_stock_mode":"","_global_stock_cap":"","_tribe_rsvp_for_event":"","_tribe_ticket_going_count":"","_tribe_ticket_not_going_count":"","_tribe_tickets_list":"[]","_tribe_ticket_has_attendee_info_fields":false,"footnotes":""},"categories":[46],"tags":[14194,14195,3083,14193,14197,14196,4702,4707],"class_list":["post-13734","post","type-post","status-publish","format-standard","hentry","category-noticias","tag-conselho-municipal","tag-conselho-municipal-de-mobilidade","tag-determinacao","tag-planos-municipais-de-mobilidade-urbana","tag-pmu","tag-prefeitura-da-serra","tag-tce-es","tag-tribunal-de-contas-do-estado-do-espirito-santo"],"acf":[],"_links":{"self":[{"href":"https:\/\/sgpsolucoes.com.br\/site\/wp-json\/wp\/v2\/posts\/13734"}],"collection":[{"href":"https:\/\/sgpsolucoes.com.br\/site\/wp-json\/wp\/v2\/posts"}],"about":[{"href":"https:\/\/sgpsolucoes.com.br\/site\/wp-json\/wp\/v2\/types\/post"}],"author":[{"embeddable":true,"href":"https:\/\/sgpsolucoes.com.br\/site\/wp-json\/wp\/v2\/users\/5"}],"replies":[{"embeddable":true,"href":"https:\/\/sgpsolucoes.com.br\/site\/wp-json\/wp\/v2\/comments?post=13734"}],"version-history":[{"count":0,"href":"https:\/\/sgpsolucoes.com.br\/site\/wp-json\/wp\/v2\/posts\/13734\/revisions"}],"wp:attachment":[{"href":"https:\/\/sgpsolucoes.com.br\/site\/wp-json\/wp\/v2\/media?parent=13734"}],"wp:term":[{"taxonomy":"category","embeddable":true,"href":"https:\/\/sgpsolucoes.com.br\/site\/wp-json\/wp\/v2\/categories?post=13734"},{"taxonomy":"post_tag","embeddable":true,"href":"https:\/\/sgpsolucoes.com.br\/site\/wp-json\/wp\/v2\/tags?post=13734"}],"curies":[{"name":"wp","href":"https:\/\/api.w.org\/{rel}","templated":true}]}}