{"id":13737,"date":"2025-08-15T16:12:42","date_gmt":"2025-08-15T19:12:42","guid":{"rendered":"https:\/\/sgpsolucoes.com.br\/site\/?p=13737"},"modified":"2025-08-15T16:12:44","modified_gmt":"2025-08-15T19:12:44","slug":"suspenso-pregao-de-tijucas-do-sul-para-implantar-sistema-de-videomonitoramento","status":"publish","type":"post","link":"https:\/\/sgpsolucoes.com.br\/site\/suspenso-pregao-de-tijucas-do-sul-para-implantar-sistema-de-videomonitoramento\/","title":{"rendered":"Suspenso preg\u00e3o de Tijucas do Sul para implantar sistema de videomonitoramento"},"content":{"rendered":"<p>Por determina\u00e7\u00e3o do Tribunal de Contas do Estado do Paran\u00e1 (TCE-PR), est\u00e1 suspenso o Preg\u00e3o Eletr\u00f4nico n\u00ba 24\/2025, lan\u00e7ado pelo Munic\u00edpio de Tijucas do Sul, na Regi\u00e3o Metropolitana de Curitiba, para a aquisi\u00e7\u00e3o e operacionaliza\u00e7\u00e3o de sistema de videomonitoramento local com pre\u00e7o m\u00e1ximo de R$ 226,1 mil.<\/p><p>A medida cautelar foi expedida pelo conselheiro Durval Amaral diante de supostas irregularidades capazes de comprometer a economicidade da contrata\u00e7\u00e3o pelo ente p\u00fablico. A decis\u00e3o monocr\u00e1tica, datada da \u00faltima ter\u00e7a-feira (12 de agosto), foi homologada, de forma un\u00e2nime, pelos demais membros do Tribunal Pleno do TCE-PR na Sess\u00e3o Ordin\u00e1ria n\u00ba 29\/2025, realizada nesta quarta (dia 13).<\/p><p><strong>Cautelar<\/strong><\/p><p>Segundo consta da liminar, concedida em processo de Representa\u00e7\u00e3o da Lei de Licita\u00e7\u00f5es movida por uma das participantes do certame, diversos itens do edital estariam em desacordo com a legisla\u00e7\u00e3o aplic\u00e1vel, bem como aparentariam possuir pontos gen\u00e9ricos ou contradit\u00f3rios, a ponto de inviabilizar sua interpreta\u00e7\u00e3o clara e objetiva pelas licitantes.<\/p><p>O preg\u00e3o, cujo edital j\u00e1 foi republicado com pequenas corre\u00e7\u00f5es, sem, no entanto, o afastamento das principais controv\u00e9rsias, tem como objetivo a aquisi\u00e7\u00e3o de c\u00e2meras para monitoramento do tr\u00e2nsito e identifica\u00e7\u00e3o de autom\u00f3veis e indiv\u00edduos, bem como para emiss\u00e3o de relat\u00f3rios e comunica\u00e7\u00e3o em tempo real com outras esferas e organiza\u00e7\u00f5es do poder p\u00fablico.<\/p><p>Ainda em seu corpo, o edital possui exig\u00eancias t\u00e9cnicas complexas como protocolos de comunica\u00e7\u00e3o entre pontos de capta\u00e7\u00e3o de imagens e armazenamento desses dados, protocolos de acesso de usu\u00e1rios, bem como especifica\u00e7\u00f5es de funcionamento e instala\u00e7\u00e3o dos equipamentos e licen\u00e7as de&nbsp;<em>software<\/em>.<\/p><p>De acordo com a representante, entre as irregularidades apontadas est\u00e3o a falta de indica\u00e7\u00e3o precisa dos locais nos quais ser\u00e3o instaladas as c\u00e2meras, impossibilitando as concorrentes de elaborarem propostas com fundamento em dados objetivos. Associada a esta suposta irregularidade, h\u00e1 ainda a aus\u00eancia de cronograma de entrega dos materiais e de instala\u00e7\u00e3o do sistema.<\/p><p>Outro ponto alegado pela empresa representante \u00e9 a aus\u00eancia de crit\u00e9rios t\u00e9cnicos para a execu\u00e7\u00e3o da prova de conceito, consistente na demonstra\u00e7\u00e3o durante testes reais pelas concorrentes de que seus sistemas em julgamento s\u00e3o capazes de atender \u00e0 integralidade do objeto.<\/p><p>Segundo a empresa, n\u00e3o h\u00e1 dados, por exemplo, das formas de conex\u00e3o e protocolos de comunica\u00e7\u00e3o entre o futuro sistema a ser instalado e as conex\u00f5es e protocolos de comunica\u00e7\u00e3o com outros \u00f3rg\u00e3os apontados no edital. Entre estes, estariam as secretarias de Seguran\u00e7a dos estados do Sul, o Minist\u00e9rio da Justi\u00e7a, pol\u00edcias Militar e Rodovi\u00e1ria Federal, bem como munic\u00edpios do entorno de Tijucas do Sul.<\/p><p><strong>Decis\u00e3o<\/strong><\/p><p>Para o conselheiro Durval Amaral, diante de informa\u00e7\u00f5es incompletas prestadas pelo munic\u00edpio, em defesa preliminar, al\u00e9m da suspens\u00e3o e republica\u00e7\u00e3o do edital com os alegados erros apontados na Representa\u00e7\u00e3o, houve necessidade de suspens\u00e3o cautelar do certame.<\/p><p>&#8220;Desse modo, dada a incompletude das justificativas trazidas em manifesta\u00e7\u00e3o pr\u00e9via, a verossimilhan\u00e7a das alega\u00e7\u00f5es, que inclusive motivaram o recebimento do feito, e a atitude injustificada, em uma primeira an\u00e1lise, da suspens\u00e3o e republica\u00e7\u00e3o do edital, entendo por bem determinar a suspens\u00e3o do certame na fase em que se encontra at\u00e9 que se viabilize a obten\u00e7\u00e3o de maiores informa\u00e7\u00f5es acerca do ocorrido&#8221;, justificou o relator.<\/p><p>O Munic\u00edpio de Tijucas do Sul e seus representantes legais foram intimados da decis\u00e3o e informados da abertura de prazo processual de 15 dias para a apresenta\u00e7\u00e3o de defesa. Os efeitos da cautelar ser\u00e3o mantidos at\u00e9 o julgamento de m\u00e9rito da Representa\u00e7\u00e3o, a menos que ocorra sua revoga\u00e7\u00e3o antes disso.<\/p><p><strong><u>Servi\u00e7o<\/u><\/strong><\/p><figure class=\"wp-block-table\"><table class=\"has-fixed-layout\"><tbody><tr><td><strong>Processo<\/strong>&nbsp;<strong>n\u00ba<\/strong>:<\/td><td>441833\/25<\/td><\/tr><tr><td><strong>Despacho n\u00ba<\/strong><\/td><td>1004\/25 &#8211; Gabinete do Conselheiro Durval Amaral<\/td><\/tr><tr><td><strong>Assunto<\/strong>:<\/td><td>Representa\u00e7\u00e3o da Lei de Licita\u00e7\u00f5es<\/td><\/tr><tr><td><strong>Entidade<\/strong>:<\/td><td>Munic\u00edpio de Tijucas do Sul<\/td><\/tr><tr><td><strong>Interessados<\/strong>:<\/td><td>Aline Woiakievicz Giombelli, Cristiane do Carmo da Silva, Jos\u00e9 Altair Moreira, Luan Henrique de Souza Silva, Tercons Terceiriza\u00e7\u00e3o de M\u00e3o de Obra, Consultoria e Loca\u00e7\u00f5es Ltda.<\/td><\/tr><tr><td><strong>Relator<\/strong>:<\/td><td>Conselheiro Jos\u00e9 Durval Mattos do Amaral<\/td><\/tr><\/tbody><\/table><\/figure><p><strong>Fonte:&nbsp;TCE\/PR<\/strong><\/p>\n    <div class=\"xs_social_share_widget xs_share_url after_content \t\tmain_content  wslu-style-1 wslu-share-box-shaped wslu-fill-colored wslu-none wslu-share-horizontal wslu-theme-font-no wslu-main_content\">\n\n\t\t\n        <ul>\n\t\t\t        <\/ul>\n    <\/div> \n","protected":false},"excerpt":{"rendered":"<p>Por determina\u00e7\u00e3o do Tribunal de Contas do Estado do Paran\u00e1 (TCE-PR), est\u00e1 suspenso o Preg\u00e3o Eletr\u00f4nico n\u00ba 24\/2025, lan\u00e7ado pelo Munic\u00edpio de Tijucas do Sul, na Regi\u00e3o Metropolitana de Curitiba, para a aquisi\u00e7\u00e3o e operacionaliza\u00e7\u00e3o de sistema de videomonitoramento local com pre\u00e7o m\u00e1ximo de R$ 226,1 mil.<\/p>\n","protected":false},"author":5,"featured_media":0,"comment_status":"open","ping_status":"open","sticky":false,"template":"","format":"standard","meta":{"postBodyCss":"","postBodyMargin":[],"postBodyPadding":[],"postBodyBackground":{"backgroundType":"classic","gradient":""},"_price":"","_stock":"","_tribe_ticket_header":"","_tribe_default_ticket_provider":"","_tribe_ticket_capacity":"0","_ticket_start_date":"","_ticket_end_date":"","_tribe_ticket_show_description":"","_tribe_ticket_show_not_going":false,"_tribe_ticket_use_global_stock":"","_tribe_ticket_global_stock_level":"","_global_stock_mode":"","_global_stock_cap":"","_tribe_rsvp_for_event":"","_tribe_ticket_going_count":"","_tribe_ticket_not_going_count":"","_tribe_tickets_list":"[]","_tribe_ticket_has_attendee_info_fields":false,"footnotes":""},"categories":[46],"tags":[1138,2679,1017,3803,3221,489,14202,14201,12721,501,499,4876,2189,14199,354,14198,356,6445,7489,14200],"class_list":["post-13737","post","type-post","status-publish","format-standard","hentry","category-noticias","tag-aquisicao","tag-contratacao","tag-decisao-monocratica","tag-economicidade","tag-ente-publico","tag-irregularidades","tag-municipio-de-tijucas-do-sul","tag-operacionalizacao","tag-preco-maximo","tag-pregao","tag-pregao-eletronico","tag-regiao-metropolitana-de-curitiba","tag-sistema","tag-sistema-de-videomonitoramento","tag-tce-pr","tag-tijucas-do-sul","tag-tribunal-de-contas-do-estado-do-parana","tag-tribunal-pleno","tag-unanime","tag-videomonitoramento"],"acf":[],"_links":{"self":[{"href":"https:\/\/sgpsolucoes.com.br\/site\/wp-json\/wp\/v2\/posts\/13737"}],"collection":[{"href":"https:\/\/sgpsolucoes.com.br\/site\/wp-json\/wp\/v2\/posts"}],"about":[{"href":"https:\/\/sgpsolucoes.com.br\/site\/wp-json\/wp\/v2\/types\/post"}],"author":[{"embeddable":true,"href":"https:\/\/sgpsolucoes.com.br\/site\/wp-json\/wp\/v2\/users\/5"}],"replies":[{"embeddable":true,"href":"https:\/\/sgpsolucoes.com.br\/site\/wp-json\/wp\/v2\/comments?post=13737"}],"version-history":[{"count":0,"href":"https:\/\/sgpsolucoes.com.br\/site\/wp-json\/wp\/v2\/posts\/13737\/revisions"}],"wp:attachment":[{"href":"https:\/\/sgpsolucoes.com.br\/site\/wp-json\/wp\/v2\/media?parent=13737"}],"wp:term":[{"taxonomy":"category","embeddable":true,"href":"https:\/\/sgpsolucoes.com.br\/site\/wp-json\/wp\/v2\/categories?post=13737"},{"taxonomy":"post_tag","embeddable":true,"href":"https:\/\/sgpsolucoes.com.br\/site\/wp-json\/wp\/v2\/tags?post=13737"}],"curies":[{"name":"wp","href":"https:\/\/api.w.org\/{rel}","templated":true}]}}