{"id":13751,"date":"2025-08-18T12:16:15","date_gmt":"2025-08-18T15:16:15","guid":{"rendered":"https:\/\/sgpsolucoes.com.br\/site\/?p=13751"},"modified":"2025-08-18T12:16:16","modified_gmt":"2025-08-18T15:16:16","slug":"stf-afasta-procurador-geral-do-maranhao-por-descumprir-decisoes-da-corte","status":"publish","type":"post","link":"https:\/\/sgpsolucoes.com.br\/site\/stf-afasta-procurador-geral-do-maranhao-por-descumprir-decisoes-da-corte\/","title":{"rendered":"STF afasta procurador-geral do Maranh\u00e3o por descumprir decis\u00f5es da Corte\u00a0"},"content":{"rendered":"<p><em><strong>Segundo ministro Alexandre de Moraes, Vald\u00eanio Caminha n\u00e3o cumpriu ordem para suspender nomea\u00e7\u00e3o de servidores por nepotismo\u00a0<\/strong><\/em><\/p><p>O ministro Alexandre de Moraes, do Supremo Tribunal Federal (STF), determinou nesta sexta-feira (15) o afastamento imediato de Vald\u00eanio Nogueira Caminha do cargo de procurador-geral do Estado do Maranh\u00e3o. Ele tamb\u00e9m est\u00e1 proibido de exercer fun\u00e7\u00f5es em qualquer um dos Poderes estaduais.<\/p><figure class=\"wp-block-image size-full is-resized\"><img decoding=\"async\" src=\"https:\/\/sgpsolucoes.com.br\/site\/wp-content\/uploads\/2025\/08\/image.png\" alt=\"\" class=\"wp-image-13752\" style=\"width:840px;height:auto\"\/><\/figure><p><em><img fetchpriority=\"high\" decoding=\"async\" width=\"330\" height=\"190\" src=\"\" alt=\"Est\u00e1tua da Justi\u00e7a diante do edif\u00edcio-sede do STF\"> &#8211; Foto: STF\/SCO<\/em><\/p><p>A c\u00f3pia de sua exonera\u00e7\u00e3o publicada em di\u00e1rio oficial dever\u00e1 ser enviada ao STF em at\u00e9 24 horas. A ordem para afastamento tamb\u00e9m envolve suspens\u00e3o de sal\u00e1rio e benef\u00edcios. A decis\u00e3o foi tomada na Reclama\u00e7\u00e3o&nbsp;<a href=\"https:\/\/portal.stf.jus.br\/processos\/detalhe.asp?incidente=6970618\" target=\"_blank\" rel=\"noreferrer noopener\"><strong>(RCL) 69486<\/strong><\/a>&nbsp;, movida pelo partido Solidariedade. &nbsp;<\/p><p>O afastamento foi determinado por descumprimento de ordens do STF. Conforme o ministro, o procurador tomou medidas para atrasar ou inviabilizar a decis\u00e3o de suspender a nomea\u00e7\u00e3o de servidores por nepotismo.&nbsp;<\/p><p><strong>Nepotismo<\/strong><\/p><p>Em outubro de 2024, o ministro Alexandre havia suspendido a nomea\u00e7\u00e3o de cinco parentes do governador do Maranh\u00e3o, Carlos Brand\u00e3o, em \u00f3rg\u00e3os e empresas p\u00fablicas do estado. O ministro entendeu que as contrata\u00e7\u00f5es caracterizavam nepotismo, pr\u00e1tica vedada pela S\u00famula Vinculante (SV) 13 do STF.&nbsp;<\/p><p>Mesmo com essa decis\u00e3o, o Solidariedade informou ao STF que o procurador-geral do Maranh\u00e3o havia autorizado a continuidade do pagamento de sal\u00e1rio a um desses servidores e teria atrasado especificamente a exonera\u00e7\u00e3o de outro.&nbsp;<\/p><p><strong>Afronta<\/strong><\/p><p>Ao apreciar o caso, o ministro Alexandre de Moraes considerou que houve \u201cclara afronta\u201d \u00e0 decis\u00e3o do Supremo, com descumprimento parcial da determina\u00e7\u00e3o \u201cde forma deliberada\u201d. O procurador-geral n\u00e3o poderia fazer qualquer interpreta\u00e7\u00e3o da ordem, como a possibilidade de manter os sal\u00e1rios, disse o ministro. &nbsp;<\/p><p>\u201cLogicamente, n\u00e3o cabe ao Poder Judici\u00e1rio moldar subjetivamente a Administra\u00e7\u00e3o P\u00fablica, por\u00e9m a constitucionaliza\u00e7\u00e3o das normas b\u00e1sicas do Direito Administrativo permite ao Judici\u00e1rio impedir que o Executivo molde a Administra\u00e7\u00e3o P\u00fablica em discord\u00e2ncia a seus princ\u00edpios e preceitos constitucionais b\u00e1sicos\u201d, destacou o ministro. &nbsp;<\/p><p><strong><a href=\"https:\/\/portal.stf.jus.br\/processos\/downloadPeca.asp?id=15379100725&amp;ext=.pdf\" target=\"_blank\" rel=\"noreferrer noopener\">Leia a \u00edntegra da decis\u00e3o<\/a><\/strong>&nbsp;<\/p><p><strong>Fonte: STF<\/strong><\/p>\n    <div class=\"xs_social_share_widget xs_share_url after_content \t\tmain_content  wslu-style-1 wslu-share-box-shaped wslu-fill-colored wslu-none wslu-share-horizontal wslu-theme-font-no wslu-main_content\">\n\n\t\t\n        <ul>\n\t\t\t        <\/ul>\n    <\/div> \n","protected":false},"excerpt":{"rendered":"<p>O ministro Alexandre de Moraes, do Supremo Tribunal Federal (STF), determinou nesta sexta-feira (15) o afastamento imediato de Vald\u00eanio Nogueira Caminha do cargo de procurador-geral do Estado do Maranh\u00e3o. Ele tamb\u00e9m est\u00e1 proibido de exercer fun\u00e7\u00f5es em qualquer um dos Poderes estaduais.<\/p>\n","protected":false},"author":5,"featured_media":0,"comment_status":"open","ping_status":"open","sticky":false,"template":"","format":"standard","meta":{"postBodyCss":"","postBodyMargin":[],"postBodyPadding":[],"postBodyBackground":{"backgroundType":"classic","gradient":""},"_price":"","_stock":"","_tribe_ticket_header":"","_tribe_default_ticket_provider":"","_tribe_ticket_capacity":"0","_ticket_start_date":"","_ticket_end_date":"","_tribe_ticket_show_description":"","_tribe_ticket_show_not_going":false,"_tribe_ticket_use_global_stock":"","_tribe_ticket_global_stock_level":"","_global_stock_mode":"","_global_stock_cap":"","_tribe_rsvp_for_event":"","_tribe_ticket_going_count":"","_tribe_ticket_not_going_count":"","_tribe_tickets_list":"[]","_tribe_ticket_has_attendee_info_fields":false,"footnotes":""},"categories":[46],"tags":[5360,3779,1035,14215,3525,3377,1460,9439,2322,1390,14218,3718,14217,1344,347,348,14214,14216],"class_list":["post-13751","post","type-post","status-publish","format-standard","hentry","category-noticias","tag-afastamento","tag-alexandre-de-moraes","tag-cargo","tag-descumprir-decisoes","tag-funcoes","tag-maranhao","tag-ministro","tag-ministro-alexandre-de-moraes","tag-nepotismo","tag-nomeacao","tag-poderes-estaduais","tag-procurador-geral","tag-procurador-geral-do-estado-do-maranhao","tag-servidores","tag-stf","tag-supremo-tribunal-federal","tag-valdenio-caminha","tag-valdenio-nogueira-caminha"],"acf":[],"_links":{"self":[{"href":"https:\/\/sgpsolucoes.com.br\/site\/wp-json\/wp\/v2\/posts\/13751"}],"collection":[{"href":"https:\/\/sgpsolucoes.com.br\/site\/wp-json\/wp\/v2\/posts"}],"about":[{"href":"https:\/\/sgpsolucoes.com.br\/site\/wp-json\/wp\/v2\/types\/post"}],"author":[{"embeddable":true,"href":"https:\/\/sgpsolucoes.com.br\/site\/wp-json\/wp\/v2\/users\/5"}],"replies":[{"embeddable":true,"href":"https:\/\/sgpsolucoes.com.br\/site\/wp-json\/wp\/v2\/comments?post=13751"}],"version-history":[{"count":0,"href":"https:\/\/sgpsolucoes.com.br\/site\/wp-json\/wp\/v2\/posts\/13751\/revisions"}],"wp:attachment":[{"href":"https:\/\/sgpsolucoes.com.br\/site\/wp-json\/wp\/v2\/media?parent=13751"}],"wp:term":[{"taxonomy":"category","embeddable":true,"href":"https:\/\/sgpsolucoes.com.br\/site\/wp-json\/wp\/v2\/categories?post=13751"},{"taxonomy":"post_tag","embeddable":true,"href":"https:\/\/sgpsolucoes.com.br\/site\/wp-json\/wp\/v2\/tags?post=13751"}],"curies":[{"name":"wp","href":"https:\/\/api.w.org\/{rel}","templated":true}]}}