{"id":13755,"date":"2025-08-18T12:27:15","date_gmt":"2025-08-18T15:27:15","guid":{"rendered":"https:\/\/sgpsolucoes.com.br\/site\/?p=13755"},"modified":"2025-08-18T12:27:16","modified_gmt":"2025-08-18T15:27:16","slug":"stf-reconhece-legitimidade-do-mp-para-firmar-acordos-com-entidades-desportivas","status":"publish","type":"post","link":"https:\/\/sgpsolucoes.com.br\/site\/stf-reconhece-legitimidade-do-mp-para-firmar-acordos-com-entidades-desportivas\/","title":{"rendered":"STF reconhece legitimidade do MP para firmar acordos com entidades desportivas"},"content":{"rendered":"<p><em><strong>Plen\u00e1rio definiu que a atua\u00e7\u00e3o, contudo, n\u00e3o deve abranger quest\u00f5es de mera organiza\u00e7\u00e3o interna<\/strong><\/em><\/p><p>O Plen\u00e1rio do Supremo Tribunal Federal (STF) reconheceu, por maioria, a legitimidade do Minist\u00e9rio P\u00fablico (MP) para atuar em casos envolvendo entidades desportivas quando houver viola\u00e7\u00e3o de direitos coletivos.<\/p><figure class=\"wp-block-image size-large\"><img decoding=\"async\" src=\"https:\/\/sgpsolucoes.com.br\/site\/wp-content\/uploads\/2025\/08\/image-1-1024x683.png\" alt=\"\" class=\"wp-image-13757\"\/><figcaption class=\"wp-element-caption\"><em>Foto: Gustavo Moreno\/STF<\/em><\/figcaption><\/figure><p>O colegiado estabeleceu, contudo, que essa atua\u00e7\u00e3o n\u00e3o deve alcan\u00e7ar quest\u00f5es estritamente internas dessas entidades, salvo nas hip\u00f3teses em que haja afronta \u00e0 lei ou \u00e0 Constitui\u00e7\u00e3o Federal, ou em investiga\u00e7\u00f5es de crimes e infra\u00e7\u00f5es administrativas.<\/p><p>A decis\u00e3o foi tomada em sess\u00e3o virtual encerrada em 8 de agosto, no julgamento da A\u00e7\u00e3o Direta de Inconstitucionalidade (ADI) 7580, sob a relatoria do ministro Gilmar Mendes. Para o decano, a Constitui\u00e7\u00e3o e a legisla\u00e7\u00e3o brasileira conferem ao Minist\u00e9rio P\u00fablico compet\u00eancia para intervir em assuntos esportivos, desde que relacionados \u00e0 prote\u00e7\u00e3o de direitos individuais ou coletivos.<\/p><p>O ministro destacou, entretanto, que essa atua\u00e7\u00e3o n\u00e3o pode ultrapassar o \u00e2mbito de autogoverno garantido constitucionalmente \u00e0s entidades, admitindo exce\u00e7\u00e3o apenas para apura\u00e7\u00f5es criminais e administrativas ou nos casos de viola\u00e7\u00e3o da legisla\u00e7\u00e3o ou da Constitui\u00e7\u00e3o.<\/p><p>O voto do relator foi acompanhado pela ministra C\u00e1rmen L\u00facia e pelos ministros Alexandre de Moraes, Fl\u00e1vio Dino, Cristiano Zanin, Edson Fachin, Nunes Marques e Dias Toffoli.<\/p><h5 class=\"wp-block-heading\"><strong>Diverg\u00eancia<\/strong><\/h5><p>O ministro Andr\u00e9 Mendon\u00e7a divergiu, entendendo que a atua\u00e7\u00e3o do Minist\u00e9rio P\u00fablico deveria se restringir \u00e0 prote\u00e7\u00e3o do consumidor ou a situa\u00e7\u00f5es em que ficasse demonstrada, de forma concreta, a viola\u00e7\u00e3o a direitos sociais, como sa\u00fade, integridade f\u00edsica, direitos trabalhistas, liberdade econ\u00f4mica e isonomia no tratamento de torcedores.<\/p><p>Os ministros Luiz Fux e o presidente do STF, Lu\u00eds Roberto Barroso, n\u00e3o participaram do julgamento, em raz\u00e3o de impedimento e suspei\u00e7\u00e3o, respectivamente.<\/p><p><strong>Fonte: STF<\/strong><\/p>\n    <div class=\"xs_social_share_widget xs_share_url after_content \t\tmain_content  wslu-style-1 wslu-share-box-shaped wslu-fill-colored wslu-none wslu-share-horizontal wslu-theme-font-no wslu-main_content\">\n\n\t\t\n        <ul>\n\t\t\t        <\/ul>\n    <\/div> \n","protected":false},"excerpt":{"rendered":"<p>O Plen\u00e1rio do Supremo Tribunal Federal (STF) reconheceu, por maioria, a legitimidade do Minist\u00e9rio P\u00fablico (MP) para atuar em casos envolvendo entidades desportivas quando houver viola\u00e7\u00e3o de direitos coletivos.<\/p>\n","protected":false},"author":5,"featured_media":0,"comment_status":"open","ping_status":"open","sticky":false,"template":"","format":"standard","meta":{"postBodyCss":"","postBodyMargin":[],"postBodyPadding":[],"postBodyBackground":{"backgroundType":"classic","gradient":""},"_price":"","_stock":"","_tribe_ticket_header":"","_tribe_default_ticket_provider":"","_tribe_ticket_capacity":"0","_ticket_start_date":"","_ticket_end_date":"","_tribe_ticket_show_description":"","_tribe_ticket_show_not_going":false,"_tribe_ticket_use_global_stock":"","_tribe_ticket_global_stock_level":"","_global_stock_mode":"","_global_stock_cap":"","_tribe_rsvp_for_event":"","_tribe_ticket_going_count":"","_tribe_ticket_not_going_count":"","_tribe_tickets_list":"[]","_tribe_ticket_has_attendee_info_fields":false,"footnotes":""},"categories":[46],"tags":[5611,14223,14222,14220,724,14221,14219,1909,4246,351,347,348,14224],"class_list":["post-13755","post","type-post","status-publish","format-standard","hentry","category-noticias","tag-acordos","tag-casos","tag-direitos-coletivos","tag-entidades-desportivas","tag-legitimidade","tag-legitimidade-do-ministerio-publico","tag-mera-organizacao-interna","tag-ministerio-publico","tag-mp","tag-plenario","tag-stf","tag-supremo-tribunal-federal","tag-violacao-de-direitos-coletivos"],"acf":[],"_links":{"self":[{"href":"https:\/\/sgpsolucoes.com.br\/site\/wp-json\/wp\/v2\/posts\/13755"}],"collection":[{"href":"https:\/\/sgpsolucoes.com.br\/site\/wp-json\/wp\/v2\/posts"}],"about":[{"href":"https:\/\/sgpsolucoes.com.br\/site\/wp-json\/wp\/v2\/types\/post"}],"author":[{"embeddable":true,"href":"https:\/\/sgpsolucoes.com.br\/site\/wp-json\/wp\/v2\/users\/5"}],"replies":[{"embeddable":true,"href":"https:\/\/sgpsolucoes.com.br\/site\/wp-json\/wp\/v2\/comments?post=13755"}],"version-history":[{"count":0,"href":"https:\/\/sgpsolucoes.com.br\/site\/wp-json\/wp\/v2\/posts\/13755\/revisions"}],"wp:attachment":[{"href":"https:\/\/sgpsolucoes.com.br\/site\/wp-json\/wp\/v2\/media?parent=13755"}],"wp:term":[{"taxonomy":"category","embeddable":true,"href":"https:\/\/sgpsolucoes.com.br\/site\/wp-json\/wp\/v2\/categories?post=13755"},{"taxonomy":"post_tag","embeddable":true,"href":"https:\/\/sgpsolucoes.com.br\/site\/wp-json\/wp\/v2\/tags?post=13755"}],"curies":[{"name":"wp","href":"https:\/\/api.w.org\/{rel}","templated":true}]}}