{"id":13797,"date":"2025-08-18T12:49:33","date_gmt":"2025-08-18T15:49:33","guid":{"rendered":"https:\/\/sgpsolucoes.com.br\/site\/?p=13797"},"modified":"2025-08-18T12:49:34","modified_gmt":"2025-08-18T15:49:34","slug":"tce-sc-reforma-entendimento-sobre-contratacao-temporaria","status":"publish","type":"post","link":"https:\/\/sgpsolucoes.com.br\/site\/tce-sc-reforma-entendimento-sobre-contratacao-temporaria\/","title":{"rendered":"TCE\/SC reforma entendimento sobre contrata\u00e7\u00e3o tempor\u00e1ria"},"content":{"rendered":"<p>O Pleno do Tribunal de Contas de Santa Catarina (TCE\/SC) deliberou, em sess\u00e3o ordin\u00e1ria virtual encerrada no dia 18 de julho, pela revoga\u00e7\u00e3o integral do Prejulgado n. 2041, que tratava da contrata\u00e7\u00e3o de pessoal por tempo determinado com base exclusivamente na an\u00e1lise de t\u00edtulos.&nbsp;&nbsp;<\/p><p>A decis\u00e3o contemplou ainda a reforma do Prejulgado n. 1927, estabelecendo novos crit\u00e9rios para a contrata\u00e7\u00e3o tempor\u00e1ria na administra\u00e7\u00e3o p\u00fablica. De acordo com a Decis\u00e3o n. 837\/2025, publicada no&nbsp;<a href=\"https:\/\/consulta.tce.sc.gov.br\/Diario\/dotc-e2025-07-29.pdf\" target=\"_blank\" rel=\"noreferrer noopener\">Di\u00e1rio Oficial Eletr\u00f4nico do TCE\/SC<\/a>&nbsp;do dia 29\/7\/2025, o recrutamento deve ocorrer por meio de processo seletivo simplificado, devidamente normatizado e amplamente divulgado, com crit\u00e9rios objetivos e informa\u00e7\u00f5es claras sobre as fun\u00e7\u00f5es, exig\u00eancias, remunera\u00e7\u00e3o, carga hor\u00e1ria, dura\u00e7\u00e3o do contrato e possibilidade de prorroga\u00e7\u00e3o.&nbsp;<\/p><p>A avalia\u00e7\u00e3o dos candidatos dever\u00e1 ser realizada por meio de provas ou provas e t\u00edtulos, sendo a dispensa da prova escrita permitida apenas em situa\u00e7\u00f5es excepcionais, como urg\u00eancia efetiva ou calamidade p\u00fablica, desde que devidamente motivada e limitada no tempo e no alcance. Nesses casos, a pontua\u00e7\u00e3o deve ser previamente definida de forma objetiva no edital, respeitando os princ\u00edpios constitucionais da impessoalidade, moralidade e acessibilidade. A diretora de Atos de Pessoal (DAP) do TCE\/SC, Ana Paula Machado da Costa, alerta que a avalia\u00e7\u00e3o s\u00f3 com t\u00edtulos \u00e9 a exce\u00e7\u00e3o. \u201cA regra geral \u00e9 o recrutamento por meio de processo seletivo\u201d, aponta.&nbsp;&nbsp;<\/p><p>A decis\u00e3o do TCE\/SC foi uma resposta \u00e0 consulta @CON 25\/00080689, encaminhada pela C\u00e2mara Municipal de Palmeira e pela Associa\u00e7\u00e3o dos Munic\u00edpios da Regi\u00e3o de Laguna (Amurel).&nbsp;<\/p><p><strong>Fonte: TCE\/SC<\/strong><\/p>\n    <div class=\"xs_social_share_widget xs_share_url after_content \t\tmain_content  wslu-style-1 wslu-share-box-shaped wslu-fill-colored wslu-none wslu-share-horizontal wslu-theme-font-no wslu-main_content\">\n\n\t\t\n        <ul>\n\t\t\t        <\/ul>\n    <\/div> \n","protected":false},"excerpt":{"rendered":"<p>O Pleno do Tribunal de Contas de Santa Catarina (TCE\/SC) deliberou, em sess\u00e3o ordin\u00e1ria virtual encerrada no dia 18 de julho, pela revoga\u00e7\u00e3o integral do Prejulgado n. 2041, que tratava da contrata\u00e7\u00e3o de pessoal por tempo determinado com base exclusivamente na an\u00e1lise de t\u00edtulos.\u00a0\u00a0<\/p>\n","protected":false},"author":5,"featured_media":0,"comment_status":"open","ping_status":"open","sticky":false,"template":"","format":"standard","meta":{"postBodyCss":"","postBodyMargin":[],"postBodyPadding":[],"postBodyBackground":{"backgroundType":"classic","gradient":""},"_price":"","_stock":"","_tribe_ticket_header":"","_tribe_default_ticket_provider":"","_tribe_ticket_capacity":"0","_ticket_start_date":"","_ticket_end_date":"","_tribe_ticket_show_description":"","_tribe_ticket_show_not_going":false,"_tribe_ticket_use_global_stock":"","_tribe_ticket_global_stock_level":"","_global_stock_mode":"","_global_stock_cap":"","_tribe_rsvp_for_event":"","_tribe_ticket_going_count":"","_tribe_ticket_not_going_count":"","_tribe_tickets_list":"[]","_tribe_ticket_has_attendee_info_fields":false,"footnotes":""},"categories":[46],"tags":[129,14247,14243,5292,14244,14248,1199,14246,14245,1307,590,14242,589],"class_list":["post-13797","post","type-post","status-publish","format-standard","hentry","category-noticias","tag-administracao-publica","tag-analise-de-titulos","tag-contratacao-de-pessoal-por-tempo-determinado","tag-contratacao-temporaria","tag-exclusivamente","tag-novos-criterios","tag-pleno","tag-prejulgado-n-1927","tag-prejulgado-n-2041","tag-tce-sc-2","tag-tce-sc","tag-tempo-determinado","tag-tribunal-de-contas-de-santa-catarina"],"acf":[],"_links":{"self":[{"href":"https:\/\/sgpsolucoes.com.br\/site\/wp-json\/wp\/v2\/posts\/13797"}],"collection":[{"href":"https:\/\/sgpsolucoes.com.br\/site\/wp-json\/wp\/v2\/posts"}],"about":[{"href":"https:\/\/sgpsolucoes.com.br\/site\/wp-json\/wp\/v2\/types\/post"}],"author":[{"embeddable":true,"href":"https:\/\/sgpsolucoes.com.br\/site\/wp-json\/wp\/v2\/users\/5"}],"replies":[{"embeddable":true,"href":"https:\/\/sgpsolucoes.com.br\/site\/wp-json\/wp\/v2\/comments?post=13797"}],"version-history":[{"count":0,"href":"https:\/\/sgpsolucoes.com.br\/site\/wp-json\/wp\/v2\/posts\/13797\/revisions"}],"wp:attachment":[{"href":"https:\/\/sgpsolucoes.com.br\/site\/wp-json\/wp\/v2\/media?parent=13797"}],"wp:term":[{"taxonomy":"category","embeddable":true,"href":"https:\/\/sgpsolucoes.com.br\/site\/wp-json\/wp\/v2\/categories?post=13797"},{"taxonomy":"post_tag","embeddable":true,"href":"https:\/\/sgpsolucoes.com.br\/site\/wp-json\/wp\/v2\/tags?post=13797"}],"curies":[{"name":"wp","href":"https:\/\/api.w.org\/{rel}","templated":true}]}}