{"id":13824,"date":"2025-08-19T13:05:21","date_gmt":"2025-08-19T16:05:21","guid":{"rendered":"https:\/\/sgpsolucoes.com.br\/site\/?p=13824"},"modified":"2025-08-19T13:05:23","modified_gmt":"2025-08-19T16:05:23","slug":"tce-es-emite-determinacoes-para-adequacao-de-edital-de-ppp-para-iluminacao-publica-em-afonso-claudio","status":"publish","type":"post","link":"https:\/\/sgpsolucoes.com.br\/site\/tce-es-emite-determinacoes-para-adequacao-de-edital-de-ppp-para-iluminacao-publica-em-afonso-claudio\/","title":{"rendered":"TCE-ES emite determina\u00e7\u00f5es para adequa\u00e7\u00e3o de edital de PPP para ilumina\u00e7\u00e3o p\u00fablica em Afonso Cl\u00e1udio\u00a0"},"content":{"rendered":"<p>O Tribunal de Contas do Estado do Esp\u00edrito Santo (TCE-ES) concluiu&nbsp;<mark>fiscaliza\u00e7\u00e3o<\/mark>&nbsp;em que analisou&nbsp;<mark>minuta do edital de licita\u00e7\u00e3o<\/mark>&nbsp;para&nbsp;<mark>Parceria P\u00fablico-Privada (PPP)<\/mark>&nbsp;de servi\u00e7os de ilumina\u00e7\u00e3o p\u00fablica, implanta\u00e7\u00e3o, opera\u00e7\u00e3o e manuten\u00e7\u00e3o de Usina Fotovoltaica, e da Infraestrutura de Telecomunica\u00e7\u00f5es do munic\u00edpio de Afonso Cl\u00e1udio. O Plen\u00e1rio emitiu&nbsp;<mark>determina\u00e7\u00f5es<\/mark>&nbsp;e&nbsp;<mark>recomenda\u00e7\u00f5es<\/mark>&nbsp;para que a prefeitura providencie adequa\u00e7\u00f5es no edital, antes de sua publica\u00e7\u00e3o.&nbsp;&nbsp;<\/p><p>O processo foi julgado na sess\u00e3o virtual do Plen\u00e1rio da \u00faltima quinta-feira (7), conforme o voto do relator, conselheiro Davi Diniz. Nesse processo, o&nbsp;<mark>volume de recursos fiscalizados<\/mark>&nbsp;alcan\u00e7a o montante de R$ 84.232.578,61, equivalente ao total de receitas brutas estimadas da concession\u00e1ria durante os 25 anos de vig\u00eancia do contrato.&nbsp;&nbsp;<\/p><p>Esta fiscaliza\u00e7\u00e3o, na modalidade de&nbsp;<mark>Acompanhamento,<\/mark>&nbsp;foi conduzida pelo N\u00facleo de Controle Externo de Fiscaliza\u00e7\u00e3o de Programas de Desestatiza\u00e7\u00e3o e Regula\u00e7\u00e3o (NDR), ap\u00f3s as minutas do edital e do contrato tamb\u00e9m terem sido submetidas tanto \u00e0 consulta p\u00fablica quanto \u00e0 audi\u00eancia p\u00fablica.&nbsp;&nbsp;<\/p><p>O processo licitat\u00f3rio do munic\u00edpio \u00e9 para uma concorr\u00eancia p\u00fablica de Parceria P\u00fablico-Privada (PPP), na modalidade&nbsp;<mark>Concess\u00e3o Administrativa.<\/mark>&nbsp;Ap\u00f3s a an\u00e1lise t\u00e9cnica,&nbsp;foram identificados sete achados, e quatro deles&nbsp;geraram a necessidade de altera\u00e7\u00f5es e adequa\u00e7\u00f5es antes da publica\u00e7\u00e3o do edital.&nbsp;&nbsp;<\/p><p>O primeiro deles, foi o descumprimento das condicionantes legais para abertura do processo licitat\u00f3rio, devido \u00e0&nbsp;<mark>defici\u00eancia dos estudos, no caso do estudo de&nbsp;<\/mark><em><mark>Value for Money (VfM).<\/mark>&nbsp;<\/em>&nbsp;<\/p><p>\u201cO correto n\u00e3o \u00e9 considerar um percentual hipot\u00e9tico para eventuais aditivos para investimentos contratados diretamente pelo Poder P\u00fablico, e sim realizar uma avalia\u00e7\u00e3o dos riscos transferidos para o parceiro privado, e precific\u00e1-los, de acordo com o impacto e a probabilidade de ocorr\u00eancia de cada um\u201d, apontou a \u00e1rea t\u00e9cnica.&nbsp;<\/p><p>A conclus\u00e3o da \u00e1rea t\u00e9cnica foi de que antes da publica\u00e7\u00e3o do edital ainda \u00e9 necess\u00e1rio comprovar a economia para o Munic\u00edpio nas contas de energia dos pr\u00e9dios p\u00fablicos e do parque de ilumina\u00e7\u00e3o p\u00fablica com contrata\u00e7\u00e3o de energia no mercado livre.&nbsp;&nbsp;<\/p><p>Outro achado foi a&nbsp;<mark>defici\u00eancia no sistema de mensura\u00e7\u00e3o de desempenho,<\/mark>&nbsp;devido a impropriedades no \u00edndice de eficientiza\u00e7\u00e3o. Quanto a isso, o TCE-ES decidiu emitir uma determina\u00e7\u00e3o ao munic\u00edpio a fim de que, antes da publica\u00e7\u00e3o do edital, sejam estabelecidos mecanismos contratuais que induzam a concession\u00e1ria a apresentar a redu\u00e7\u00e3o da carga instalada prevista, preferencialmente com a vincula\u00e7\u00e3o da eficientiza\u00e7\u00e3o ao atingimento dos marcos contratuais.&nbsp;<\/p><p>A \u00e1rea t\u00e9cnica ainda identificou problemas quanto ao&nbsp;<mark>dimensionamento inadequado da m\u00e3o-de-obra para opera\u00e7\u00e3o e manuten\u00e7\u00e3o,<\/mark>&nbsp;e a&nbsp;<mark>precifica\u00e7\u00e3o inadequada dos custos com verificador independente.<\/mark>&nbsp;<\/p><p>Em seu voto, o relator explicou que caber\u00e1 \u00e0 autoridade competente apreciar os apontamentos formulados, buscando aprimorar o objeto a ser licitado, e prevenindo-se de inadequa\u00e7\u00f5es no instrumento convocat\u00f3rio.&nbsp;<\/p><p>Na decis\u00e3o, tamb\u00e9m&nbsp;<mark>notificou o prefeito de Afonso Cl\u00e1udio<\/mark>&nbsp;para conhecimento das delibera\u00e7\u00f5es. \u201cRessalta-se que o descumprimento das determina\u00e7\u00f5es desta Corte poder\u00e1 ensejar representa\u00e7\u00e3o, achado de fiscaliza\u00e7\u00e3o, suspens\u00e3o da licita\u00e7\u00e3o e responsabiliza\u00e7\u00e3o dos agentes, caso comprovado o nexo entre suas condutas e preju\u00edzos ao interesse p\u00fablico ou ao er\u00e1rio\u201d, frisou o relator.&nbsp;<\/p><p>Ele tamb\u00e9m deu ci\u00eancia ao prefeito que a utiliza\u00e7\u00e3o da publica\u00e7\u00e3o \u201cGuia Pr\u00e1tico de Estrutura\u00e7\u00e3o de Projeto \u2013 PPP de Ilumina\u00e7\u00e3o P\u00fablica\u201d constitui crit\u00e9rio para as fiscaliza\u00e7\u00f5es do TCE-ES. Informou tamb\u00e9m que a defici\u00eancia de anteprojeto oferece risco \u00e0 efici\u00eancia no emprego dos recursos da sociedade e a vantagem socioecon\u00f4mica dos projetos; e ainda, que a responsabiliza\u00e7\u00e3o por eventual irregularidade na execu\u00e7\u00e3o contratual, cuja causa seja a insufici\u00eancia do anteprojeto de engenharia poder\u00e1 abarcar, inclusive, os agentes que atuaram na aprova\u00e7\u00e3o dos documentos produzidos na fase de estrutura\u00e7\u00e3o.&nbsp;<\/p><p><strong><a href=\"https:\/\/www.tcees.tc.br\/consultas\/processo\/detalhar-processo?numero=5221&amp;ano=2024&amp;key=76a5892b3708f7b147febe7897f5f9d31a681dd0412e44a94b0a8d0192a0a1a1b2a288dae5f342c880c48659c2206ce32e975c3ee6982b891d5ca0687601e6a5\" target=\"_blank\" rel=\"noreferrer noopener\">Processo TC 5221\/2024<\/a><\/strong>&nbsp;<\/p><p><strong>Fonte: <\/strong><strong>TCE-ES<\/strong><\/p>\n    <div class=\"xs_social_share_widget xs_share_url after_content \t\tmain_content  wslu-style-1 wslu-share-box-shaped wslu-fill-colored wslu-none wslu-share-horizontal wslu-theme-font-no wslu-main_content\">\n\n\t\t\n        <ul>\n\t\t\t        <\/ul>\n    <\/div> \n","protected":false},"excerpt":{"rendered":"<p>O Tribunal de Contas do Estado do Esp\u00edrito Santo (TCE-ES) concluiu\u00a0fiscaliza\u00e7\u00e3o\u00a0em que analisou\u00a0minuta do edital de licita\u00e7\u00e3o\u00a0para\u00a0Parceria P\u00fablico-Privada (PPP)\u00a0de servi\u00e7os de ilumina\u00e7\u00e3o p\u00fablica, implanta\u00e7\u00e3o, opera\u00e7\u00e3o e manuten\u00e7\u00e3o de Usina Fotovoltaica, e da Infraestrutura de Telecomunica\u00e7\u00f5es do munic\u00edpio de Afonso Cl\u00e1udio. O Plen\u00e1rio emitiu\u00a0determina\u00e7\u00f5es\u00a0e\u00a0recomenda\u00e7\u00f5es\u00a0para que a prefeitura providencie adequa\u00e7\u00f5es no edital, antes de sua publica\u00e7\u00e3o.\u00a0\u00a0<\/p>\n","protected":false},"author":5,"featured_media":0,"comment_status":"open","ping_status":"open","sticky":false,"template":"","format":"standard","meta":{"postBodyCss":"","postBodyMargin":[],"postBodyPadding":[],"postBodyBackground":{"backgroundType":"classic","gradient":""},"_price":"","_stock":"","_tribe_ticket_header":"","_tribe_default_ticket_provider":"","_tribe_ticket_capacity":"0","_ticket_start_date":"","_ticket_end_date":"","_tribe_ticket_show_description":"","_tribe_ticket_show_not_going":false,"_tribe_ticket_use_global_stock":"","_tribe_ticket_global_stock_level":"","_global_stock_mode":"","_global_stock_cap":"","_tribe_rsvp_for_event":"","_tribe_ticket_going_count":"","_tribe_ticket_not_going_count":"","_tribe_tickets_list":"[]","_tribe_ticket_has_attendee_info_fields":false,"footnotes":""},"categories":[46],"tags":[14278,7226,856,89,3203,4595,3510,138,1211,1252,14280,4874,10727,351,10393,3402,14279,4702,1648,4707,7491],"class_list":["post-13824","post","type-post","status-publish","format-standard","hentry","category-noticias","tag-afonso-claudio","tag-determinacoes","tag-edital","tag-fiscalizacao","tag-iluminacao-publica","tag-implantacao","tag-infraestrutura","tag-licitacao-2","tag-manutencao","tag-minuta","tag-municipio-de-afonso-claudio","tag-operacao","tag-parceria-publico-privada","tag-plenario","tag-ppp","tag-prefeitura","tag-servicos-de-iluminacao-publica","tag-tce-es","tag-telecomunicacoes","tag-tribunal-de-contas-do-estado-do-espirito-santo","tag-usina-fotovoltaica"],"acf":[],"_links":{"self":[{"href":"https:\/\/sgpsolucoes.com.br\/site\/wp-json\/wp\/v2\/posts\/13824"}],"collection":[{"href":"https:\/\/sgpsolucoes.com.br\/site\/wp-json\/wp\/v2\/posts"}],"about":[{"href":"https:\/\/sgpsolucoes.com.br\/site\/wp-json\/wp\/v2\/types\/post"}],"author":[{"embeddable":true,"href":"https:\/\/sgpsolucoes.com.br\/site\/wp-json\/wp\/v2\/users\/5"}],"replies":[{"embeddable":true,"href":"https:\/\/sgpsolucoes.com.br\/site\/wp-json\/wp\/v2\/comments?post=13824"}],"version-history":[{"count":0,"href":"https:\/\/sgpsolucoes.com.br\/site\/wp-json\/wp\/v2\/posts\/13824\/revisions"}],"wp:attachment":[{"href":"https:\/\/sgpsolucoes.com.br\/site\/wp-json\/wp\/v2\/media?parent=13824"}],"wp:term":[{"taxonomy":"category","embeddable":true,"href":"https:\/\/sgpsolucoes.com.br\/site\/wp-json\/wp\/v2\/categories?post=13824"},{"taxonomy":"post_tag","embeddable":true,"href":"https:\/\/sgpsolucoes.com.br\/site\/wp-json\/wp\/v2\/tags?post=13824"}],"curies":[{"name":"wp","href":"https:\/\/api.w.org\/{rel}","templated":true}]}}