{"id":13833,"date":"2025-08-19T13:18:23","date_gmt":"2025-08-19T16:18:23","guid":{"rendered":"https:\/\/sgpsolucoes.com.br\/site\/?p=13833"},"modified":"2025-08-19T13:18:24","modified_gmt":"2025-08-19T16:18:24","slug":"tjsc-mantem-decisao-do-tce-sc-que-afasta-prescricao-e-determina-devolucao-de-r-138-mil-ao-municipio-de-icara","status":"publish","type":"post","link":"https:\/\/sgpsolucoes.com.br\/site\/tjsc-mantem-decisao-do-tce-sc-que-afasta-prescricao-e-determina-devolucao-de-r-138-mil-ao-municipio-de-icara\/","title":{"rendered":"TJSC mant\u00e9m decis\u00e3o do TCE\/SC que afasta prescri\u00e7\u00e3o e determina devolu\u00e7\u00e3o de R$ 138 mil ao munic\u00edpio de I\u00e7ara"},"content":{"rendered":"<p>O ac\u00f3rd\u00e3o do Tribunal de Contas de Santa Catarina (TCE\/SC) que determinou a devolu\u00e7\u00e3o de R$ 138 mil aos cofres do munic\u00edpio de I\u00e7ara foi mantido pelo Tribunal de Justi\u00e7a de Santa Catarina (TJSC). Atualizado monetariamente e acrescido de juros legais, o valor do ressarcimento supera R$ 247 mil.&nbsp;<\/p><p>No julgamento do Mandado de Seguran\u00e7a n. 5027135-82.2025.8.24.0000, o Grupo de C\u00e2maras de Direito P\u00fablico do TJSC decidiu, em 8 de agosto, que n\u00e3o se consumou o prazo prescricional de cinco anos previsto na Lei Complementar Estadual (LCE) n. 819\/2023 para o ressarcimento.&nbsp;<\/p><p>De acordo com a Procuradoria Jur\u00eddica do TCE\/SC, o Tribunal de Justi\u00e7a destacou que, quando da edi\u00e7\u00e3o da LCE 819\/2023, o processo administrativo (<a href=\"https:\/\/virtual.tce.sc.gov.br\/pwa\/#\/processo?nu_proc=11%2F00024074\" target=\"_blank\" rel=\"noreferrer noopener\">@TCE 11\/00024074<\/a>) ainda estava em tramita\u00e7\u00e3o, motivo pelo qual incidem as altera\u00e7\u00f5es introduzidas nos arts. 83-A a 83-C da Lei Org\u00e2nica da Corte de Contas.&nbsp;<\/p><p>Em seu voto, a desembargadora Vera Lucia Ferreira Copetti ressaltou que:&nbsp;<br>&#8211;&nbsp;o prazo prescricional de cinco anos pode ser interrompido mais de uma vez por causa que, por sua natureza, seja repet\u00edvel no curso do processo, como as decis\u00f5es definitivas recorr\u00edveis;&nbsp;<br>&#8211;&nbsp;o marco inicial da contagem foi fixado em 31 de dezembro de 2008, data do t\u00e9rmino do mandato do ex-prefeito, tratando-se de irregularidade continuada; e&nbsp;<br>&#8211;&nbsp;entre os marcos interruptivos verificados est\u00e3o a autua\u00e7\u00e3o da representa\u00e7\u00e3o, a cita\u00e7\u00e3o e a decis\u00e3o condenat\u00f3ria.&nbsp;<\/p><p>O respons\u00e1vel no processo havia alegado a possibilidade de reconhecimento da prescri\u00e7\u00e3o da pretens\u00e3o ressarcit\u00f3ria, com base na ultratividade da LCE 793\/2022, que trata apenas da prescri\u00e7\u00e3o da pretens\u00e3o punitiva. &nbsp;<\/p><p>O TCE\/SC, contudo, sustentou que, para o reconhecimento da prescri\u00e7\u00e3o do d\u00e9bito, devem ser observados os requisitos estabelecidos pela LCE 819\/2023, elaborada em conformidade com julgados recentes do Supremo Tribunal Federal (STF).&nbsp;<\/p><p>Com a decis\u00e3o, o TJSC manteve integralmente o entendimento da Corte de Contas, assegurando a devolu\u00e7\u00e3o dos valores ao er\u00e1rio.&nbsp;<\/p><p><strong>Fonte: TCE\/SC<\/strong><\/p>\n    <div class=\"xs_social_share_widget xs_share_url after_content \t\tmain_content  wslu-style-1 wslu-share-box-shaped wslu-fill-colored wslu-none wslu-share-horizontal wslu-theme-font-no wslu-main_content\">\n\n\t\t\n        <ul>\n\t\t\t        <\/ul>\n    <\/div> \n","protected":false},"excerpt":{"rendered":"<p>O ac\u00f3rd\u00e3o do Tribunal de Contas de Santa Catarina (TCE\/SC) que determinou a devolu\u00e7\u00e3o de R$ 138 mil aos cofres do munic\u00edpio de I\u00e7ara foi mantido pelo Tribunal de Justi\u00e7a de Santa Catarina (TJSC). Atualizado monetariamente e acrescido de juros legais, o valor do ressarcimento supera R$ 247 mil.\u00a0<\/p>\n","protected":false},"author":5,"featured_media":0,"comment_status":"open","ping_status":"open","sticky":false,"template":"","format":"standard","meta":{"postBodyCss":"","postBodyMargin":[],"postBodyPadding":[],"postBodyBackground":{"backgroundType":"classic","gradient":""},"_price":"","_stock":"","_tribe_ticket_header":"","_tribe_default_ticket_provider":"","_tribe_ticket_capacity":"0","_ticket_start_date":"","_ticket_end_date":"","_tribe_ticket_show_description":"","_tribe_ticket_show_not_going":false,"_tribe_ticket_use_global_stock":"","_tribe_ticket_global_stock_level":"","_global_stock_mode":"","_global_stock_cap":"","_tribe_rsvp_for_event":"","_tribe_ticket_going_count":"","_tribe_ticket_not_going_count":"","_tribe_tickets_list":"[]","_tribe_ticket_has_attendee_info_fields":false,"footnotes":""},"categories":[46],"tags":[664,457,14289,8311,14288,598,1307,590,7236,589,7238],"class_list":["post-13833","post","type-post","status-publish","format-standard","hentry","category-noticias","tag-acordao","tag-devolucao","tag-icara","tag-mandado-de-seguranca","tag-municipio-de-icara","tag-prescricao","tag-tce-sc-2","tag-tce-sc","tag-tjsc","tag-tribunal-de-contas-de-santa-catarina","tag-tribunal-de-justica-de-santa-catarina"],"acf":[],"_links":{"self":[{"href":"https:\/\/sgpsolucoes.com.br\/site\/wp-json\/wp\/v2\/posts\/13833"}],"collection":[{"href":"https:\/\/sgpsolucoes.com.br\/site\/wp-json\/wp\/v2\/posts"}],"about":[{"href":"https:\/\/sgpsolucoes.com.br\/site\/wp-json\/wp\/v2\/types\/post"}],"author":[{"embeddable":true,"href":"https:\/\/sgpsolucoes.com.br\/site\/wp-json\/wp\/v2\/users\/5"}],"replies":[{"embeddable":true,"href":"https:\/\/sgpsolucoes.com.br\/site\/wp-json\/wp\/v2\/comments?post=13833"}],"version-history":[{"count":0,"href":"https:\/\/sgpsolucoes.com.br\/site\/wp-json\/wp\/v2\/posts\/13833\/revisions"}],"wp:attachment":[{"href":"https:\/\/sgpsolucoes.com.br\/site\/wp-json\/wp\/v2\/media?parent=13833"}],"wp:term":[{"taxonomy":"category","embeddable":true,"href":"https:\/\/sgpsolucoes.com.br\/site\/wp-json\/wp\/v2\/categories?post=13833"},{"taxonomy":"post_tag","embeddable":true,"href":"https:\/\/sgpsolucoes.com.br\/site\/wp-json\/wp\/v2\/tags?post=13833"}],"curies":[{"name":"wp","href":"https:\/\/api.w.org\/{rel}","templated":true}]}}