{"id":13873,"date":"2025-08-20T12:56:18","date_gmt":"2025-08-20T15:56:18","guid":{"rendered":"https:\/\/sgpsolucoes.com.br\/site\/?p=13873"},"modified":"2025-08-20T12:56:19","modified_gmt":"2025-08-20T15:56:19","slug":"periodo-de-aposentadoria-concedido-em-liminar-revogada-nao-pode-ser-contado-como-tempo-de-contribuicao","status":"publish","type":"post","link":"https:\/\/sgpsolucoes.com.br\/site\/periodo-de-aposentadoria-concedido-em-liminar-revogada-nao-pode-ser-contado-como-tempo-de-contribuicao\/","title":{"rendered":"Per\u00edodo de aposentadoria concedido em liminar revogada n\u00e3o pode ser contado como tempo de contribui\u00e7\u00e3o"},"content":{"rendered":"<ul class=\"wp-block-list\"><li><em><strong>Resumo em linguagem simples<\/strong><\/em><\/li>\n\n<li><em>Enquanto discutia na Justi\u00e7a se tinha ou n\u00e3o o direito \u00e0 contagem especial do tempo para se aposentar, o segurado do INSS obteve liminar que lhe garantiu o pagamento antecipado do benef\u00edcio \u2013 o que aconteceu durante tr\u00eas anos. No fim, ele perdeu o processo, e a liminar foi revogada. O segurado pediu ent\u00e3o que esse tempo no qual obteve o benef\u00edcio fosse considerado para o c\u00e1lculo da aposentadoria como tempo de contribui\u00e7\u00e3o. Contudo, o tribunal entendeu que n\u00e3o \u00e9 poss\u00edvel computar esse per\u00edodo, pois a liminar (ou antecipa\u00e7\u00e3o de tutela) \u00e9 uma medida prec\u00e1ria, que pode ser revogada \u2013 e, nesse caso, os efeitos da revoga\u00e7\u00e3o retroagem, como se a medida n\u00e3o tivesse sido concedida.<\/em><\/li><\/ul><p>Para a Primeira Turma do Superior Tribunal de Justi\u00e7a (STJ), o tempo em que o segurado recebe aposentadoria por for\u00e7a de tutela provis\u00f3ria posteriormente revogada n\u00e3o pode ser somado ao seu tempo de contribui\u00e7\u00e3o para fins de obten\u00e7\u00e3o definitiva do benef\u00edcio previdenci\u00e1rio.<\/p><p>Com esse entendimento, o colegiado negou&nbsp;provimento&nbsp;ao&nbsp;recurso especial&nbsp;de um contribuinte que pretendia que fossem computados como tempo de servi\u00e7o os tr\u00eas anos durante os quais ele recebeu o benef\u00edcio, concedido por decis\u00e3o&nbsp;liminar&nbsp;na a\u00e7\u00e3o judicial em que pedia o reconhecimento de per\u00edodos especiais.<\/p><p>O pedido principal acabou sendo julgado improcedente, em raz\u00e3o de o autor da a\u00e7\u00e3o n\u00e3o ter completado o tempo de servi\u00e7o requerido para concess\u00e3o da aposentadoria, e a tutela provis\u00f3ria foi revogada. Tanto o ju\u00edzo de primeiro grau quanto o Tribunal Regional Federal da 5\u00aa Regi\u00e3o (TRF5) negaram o pedido do segurado para que os tr\u00eas anos fossem computados.<\/p><h2 class=\"wp-block-heading\">Reversibilidade dos efeitos da tutela provis\u00f3ria revogada<\/h2><p>O relator do recurso no STJ, ministro Gurgel de Faria, explicou que, em regra, a tutela de urg\u00eancia antecipada \u00e9 provis\u00f3ria e revers\u00edvel (<a href=\"https:\/\/www.planalto.gov.br\/ccivil_03\/_ato2015-2018\/2015\/lei\/l13105.htm#art295\">artigos 296<\/a>&nbsp;e&nbsp;<a href=\"https:\/\/www.planalto.gov.br\/ccivil_03\/_ato2015-2018\/2015\/lei\/l13105.htm#art300%C2%A73\">300, par\u00e1grafo 3\u00ba, do C\u00f3digo de Processo Civil \u2013 CPC<\/a>).<\/p><p>&#8220;A revoga\u00e7\u00e3o da decis\u00e3o que concede o mandamento provis\u00f3rio produz efeitos imediatos e retroativos, impondo o retorno \u00e0 situa\u00e7\u00e3o anterior ao deferimento da medida, cujo \u00f4nus deve ser suportado pelo benefici\u00e1rio da tutela&#8221;, disse.<\/p><p>Segundo o ministro, a quest\u00e3o j\u00e1 foi debatida pelo STJ no julgamento da Pet 12.482, que complementou a tese do Tema 692 dos recursos&nbsp;repetitivos.<\/p><p><strong>Leia tamb\u00e9m:<br><\/strong><br><a href=\"https:\/\/www.stj.jus.br\/sites\/portalp\/Paginas\/Comunicacao\/Noticias\/2024\/28102024-STJ-complementa-tese-sobre-devolucao-de-beneficio-previdenciario-pago-em-tutela-antecipada.aspx\">STJ complementa tese sobre devolu\u00e7\u00e3o de benef\u00edcio previdenci\u00e1rio pago em tutela antecipada<\/a><br><br><a href=\"https:\/\/www.stj.jus.br\/sites\/portalp\/Paginas\/Comunicacao\/Noticias\/13062022-STJ-reafirma-tese-que-preve-devolucao-de-beneficios-previdenciarios-recebidos-por-forca-de-liminar-revogada.aspx\">STJ reafirma tese que prev\u00ea devolu\u00e7\u00e3o de benef\u00edcios previdenci\u00e1rios recebidos por for\u00e7a de liminar revogada<\/a><\/p><h2 class=\"wp-block-heading\">Resultados da cassa\u00e7\u00e3o da&nbsp;liminar&nbsp;eram previs\u00edveis<\/h2><p>O ministro ponderou que, uma vez que o cumprimento provis\u00f3rio ocorre por iniciativa e responsabilidade do autor da a\u00e7\u00e3o, cabe a este, em regra, suportar o \u00f4nus decorrente da revers\u00e3o da decis\u00e3o prec\u00e1ria, &#8220;visto que pode prever os resultados de eventual cassa\u00e7\u00e3o da medida, escolher sujeitar-se a tais consequ\u00eancias e at\u00e9 mesmo trabalhar previamente para evitar ou mitigar o dano no caso de revers\u00e3o&#8221;.<\/p><p>Cassada a decis\u00e3o que antecipa a tutela \u2013 afirmou \u2013, a parte benefici\u00e1ria obriga-se \u00e0 devolu\u00e7\u00e3o dos valores, uma vez que \u00e9 da natureza do instituto a reversibilidade dos efeitos da decis\u00e3o, conforme o&nbsp;<a href=\"https:\/\/www.planalto.gov.br\/ccivil_03\/_ato2015-2018\/2015\/lei\/l13105.htm#art300%C2%A73\">par\u00e1grafo 3\u00ba do artigo 300 do CPC<\/a>.<\/p><p>Por fim, o ministro observou que a&nbsp;<a href=\"https:\/\/www.planalto.gov.br\/ccivil_03\/leis\/l8213cons.htm\">Lei 8.213\/1991<\/a>&nbsp;estabelece como tempo de contribui\u00e7\u00e3o o per\u00edodo no qual tenha havido contribui\u00e7\u00e3o obrigat\u00f3ria ou facultativa para o Regime Geral da Previd\u00eancia Social. No caso, o relator verificou que o autor n\u00e3o tem direito \u00e0 contagem do tempo porque n\u00e3o estava em servi\u00e7o e n\u00e3o efetuou as contribui\u00e7\u00f5es como segurado facultativo.<\/p><p><a href=\"https:\/\/processo.stj.jus.br\/processo\/julgamento\/eletronico\/documento\/mediado\/?documento_tipo=integra&amp;documento_sequencial=313886136&amp;registro_numero=201401307721&amp;peticao_numero=&amp;publicacao_data=20250521&amp;formato=PDF\">Leia o ac\u00f3rd\u00e3o no REsp 1.457.398<\/a>.<\/p><p><strong>Esta not\u00edcia refere-se ao(s)&nbsp;<\/strong><strong>processo(s):<\/strong><strong> <\/strong><strong><a href=\"https:\/\/ww2.stj.jus.br\/processo\/pesquisa\/?aplicacao=processos.ea&amp;tipoPesquisa=tipoPesquisaGenerica&amp;termo=REsp%201457398\">REsp 1457398<\/a><\/strong><strong><\/strong><\/p><p><strong>Fonte: STJ<\/strong><\/p>\n    <div class=\"xs_social_share_widget xs_share_url after_content \t\tmain_content  wslu-style-1 wslu-share-box-shaped wslu-fill-colored wslu-none wslu-share-horizontal wslu-theme-font-no wslu-main_content\">\n\n\t\t\n        <ul>\n\t\t\t        <\/ul>\n    <\/div> \n","protected":false},"excerpt":{"rendered":"<p>Para a Primeira Turma do Superior Tribunal de Justi\u00e7a (STJ), o tempo em que o segurado recebe aposentadoria por for\u00e7a de tutela provis\u00f3ria posteriormente revogada n\u00e3o pode ser somado ao seu tempo de contribui\u00e7\u00e3o para fins de obten\u00e7\u00e3o definitiva do benef\u00edcio previdenci\u00e1rio.<\/p>\n","protected":false},"author":5,"featured_media":0,"comment_status":"open","ping_status":"open","sticky":false,"template":"","format":"standard","meta":{"postBodyCss":"","postBodyMargin":[],"postBodyPadding":[],"postBodyBackground":{"backgroundType":"classic","gradient":""},"_price":"","_stock":"","_tribe_ticket_header":"","_tribe_default_ticket_provider":"","_tribe_ticket_capacity":"0","_ticket_start_date":"","_ticket_end_date":"","_tribe_ticket_show_description":"","_tribe_ticket_show_not_going":false,"_tribe_ticket_use_global_stock":"","_tribe_ticket_global_stock_level":"","_global_stock_mode":"","_global_stock_cap":"","_tribe_rsvp_for_event":"","_tribe_ticket_going_count":"","_tribe_ticket_not_going_count":"","_tribe_tickets_list":"[]","_tribe_ticket_has_attendee_info_fields":false,"footnotes":""},"categories":[46],"tags":[799,2979,14357,2654,394,1835,14356,14358,2941,2789,229,1354],"class_list":["post-13873","post","type-post","status-publish","format-standard","hentry","category-noticias","tag-aposentadoria","tag-beneficio","tag-contagem-especial","tag-inss","tag-justica","tag-liminar","tag-liminar-revogada","tag-medida-precaria","tag-pagamento-antecipado","tag-segurado","tag-stj","tag-tempo-de-contribuicao"],"acf":[],"_links":{"self":[{"href":"https:\/\/sgpsolucoes.com.br\/site\/wp-json\/wp\/v2\/posts\/13873"}],"collection":[{"href":"https:\/\/sgpsolucoes.com.br\/site\/wp-json\/wp\/v2\/posts"}],"about":[{"href":"https:\/\/sgpsolucoes.com.br\/site\/wp-json\/wp\/v2\/types\/post"}],"author":[{"embeddable":true,"href":"https:\/\/sgpsolucoes.com.br\/site\/wp-json\/wp\/v2\/users\/5"}],"replies":[{"embeddable":true,"href":"https:\/\/sgpsolucoes.com.br\/site\/wp-json\/wp\/v2\/comments?post=13873"}],"version-history":[{"count":0,"href":"https:\/\/sgpsolucoes.com.br\/site\/wp-json\/wp\/v2\/posts\/13873\/revisions"}],"wp:attachment":[{"href":"https:\/\/sgpsolucoes.com.br\/site\/wp-json\/wp\/v2\/media?parent=13873"}],"wp:term":[{"taxonomy":"category","embeddable":true,"href":"https:\/\/sgpsolucoes.com.br\/site\/wp-json\/wp\/v2\/categories?post=13873"},{"taxonomy":"post_tag","embeddable":true,"href":"https:\/\/sgpsolucoes.com.br\/site\/wp-json\/wp\/v2\/tags?post=13873"}],"curies":[{"name":"wp","href":"https:\/\/api.w.org\/{rel}","templated":true}]}}