{"id":13879,"date":"2025-08-20T13:21:46","date_gmt":"2025-08-20T16:21:46","guid":{"rendered":"https:\/\/sgpsolucoes.com.br\/site\/?p=13879"},"modified":"2025-08-20T14:32:01","modified_gmt":"2025-08-20T17:32:01","slug":"informativo-n-1185-2025-do-stf","status":"publish","type":"post","link":"https:\/\/sgpsolucoes.com.br\/site\/informativo-n-1185-2025-do-stf\/","title":{"rendered":"Informativo n\u00b0 1185\/2025 do STF"},"content":{"rendered":"<p>A edi\u00e7\u00e3o\u00a0n\u00b0 <strong>1185\/2025<\/strong>\u00a0do\u00a0<strong>Informativo STF\u00a0<\/strong>j\u00e1 est\u00e1 dispon\u00edvel.\u00a0<a href=\"http:\/\/portal.stf.jus.br\/textos\/verTexto.asp?servico=informativoSTF\" target=\"_blank\" rel=\"noreferrer noopener\">Clique aqui para acessar<\/a>.<\/p><p><strong>Confira abaixo o Sum\u00e1rio desta edi\u00e7\u00e3o.<\/strong><\/p><p><a><strong><mark style=\"background-color:#8ed1fc\" class=\"has-inline-color has-vivid-cyan-blue-color\">Sum\u00e1rio<\/mark><\/strong><\/a><\/p><p><strong><mark style=\"background-color:#abb8c3\" class=\"has-inline-color\">1\u00a0\u00a0\u00a0\u00a0\u00a0\u00a0\u00a0\u00a0\u00a0 <a href=\"#Plen\u00e1rio\">Plen\u00e1rio<\/a><\/mark><\/strong><\/p><p><strong><mark style=\"background-color:#fcb900\" class=\"has-inline-color\">Direito Administrativo<\/mark><\/strong><\/p><p>Servidor P\u00fablico; Guarda Municipal; Aposentadoria Especial. <a href=\"#Aposentadoria\"><strong><em>Aposentadoria especial de guardas municipais<\/em><\/strong><\/a><strong><em> <\/em><\/strong>&#8211; <a href=\"https:\/\/portal.stf.jus.br\/processos\/detalhe.asp?incidente=6790038\">ADPF 1.095\/DF<\/a><\/p><p>Servidor P\u00fablico; Pol\u00edcia Penal; Agentes de Seguran\u00e7a Penitenci\u00e1rios; Concurso P\u00fablico; Contrato Tempor\u00e1rio. <a href=\"#Agentes\"><strong><em>Agentes de seguran\u00e7a penitenci\u00e1rios: contrata\u00e7\u00e3o tempor\u00e1ria sem pr\u00e9via realiza\u00e7\u00e3o de concurso p\u00fablico<\/em><\/strong><\/a><strong><em> <\/em><\/strong>&#8211; <a href=\"https:\/\/portal.stf.jus.br\/processos\/detalhe.asp?incidente=6783068\">ADI 7.505\/MG<\/a><\/p><p>Servidor P\u00fablico; Sistema Remunerat\u00f3rio; Benef\u00edcios; Cesta de Natal. <a href=\"#Concess\u00e3o\"><strong><em>Concess\u00e3o de cesta de Natal a servidores p\u00fablicos municipais<\/em><\/strong><\/a> &#8211; <a href=\"https:\/\/portal.stf.jus.br\/processos\/detalhe.asp?incidente=7183575\">ARE 1.539.801\/SP<\/a><\/p><p><\/p><p><strong><mark style=\"background-color:#fcb900\" class=\"has-inline-color\">Direito Constitucional<\/mark><\/strong><\/p><p>Administra\u00e7\u00e3o P\u00fablica; Contrata\u00e7\u00e3o Tempor\u00e1ria; Programa Assistencial; Pessoas em Situa\u00e7\u00e3o de Vulnerabilidade; Direitos e Garantias Fundamentais. <a href=\"#Programa\"><strong><em>Programa de aux\u00edlio aos desempregados e contrata\u00e7\u00e3o tempor\u00e1ria no \u00e2mbito municipal<\/em><\/strong><\/a><strong><em> <\/em><\/strong>&#8211; <a href=\"https:\/\/portal.stf.jus.br\/processos\/detalhe.asp?incidente=7259190\">RE 1.551.780\/SP<\/a><\/p><p>Administra\u00e7\u00e3o P\u00fablica; Sistema Remunerat\u00f3rio e Benef\u00edcios; Equival\u00eancia Salarial; Empregados P\u00fablicos e Servidores Efetivos. <a href=\"#Vinculacao\"><strong><em>Vincula\u00e7\u00e3o remunerat\u00f3ria no \u00e2mbito estadual: equipara\u00e7\u00e3o do sal\u00e1rio de empregados p\u00fablicos ao vencimento de titulares de cargo efetivo<\/em><\/strong><\/a><strong><em> <\/em>&#8211;<\/strong> <a href=\"https:\/\/portal.stf.jus.br\/processos\/detalhe.asp?incidente=7093669\">ADI 7.746\/GO<\/a><a href=\"https:\/\/portal.stf.jus.br\/processos\/detalhe.asp?incidente=6748048\"><\/a><\/p><p>Minist\u00e9rio P\u00fablico; Legitimidade; Mat\u00e9ria Desportiva. <a href=\"#MP\"><strong><em>Minist\u00e9rio P\u00fablico: legitimidade para firmar acordos com entidades desportivas<\/em><\/strong><\/a><strong><em> <\/em><\/strong>&#8211; <a href=\"https:\/\/portal.stf.jus.br\/processos\/detalhe.asp?incidente=6823597\">ADI 7.580 MC-Ref\/DF<\/a><\/p><p>Tribunal de Contas do Distrito Federal; Escolha e Nomea\u00e7\u00e3o de Conselheiro; Prerrogativa do Governador; Vaga Reservada a Auditores; Aus\u00eancia de Candidatos Vinculados \u00e0 Carreira. <a href=\"#TCDF\"><strong><em>Tribunal de Contas do Distrito Federal: crit\u00e9rios para a escolha de seus conselheiros<\/em><\/strong><\/a><strong><em> <\/em><\/strong>&#8211; <a href=\"https:\/\/portal.stf.jus.br\/processos\/detalhe.asp?incidente=6322766\">ADI 7.053\/DF<\/a><\/p><p>Tribunal de Contas Estadual; Aus\u00eancia de Parecer Pr\u00e9vio; Assembleia Legislativa; Aprecia\u00e7\u00e3o das Contas Prestadas pelo Chefe do Poder Executivo. <a href=\"#emissao\"><strong><em>Emiss\u00e3o de parecer pr\u00e9vio como condi\u00e7\u00e3o para a Assembleia Legislativa apreciar as contas prestadas pelo governador<\/em><\/strong><\/a><strong><em> <\/em><\/strong>&#8211; <a href=\"https:\/\/portal.stf.jus.br\/processos\/detalhe.asp?incidente=5094182\">ADPF 434\/AL<\/a><\/p><p>Tribunal de Contas Estadual; Cargo em Comiss\u00e3o; Requisitos para Cria\u00e7\u00e3o; Modula\u00e7\u00e3o Temporal dos Efeitos. <a href=\"#Tribunais\"><strong><em>Tribunais de Contas estaduais: modula\u00e7\u00e3o dos efeitos de decis\u00e3o que declarou a inconstitucionalidade da lei criadora de cargos em comiss\u00e3o<\/em><\/strong><\/a> &#8211; <a href=\"https:\/\/portal.stf.jus.br\/processos\/detalhe.asp?incidente=6206812\">ADI 6.918\/GO<\/a><\/p><p><\/p><p><strong><mark style=\"background-color:#fcb900\" class=\"has-inline-color\">Direito Eleitoral<\/mark><\/strong><\/p><p>Federa\u00e7\u00f5es Partid\u00e1rias; Sistema Eleitoral;\u00a0Partidos Pol\u00edticos. <a href=\"#Federacoes\"><strong><em>Federa\u00e7\u00f5es partid\u00e1rias: regras e prazo para constitui\u00e7\u00e3o e registro<\/em><\/strong><\/a><strong><em> <\/em><\/strong>&#8211;<a href=\"https:\/\/portal.stf.jus.br\/processos\/detalhe.asp?incidente=6293255\">ADI 7.021\/DF<\/a><\/p><p><\/p><p><mark style=\"background-color:#abb8c3\" class=\"has-inline-color\"><strong>2 \u00a0\u00a0\u00a0\u00a0\u00a0\u00a0\u00a0\u00a0 <a href=\"#TURMAS\">Turmas<\/a><\/strong><\/mark><\/p><p><strong><mark style=\"background-color:#abb8c3\" class=\"has-inline-color\">3\u00a0\u00a0\u00a0\u00a0\u00a0\u00a0\u00a0\u00a0\u00a0 <a href=\"#INOVA\u00c7\u00d5ES\">Inova\u00e7\u00f5es Normativas do STF<\/a><\/mark><\/strong><\/p><p><\/p><p><strong>Acesse abaixo a \u00edntegra desta edi\u00e7\u00e3o:<\/strong><\/p><p><a href=\"http:\/\/portal.stf.jus.br\/textos\/verTexto.asp?servico=informativoSTF\" target=\"_blank\" rel=\"noreferrer noopener\">Informativo n\u00b0 1185\/2025 do STF<\/a>.<\/p><p><strong>Fonte: STF<\/strong><\/p>\n    <div class=\"xs_social_share_widget xs_share_url after_content \t\tmain_content  wslu-style-1 wslu-share-box-shaped wslu-fill-colored wslu-none wslu-share-horizontal wslu-theme-font-no wslu-main_content\">\n\n\t\t\n        <ul>\n\t\t\t        <\/ul>\n    <\/div> \n","protected":false},"excerpt":{"rendered":"<p>A edi\u00e7\u00e3o\u00a0n\u00b0 1185\/2025\u00a0do\u00a0Informativo STF\u00a0j\u00e1 est\u00e1 dispon\u00edvel.\u00a0<\/p>\n","protected":false},"author":5,"featured_media":0,"comment_status":"open","ping_status":"open","sticky":false,"template":"","format":"standard","meta":{"postBodyCss":"","postBodyMargin":[],"postBodyPadding":[],"postBodyBackground":{"backgroundType":"classic","gradient":""},"_price":"","_stock":"","_tribe_ticket_header":"","_tribe_default_ticket_provider":"","_tribe_ticket_capacity":"0","_ticket_start_date":"","_ticket_end_date":"","_tribe_ticket_show_description":"","_tribe_ticket_show_not_going":false,"_tribe_ticket_use_global_stock":"","_tribe_ticket_global_stock_level":"","_global_stock_mode":"","_global_stock_cap":"","_tribe_rsvp_for_event":"","_tribe_ticket_going_count":"","_tribe_ticket_not_going_count":"","_tribe_tickets_list":"[]","_tribe_ticket_has_attendee_info_fields":false,"footnotes":""},"categories":[46],"tags":[5611,14387,14388,14382,14374,14377,14378,129,14366,14384,14370,11131,9714,3626,14373,1070,4810,14189,2822,616,2019,370,7354,2085,14368,11160,1088,201,4618,4614,1363,1338,5292,6189,2529,1461,14372,176,1767,289,11684,14364,14125,6367,14220,7274,14375,552,14389,1032,7561,4142,1784,14365,1374,724,14385,14379,1909,14386,14383,1390,3410,2728,14371,351,2533,663,14380,4724,14367,14369,1249,1805,2940,4586,1176,2313,9009,11138,11122,347,14352,7002,6793,1068,14381,14353,14376],"class_list":["post-13879","post","type-post","status-publish","format-standard","hentry","category-noticias","tag-acordos","tag-adi-6-918-go","tag-adi-7-021-df","tag-adi-7-053-df","tag-adi-7-505-mg","tag-adi-7-580-mc-ref-df","tag-adi-7-746-go","tag-administracao-publica","tag-adpf-1-095-df","tag-adpf-434-al","tag-agentes-de-seguranca-penitenciarios","tag-ambito-estadual-2","tag-ambito-municipal","tag-aposentadoria-especial","tag-are-1-539-801-sp","tag-assembleia-legislativa","tag-auditores","tag-auxilio","tag-beneficios","tag-candidatos","tag-cargo-efetivo","tag-cargo-em-comissao","tag-cargos-em-comissao","tag-carreira","tag-cesta-de-natal","tag-chefe-do-poder-executivo","tag-concessao","tag-concurso-publico","tag-conselheiro","tag-conselheiros","tag-constituicao","tag-contas","tag-contratacao-temporaria","tag-contrato-temporario","tag-criacao","tag-decisao","tag-desempregados","tag-direito-administrativo","tag-direito-constitucional","tag-direito-eleitoral","tag-direitos-e-garantias-fundamentais","tag-edicao-n-1185-2025","tag-efeitos","tag-empregados-publicos","tag-entidades-desportivas","tag-equiparacao","tag-equivalencia-salarial","tag-escolha","tag-federacoes-partidarias","tag-governador","tag-guarda-municipal","tag-guardas-municipais","tag-inconstitucionalidade","tag-informativo-n-1185-2025","tag-informativo-stf","tag-legitimidade","tag-lei-criadora","tag-materia-desportiva","tag-ministerio-publico","tag-modulacao","tag-modulacao-temporal-dos-efeitos","tag-nomeacao","tag-parecer-previo","tag-partidos-politicos","tag-pessoas-em-situacao-de-vulnerabilidade","tag-plenario","tag-policia-penal","tag-prazo","tag-prerrogativa-do-governador","tag-programa","tag-programa-assistencial","tag-re-1-551-780-sp","tag-registro","tag-regras","tag-requisitos","tag-salario","tag-servidor-publico","tag-servidores-efetivos","tag-servidores-publicos-municipais","tag-sistema-eleitoral","tag-sistema-remuneratorio","tag-stf","tag-titulares","tag-tribunais-de-contas-estaduais","tag-tribunal-de-contas-do-distrito-federal","tag-tribunal-de-contas-estadual","tag-vaga-reservada","tag-vencimento","tag-vinculacao-remuneratoria"],"acf":[],"_links":{"self":[{"href":"https:\/\/sgpsolucoes.com.br\/site\/wp-json\/wp\/v2\/posts\/13879"}],"collection":[{"href":"https:\/\/sgpsolucoes.com.br\/site\/wp-json\/wp\/v2\/posts"}],"about":[{"href":"https:\/\/sgpsolucoes.com.br\/site\/wp-json\/wp\/v2\/types\/post"}],"author":[{"embeddable":true,"href":"https:\/\/sgpsolucoes.com.br\/site\/wp-json\/wp\/v2\/users\/5"}],"replies":[{"embeddable":true,"href":"https:\/\/sgpsolucoes.com.br\/site\/wp-json\/wp\/v2\/comments?post=13879"}],"version-history":[{"count":0,"href":"https:\/\/sgpsolucoes.com.br\/site\/wp-json\/wp\/v2\/posts\/13879\/revisions"}],"wp:attachment":[{"href":"https:\/\/sgpsolucoes.com.br\/site\/wp-json\/wp\/v2\/media?parent=13879"}],"wp:term":[{"taxonomy":"category","embeddable":true,"href":"https:\/\/sgpsolucoes.com.br\/site\/wp-json\/wp\/v2\/categories?post=13879"},{"taxonomy":"post_tag","embeddable":true,"href":"https:\/\/sgpsolucoes.com.br\/site\/wp-json\/wp\/v2\/tags?post=13879"}],"curies":[{"name":"wp","href":"https:\/\/api.w.org\/{rel}","templated":true}]}}