{"id":13914,"date":"2025-08-20T18:47:07","date_gmt":"2025-08-20T21:47:07","guid":{"rendered":"https:\/\/sgpsolucoes.com.br\/site\/?p=13914"},"modified":"2025-08-20T18:47:08","modified_gmt":"2025-08-20T21:47:08","slug":"stf-valida-aplicacao-do-fator-previdenciario-a-aposentadorias-concedidas-sob-regra-de-transicao","status":"publish","type":"post","link":"https:\/\/sgpsolucoes.com.br\/site\/stf-valida-aplicacao-do-fator-previdenciario-a-aposentadorias-concedidas-sob-regra-de-transicao\/","title":{"rendered":"STF valida aplica\u00e7\u00e3o do fator previdenci\u00e1rio a aposentadorias concedidas sob regra de transi\u00e7\u00e3o"},"content":{"rendered":"<p class=\"has-text-align-center\"><em>Foto: Rafa Neddermeyer\/Ag\u00eancia Brasil<\/em><\/p><p><em><strong>Por maioria, Plen\u00e1rio atualmente constitucional aplica\u00e7\u00e3o da f\u00f3rmula aos segurados beneficiados pela regra de transi\u00e7\u00e3o institu\u00edda pela Reforma da Previd\u00eancia de 1998<\/strong><\/em><\/p><p>O Supremo Tribunal Federal (STF) validou a aplica\u00e7\u00e3o do fator previdenci\u00e1rio \u00e0s aposentadorias concedidas sob a regra de transi\u00e7\u00e3o prevista pela Reforma da Previd\u00eancia de 1998. A decis\u00e3o foi tomada na sess\u00e3o plen\u00e1ria virtual encerrada em 18\/8, no julgamento do Recurso Extraordin\u00e1rio&nbsp;<a href=\"https:\/\/portal.stf.jus.br\/processos\/detalhe.asp?incidente=4067925\" target=\"_blank\" rel=\"noreferrer noopener\"><strong>(RE) 639856<\/strong><\/a>&nbsp;, com repercuss\u00e3o geral.<\/p><p>O fator previdenci\u00e1rio \u00e9 uma f\u00f3rmula matem\u00e1tica institu\u00edda pela Lei 9.876\/1999 que pondera a idade do segurado, o tempo de contribui\u00e7\u00e3o e sua expectativa de sobrevida no momento da retirada para calcular o benef\u00edcio a ser recebido pelo segurado.<\/p><p><strong>Mecanismo de complementa\u00e7\u00e3o<\/strong><\/p><p>Em seu voto, o ministro Gilmar Mendes, relator do recurso, considerando que o fator previdenci\u00e1rio deve ser compreendido como um mecanismo de complementa\u00e7\u00e3o \u00e0 Reforma da Previd\u00eancia de 1998 para o c\u00e1lculo da aposentadoria. Por essa raz\u00e3o, em seu entendimento, n\u00e3o h\u00e1 incompatibilidade entre a f\u00f3rmula e as regras de transi\u00e7\u00e3o.<\/p><p>\u201cA aplica\u00e7\u00e3o do fator previdenci\u00e1rio aos seguros da regra de transi\u00e7\u00e3o n\u00e3o altera os requisitos para aposentadoria, apenas disposi\u00e7\u00f5es t\u00e9cnicas de quantifica\u00e7\u00e3o do benef\u00edcio, o que \u00e9 plenamente compat\u00edvel com a sistem\u00e1tica constitucional\u201d, afirmou.<\/p><p>Os ministros Alexandre de Moraes, Cristiano Zanin, Fl\u00e1vio Dino, Andr\u00e9 Mendon\u00e7a, Luiz Fux, Dias Toffoli, Nunes Marques e o presidente do STF, Lu\u00eds Roberto Barroso, acompanharam o voto do relator.<\/p><p>O ministro Edson Fachin foi vencido. Para ele, a Reforma da Previd\u00eancia de 1998 j\u00e1 havia previsto uma f\u00f3rmula de design para incidir sobre as reformas enquadradas no regime de transi\u00e7\u00e3o. A seu ver, a incid\u00eancia do fator previdenci\u00e1rio nesses casos \u00e9 duplamente segura.<\/p><p><strong>Caso concreto<\/strong><\/p><p>O caso concreto em discuss\u00e3o no STF envolveu uma segurada que se aposentou em 2003 e questionou na Justi\u00e7a a aplica\u00e7\u00e3o do fator previdenci\u00e1rio sobre o c\u00e1lculo do seu benef\u00edcio, concess\u00e3o pelo Instituto Nacional do Seguro Social (INSS).&nbsp;<\/p><p>Para ela, o fator previdenci\u00e1rio n\u00e3o deveria ter sido aplicado \u00e0 sua aposentadoria porque se sobrep\u00f4s \u00e0s regras de transi\u00e7\u00e3o criadas na reforma da previd\u00eancia de 1998, e que afeta o valor mensal da sua aposentadoria. No julgamento, o colegiado, por maioria, negou recurso da segurada.<\/p><p>Como a mat\u00e9ria tem repercuss\u00e3o geral, a decis\u00e3o do STF valer\u00e1 para os casos semelhantes em todo o pa\u00eds.<\/p><p>Foi apresentada a seguinte tese de repercuss\u00e3o geral (Tema 616):<\/p><p><em>&#8220;\u00c9 constitucional a aplica\u00e7\u00e3o do fator previdenci\u00e1rio, institu\u00edda pela Lei 9.876\/1999, aos benef\u00edcios concedidos a segurados filiados ao Regime Geral de Previd\u00eancia Social antes de 16.12.1998, abrangidos pela regra de transi\u00e7\u00e3o do art. 9\u00ba da CE 20\/98&#8221;<\/em>&nbsp;.<\/p><p><strong>Fonte: STF<\/strong><\/p>\n    <div class=\"xs_social_share_widget xs_share_url after_content \t\tmain_content  wslu-style-1 wslu-share-box-shaped wslu-fill-colored wslu-none wslu-share-horizontal wslu-theme-font-no wslu-main_content\">\n\n\t\t\n        <ul>\n\t\t\t        <\/ul>\n    <\/div> \n","protected":false},"excerpt":{"rendered":"<p>O Supremo Tribunal Federal (STF) validou a aplica\u00e7\u00e3o do fator previdenci\u00e1rio \u00e0s aposentadorias concedidas sob a regra de transi\u00e7\u00e3o prevista pela Reforma da Previd\u00eancia de 1998. A decis\u00e3o foi tomada na sess\u00e3o plen\u00e1ria virtual encerrada em 18\/8, no julgamento do Recurso Extraordin\u00e1rio\u00a0(RE) 639856\u00a0, com repercuss\u00e3o geral.<\/p>\n","protected":false},"author":5,"featured_media":0,"comment_status":"open","ping_status":"open","sticky":false,"template":"","format":"standard","meta":{"postBodyCss":"","postBodyMargin":[],"postBodyPadding":[],"postBodyBackground":{"backgroundType":"classic","gradient":""},"_price":"","_stock":"","_tribe_ticket_header":"","_tribe_default_ticket_provider":"","_tribe_ticket_capacity":"0","_ticket_start_date":"","_ticket_end_date":"","_tribe_ticket_show_description":"","_tribe_ticket_show_not_going":false,"_tribe_ticket_use_global_stock":"","_tribe_ticket_global_stock_level":"","_global_stock_mode":"","_global_stock_cap":"","_tribe_rsvp_for_event":"","_tribe_ticket_going_count":"","_tribe_ticket_not_going_count":"","_tribe_tickets_list":"[]","_tribe_ticket_has_attendee_info_fields":false,"footnotes":""},"categories":[46],"tags":[2980,13884,1127,14436,14438,7103,351,14439,1870,9580,14437,1731,8587,347,348,521],"class_list":["post-13914","post","type-post","status-publish","format-standard","hentry","category-noticias","tag-aposentadorias","tag-beneficiados","tag-constitucional","tag-fator-previdenciario","tag-lei-9-876-1999","tag-maioria","tag-plenario","tag-re-639856","tag-recurso-extraordinario","tag-reforma-da-previdencia","tag-regra-de-transicao","tag-repercussao-geral","tag-segurados","tag-stf","tag-supremo-tribunal-federal","tag-transicao"],"acf":[],"_links":{"self":[{"href":"https:\/\/sgpsolucoes.com.br\/site\/wp-json\/wp\/v2\/posts\/13914"}],"collection":[{"href":"https:\/\/sgpsolucoes.com.br\/site\/wp-json\/wp\/v2\/posts"}],"about":[{"href":"https:\/\/sgpsolucoes.com.br\/site\/wp-json\/wp\/v2\/types\/post"}],"author":[{"embeddable":true,"href":"https:\/\/sgpsolucoes.com.br\/site\/wp-json\/wp\/v2\/users\/5"}],"replies":[{"embeddable":true,"href":"https:\/\/sgpsolucoes.com.br\/site\/wp-json\/wp\/v2\/comments?post=13914"}],"version-history":[{"count":0,"href":"https:\/\/sgpsolucoes.com.br\/site\/wp-json\/wp\/v2\/posts\/13914\/revisions"}],"wp:attachment":[{"href":"https:\/\/sgpsolucoes.com.br\/site\/wp-json\/wp\/v2\/media?parent=13914"}],"wp:term":[{"taxonomy":"category","embeddable":true,"href":"https:\/\/sgpsolucoes.com.br\/site\/wp-json\/wp\/v2\/categories?post=13914"},{"taxonomy":"post_tag","embeddable":true,"href":"https:\/\/sgpsolucoes.com.br\/site\/wp-json\/wp\/v2\/tags?post=13914"}],"curies":[{"name":"wp","href":"https:\/\/api.w.org\/{rel}","templated":true}]}}