{"id":13920,"date":"2025-08-21T16:02:44","date_gmt":"2025-08-21T19:02:44","guid":{"rendered":"https:\/\/sgpsolucoes.com.br\/site\/?p=13920"},"modified":"2025-08-21T16:02:45","modified_gmt":"2025-08-21T19:02:45","slug":"informativo-stf-n-343-repercussao-geral-em-pauta","status":"publish","type":"post","link":"https:\/\/sgpsolucoes.com.br\/site\/informativo-stf-n-343-repercussao-geral-em-pauta\/","title":{"rendered":"Informativo STF n\u00b0 343 \u2013 Repercuss\u00e3o Geral em Pauta"},"content":{"rendered":"<p>O N\u00facleo de Gerenciamento de Precedentes do Supremo Tribunal Federal disponibiliza a&nbsp;edi\u00e7\u00e3o n\u00b0 343 do boletim Repercuss\u00e3o Geral \u2013 em pauta.<\/p><p><strong>Confira alguns destaques:<\/strong><\/p><p><strong><mark style=\"background-color:#fcb900\" class=\"has-inline-color\">* AC\u00d3RD\u00c3O PUBLICADO \u2013 Inteiro Teor<\/mark><\/strong><\/p><p>Tema: 1.282 | Processo(s): RE 1.417.155 REED-segundos | Relator: Min. Dias TOFFOLI<\/p><p><strong>T\u00edtulo:<\/strong> Constitucionalidade das taxas de preven\u00e7\u00e3o e combate a inc\u00eandios, busca, salvamento e resgate institu\u00eddas por estados-membros.<\/p><p><strong>O Tribunal fixou a seguinte tese:<\/strong> &#8220;S\u00e3o constitucionais as taxas estaduais pela utiliza\u00e7\u00e3o, efetiva ou potencial, dos servi\u00e7os p\u00fablicos de preven\u00e7\u00e3o e combate a inc\u00eandios, busca, salvamento ou resgate prestados ao contribuinte ou postos a sua disposi\u00e7\u00e3o pelos corpos de bombeiros militares&#8221;.<\/p><p><strong><mark style=\"background-color:#fcb900\" class=\"has-inline-color\">* JULGAMENTO<\/mark><\/strong><\/p><p>Tema: 914 | Processo(s): RE 928.943 | Relator: Min. Fl\u00e1vio Dino<\/p><p><strong>T\u00edtulo:<\/strong> Constitucionalidade da Contribui\u00e7\u00e3o de Interven\u00e7\u00e3o no Dom\u00ednio Econ\u00f4mico &#8211; CIDE sobre remessas ao exterior, institu\u00edda pela Lei 10.168\/2000, posteriormente alterada pela Lei 10.332\/2001.<\/p><p><strong>O Tribunal fixou a seguinte tese:<\/strong> &#8220;I &#8211; \u00c9 constitucional a contribui\u00e7\u00e3o de interven\u00e7\u00e3o no dom\u00ednio econ\u00f4mico (CIDE) destinada a financiar o Programa de Est\u00edmulo \u00e0 Intera\u00e7\u00e3o Universidade-Empresa para o Apoio \u00e0 Inova\u00e7\u00e3o, institu\u00edda e disciplinada pela Lei n\u00ba 10.168\/2000, com as altera\u00e7\u00f5es empreendidas pelas Leis n\u00bas 10.332\/2001 e 11.452\/2007; II &#8211; A arrecada\u00e7\u00e3o da CIDE, institu\u00edda pela Lei n\u00ba 10.168\/2000, com as altera\u00e7\u00f5es empreendidas pelas Leis n\u00bas 10.332\/2001 e 11.452\/2007, deve ser integralmente aplicada na \u00e1rea de atua\u00e7\u00e3o Ci\u00eancia e Tecnologia, nos termos da lei\u201d<\/p><p><strong>Acesse a \u00edntegra deste Informativo no link abaixo:<\/strong><\/p><p><a href=\"http:\/\/www.stf.jus.br\/arquivo\/cms\/newsletterInformativoRG\/anexo\/Edio343.pdf\" target=\"_blank\" rel=\"noreferrer noopener\">Informativo STF n\u00b0 343 \u2013 Repercuss\u00e3o Geral em Pauta<\/a><\/p><p><strong>Fonte STF<\/strong><\/p>\n    <div class=\"xs_social_share_widget xs_share_url after_content \t\tmain_content  wslu-style-1 wslu-share-box-shaped wslu-fill-colored wslu-none wslu-share-horizontal wslu-theme-font-no wslu-main_content\">\n\n\t\t\n        <ul>\n\t\t\t        <\/ul>\n    <\/div> \n","protected":false},"excerpt":{"rendered":"<p>O N\u00facleo de Gerenciamento de Precedentes do Supremo Tribunal Federal disponibiliza a\u00a0edi\u00e7\u00e3o n\u00b0 343 do boletim Repercuss\u00e3o Geral \u2013 em pauta.<\/p>\n","protected":false},"author":5,"featured_media":0,"comment_status":"open","ping_status":"open","sticky":false,"template":"","format":"standard","meta":{"postBodyCss":"","postBodyMargin":[],"postBodyPadding":[],"postBodyBackground":{"backgroundType":"classic","gradient":""},"_price":"","_stock":"","_tribe_ticket_header":"","_tribe_default_ticket_provider":"","_tribe_ticket_capacity":"0","_ticket_start_date":"","_ticket_end_date":"","_tribe_ticket_show_description":"","_tribe_ticket_show_not_going":false,"_tribe_ticket_use_global_stock":"","_tribe_ticket_global_stock_level":"","_global_stock_mode":"","_global_stock_cap":"","_tribe_rsvp_for_event":"","_tribe_ticket_going_count":"","_tribe_ticket_not_going_count":"","_tribe_tickets_list":"[]","_tribe_ticket_has_attendee_info_fields":false,"footnotes":""},"categories":[46],"tags":[274,14447,3777,1374,14448,3243,1731,10477,347,348],"class_list":["post-13920","post","type-post","status-publish","format-standard","hentry","category-noticias","tag-boletim","tag-edicao-n-343","tag-em-pauta","tag-informativo-stf","tag-informativo-stf-n-343","tag-nucleo-de-gerenciamento-de-precedentes","tag-repercussao-geral","tag-repercussao-geral-em-pauta","tag-stf","tag-supremo-tribunal-federal"],"acf":[],"_links":{"self":[{"href":"https:\/\/sgpsolucoes.com.br\/site\/wp-json\/wp\/v2\/posts\/13920"}],"collection":[{"href":"https:\/\/sgpsolucoes.com.br\/site\/wp-json\/wp\/v2\/posts"}],"about":[{"href":"https:\/\/sgpsolucoes.com.br\/site\/wp-json\/wp\/v2\/types\/post"}],"author":[{"embeddable":true,"href":"https:\/\/sgpsolucoes.com.br\/site\/wp-json\/wp\/v2\/users\/5"}],"replies":[{"embeddable":true,"href":"https:\/\/sgpsolucoes.com.br\/site\/wp-json\/wp\/v2\/comments?post=13920"}],"version-history":[{"count":0,"href":"https:\/\/sgpsolucoes.com.br\/site\/wp-json\/wp\/v2\/posts\/13920\/revisions"}],"wp:attachment":[{"href":"https:\/\/sgpsolucoes.com.br\/site\/wp-json\/wp\/v2\/media?parent=13920"}],"wp:term":[{"taxonomy":"category","embeddable":true,"href":"https:\/\/sgpsolucoes.com.br\/site\/wp-json\/wp\/v2\/categories?post=13920"},{"taxonomy":"post_tag","embeddable":true,"href":"https:\/\/sgpsolucoes.com.br\/site\/wp-json\/wp\/v2\/tags?post=13920"}],"curies":[{"name":"wp","href":"https:\/\/api.w.org\/{rel}","templated":true}]}}