{"id":13948,"date":"2025-08-22T16:21:13","date_gmt":"2025-08-22T19:21:13","guid":{"rendered":"https:\/\/sgpsolucoes.com.br\/site\/?p=13948"},"modified":"2025-08-22T16:21:14","modified_gmt":"2025-08-22T19:21:14","slug":"corte-especial-fixa-teses-sobre-uso-da-fundamentacao-por-referencia-em-decisoes-judiciais","status":"publish","type":"post","link":"https:\/\/sgpsolucoes.com.br\/site\/corte-especial-fixa-teses-sobre-uso-da-fundamentacao-por-referencia-em-decisoes-judiciais\/","title":{"rendered":"Corte Especial fixa teses sobre uso da fundamenta\u00e7\u00e3o por refer\u00eancia em decis\u00f5es judiciais"},"content":{"rendered":"<ul class=\"wp-block-list\"><li><em>Resumo em linguagem simples<\/em><\/li>\n\n<li><em>O STJ fixou teses sobre a possibilidade de uso da fundamenta\u00e7\u00e3o por refer\u00eancia em decis\u00f5es judiciais. Essa t\u00e9cnica reproduz as motiva\u00e7\u00f5es contidas em decis\u00e3o judicial anterior, ou em outro documento, a exemplo de parecer do Minist\u00e9rio P\u00fablico, como raz\u00f5es de decidir. Para o tribunal, \u00e9 v\u00e1lido utilizar esse tipo de fundamenta\u00e7\u00e3o, mas o julgador deve enfrentar as quest\u00f5es trazidas pela parte, bem como ter cautela para garantir o contradit\u00f3rio e o direito \u00e0 defesa.<\/em><\/li><\/ul><p>\u200bEm julgamento sob o rito dos recursos\u00a0repetitivos\u00a0(<a href=\"https:\/\/processo.stj.jus.br\/repetitivos\/temas_repetitivos\/pesquisa.jsp?novaConsulta=true&amp;tipo_pesquisa=T&amp;cod_tema_inicial=1306&amp;cod_tema_final=1306\">Tema 1.306<\/a>), a Corte Especial do Superior Tribunal de Justi\u00e7a (STJ) fixou duas teses sobre o uso da fundamenta\u00e7\u00e3o por refer\u00eancia em decis\u00f5es judiciais:<\/p><p>1) A t\u00e9cnica da fundamenta\u00e7\u00e3o por refer\u00eancia (<em>per relationem<\/em>) \u00e9 permitida desde que o julgador, ao reproduzir trechos de decis\u00e3o anterior, documento e\/ou parecer como raz\u00f5es de decidir, enfrente, ainda que de forma sucinta, as novas quest\u00f5es relevantes para o julgamento do processo, dispensada a an\u00e1lise pormenorizada de cada uma das alega\u00e7\u00f5es ou provas.<\/p><p>2) A reprodu\u00e7\u00e3o dos fundamentos da decis\u00e3o agravada como raz\u00f5es de decidir para negar&nbsp;provimento&nbsp;ao&nbsp;agravo interno, na hip\u00f3tese do par\u00e1grafo 3\u00ba do artigo 1.021 do C\u00f3digo de Processo Civil (CPC), \u00e9 admitida quando a parte deixa de apresentar argumento novo e relevante a ser apreciado pelo colegiado.<\/p><h2 class=\"wp-block-heading\">Fundamenta\u00e7\u00e3o das decis\u00f5es \u00e9 direito do jurisdicionado<\/h2><p>Segundo o relator do&nbsp;repetitivo, ministro Luis Felipe Salom\u00e3o, a obrigatoriedade de o magistrado justificar suas convic\u00e7\u00f5es na decis\u00e3o corresponde a um direito fundamental do jurisdicionado, previsto na Constitui\u00e7\u00e3o Federal (<a href=\"https:\/\/www.planalto.gov.br\/ccivil_03\/constituicao\/constituicao.htm#art93ix\">artigo 93, inciso IX<\/a>), e \u00e9 um consect\u00e1rio da garantia do devido processo legal.<\/p><p>Essa regra, acrescentou o ministro, &#8220;subordina todos os integrantes do Poder Judici\u00e1rio, aos quais \u00e9 vedado proferir decis\u00f5es arbitr\u00e1rias, ou seja, pronunciamentos jurisdicionais que n\u00e3o se coadunem com o conceito democr\u00e1tico do exerc\u00edcio do poder, que exige a justifica\u00e7\u00e3o \u2013 dial\u00f3gica, racional e intelig\u00edvel \u2013 do ato decis\u00f3rio, de modo a viabilizar o seu &#8216;controle interno&#8217; pela parte e pelas inst\u00e2ncias judiciais subsequentes, bem como o seu &#8216;controle externo e difuso&#8217; pela sociedade, o que revela uma dupla fun\u00e7\u00e3o dessa obrigatoriedade&#8221;.<\/p><p>O relator explicou que o dever de fundamenta\u00e7\u00e3o est\u00e1 adequadamente atendido quando o magistrado explicita as raz\u00f5es f\u00e1ticas e jur\u00eddicas determinantes para a decis\u00e3o. Ele lembrou o rol de elementos essenciais \u00e0&nbsp;senten\u00e7a&nbsp;previsto no&nbsp;<a href=\"https:\/\/www.planalto.gov.br\/ccivil_03\/_ato2015-2018\/2015\/lei\/l13105.htm#art489\">par\u00e1grafo 1\u00ba do artigo 489 do CPC<\/a>, bem como as hip\u00f3teses do&nbsp;<a href=\"https:\/\/www.planalto.gov.br\/ccivil_03\/_ato2015-2018\/2015\/lei\/l13105.htm#art1022\">par\u00e1grafo \u00fanico do artigo 1.022<\/a>&nbsp;para as decis\u00f5es serem consideradas omissas.<\/p><h2 class=\"wp-block-heading\">Doutrina recha\u00e7a fundamenta\u00e7\u00e3o por refer\u00eancia pura<\/h2><p>Em seu voto, Salom\u00e3o explicou que a fundamenta\u00e7\u00e3o por refer\u00eancia \u00e9 uma t\u00e9cnica discursiva na qual s\u00e3o reproduzidas como raz\u00f5es de decidir as motiva\u00e7\u00f5es contidas em decis\u00e3o judicial anterior ou em outros documentos \u2013&nbsp;por&nbsp;exemplo, pareceres do Minist\u00e9rio P\u00fablico.<\/p><p>De acordo com o relator, a doutrina especializada entende que a utiliza\u00e7\u00e3o da &#8220;fundamenta\u00e7\u00e3o por refer\u00eancia exclusiva ou pura&#8221; \u2013 ou seja, aquela que apenas faz remiss\u00e3o ou transcri\u00e7\u00e3o integral dos fundamentos de outra pe\u00e7a processual, sem an\u00e1lise espec\u00edfica dos argumentos trazidos pela parte \u2013 viola o direito fundamental ao contradit\u00f3rio e desrespeita as disposi\u00e7\u00f5es contidas no par\u00e1grafo 1\u00ba do artigo 489 do CPC.<\/p><p>Por outro lado, ressaltou Salom\u00e3o, a doutrina defende a validade da &#8220;fundamenta\u00e7\u00e3o por refer\u00eancia integrativa ou moderada&#8221;, na qual a transcri\u00e7\u00e3o de decis\u00e3o ou parecer anterior \u00e9 acompanhada de an\u00e1lise pr\u00f3pria (do julgador) que dialoga com os argumentos levantados pela parte em sua impugna\u00e7\u00e3o.<\/p><p>O ministro lembrou que o Supremo Tribunal Federal (STF) possui diversos precedentes nos quais reconhece a validade da fundamenta\u00e7\u00e3o por refer\u00eancia, bem como o pr\u00f3prio STJ, que considera nula &#8220;a decis\u00e3o que deixar de enfrentar todos os argumentos deduzidos no processo capazes de, em tese, infirmar a conclus\u00e3o adotada pelo julgador&#8221;. Nesse sentido, citou diversos precedentes nos quais o tribunal visualizou viola\u00e7\u00f5es ao CPC em decis\u00f5es que utilizaram essa t\u00e9cnica.<\/p><p>Ao fixar as teses do&nbsp;repetitivo, o ministro ponderou que \u00e9 poss\u00edvel a utiliza\u00e7\u00e3o da t\u00e9cnica de fundamenta\u00e7\u00e3o da decis\u00e3o por remiss\u00e3o, &#8220;mas com cautela para garantir o contradit\u00f3rio e o direito \u00e0 defesa&#8221;.<\/p><p><strong>Esta not\u00edcia refere-se ao(s)&nbsp;<\/strong><strong>processo(s):<\/strong><\/p><p><strong><a href=\"https:\/\/ww2.stj.jus.br\/processo\/pesquisa\/?aplicacao=processos.ea&amp;tipoPesquisa=tipoPesquisaGenerica&amp;termo=REsp%202148059\">REsp 2148059<\/a><\/strong><\/p><p><strong><a href=\"https:\/\/ww2.stj.jus.br\/processo\/pesquisa\/?aplicacao=processos.ea&amp;tipoPesquisa=tipoPesquisaGenerica&amp;termo=REsp%202148580\">REsp 2148580<\/a><\/strong><\/p><p><strong><a href=\"https:\/\/ww2.stj.jus.br\/processo\/pesquisa\/?aplicacao=processos.ea&amp;tipoPesquisa=tipoPesquisaGenerica&amp;termo=REsp%202150218\">REsp 2150218<\/a><\/strong><strong><\/strong><\/p><p><strong>Fonte: STJ<\/strong><\/p>\n    <div class=\"xs_social_share_widget xs_share_url after_content \t\tmain_content  wslu-style-1 wslu-share-box-shaped wslu-fill-colored wslu-none wslu-share-horizontal wslu-theme-font-no wslu-main_content\">\n\n\t\t\n        <ul>\n\t\t\t        <\/ul>\n    <\/div> \n","protected":false},"excerpt":{"rendered":"<p>\u2022\tResumo em linguagem simples<br \/>\n\u2022\tO STJ fixou teses sobre a possibilidade de uso da fundamenta\u00e7\u00e3o por refer\u00eancia em decis\u00f5es judiciais. Essa t\u00e9cnica reproduz as motiva\u00e7\u00f5es contidas em decis\u00e3o judicial anterior, ou em outro documento, a exemplo de parecer do Minist\u00e9rio P\u00fablico, como raz\u00f5es de decidir. Para o tribunal, \u00e9 v\u00e1lido utilizar esse tipo de fundamenta\u00e7\u00e3o, mas o julgador deve enfrentar as quest\u00f5es trazidas pela parte, bem como ter cautela para garantir o contradit\u00f3rio e o direito \u00e0 defesa.<\/p>\n","protected":false},"author":5,"featured_media":0,"comment_status":"open","ping_status":"open","sticky":false,"template":"","format":"standard","meta":{"postBodyCss":"","postBodyMargin":[],"postBodyPadding":[],"postBodyBackground":{"backgroundType":"classic","gradient":""},"_price":"","_stock":"","_tribe_ticket_header":"","_tribe_default_ticket_provider":"","_tribe_ticket_capacity":"0","_ticket_start_date":"","_ticket_end_date":"","_tribe_ticket_show_description":"","_tribe_ticket_show_not_going":false,"_tribe_ticket_use_global_stock":"","_tribe_ticket_global_stock_level":"","_global_stock_mode":"","_global_stock_cap":"","_tribe_rsvp_for_event":"","_tribe_ticket_going_count":"","_tribe_ticket_not_going_count":"","_tribe_tickets_list":"[]","_tribe_ticket_has_attendee_info_fields":false,"footnotes":""},"categories":[46],"tags":[4258,5083,14511,229,230,5220],"class_list":["post-13948","post","type-post","status-publish","format-standard","hentry","category-noticias","tag-corte-especial","tag-decisoes-judiciais","tag-fundamentacao-por-referencia","tag-stj","tag-superior-tribunal-de-justica","tag-teses"],"acf":[],"_links":{"self":[{"href":"https:\/\/sgpsolucoes.com.br\/site\/wp-json\/wp\/v2\/posts\/13948"}],"collection":[{"href":"https:\/\/sgpsolucoes.com.br\/site\/wp-json\/wp\/v2\/posts"}],"about":[{"href":"https:\/\/sgpsolucoes.com.br\/site\/wp-json\/wp\/v2\/types\/post"}],"author":[{"embeddable":true,"href":"https:\/\/sgpsolucoes.com.br\/site\/wp-json\/wp\/v2\/users\/5"}],"replies":[{"embeddable":true,"href":"https:\/\/sgpsolucoes.com.br\/site\/wp-json\/wp\/v2\/comments?post=13948"}],"version-history":[{"count":0,"href":"https:\/\/sgpsolucoes.com.br\/site\/wp-json\/wp\/v2\/posts\/13948\/revisions"}],"wp:attachment":[{"href":"https:\/\/sgpsolucoes.com.br\/site\/wp-json\/wp\/v2\/media?parent=13948"}],"wp:term":[{"taxonomy":"category","embeddable":true,"href":"https:\/\/sgpsolucoes.com.br\/site\/wp-json\/wp\/v2\/categories?post=13948"},{"taxonomy":"post_tag","embeddable":true,"href":"https:\/\/sgpsolucoes.com.br\/site\/wp-json\/wp\/v2\/tags?post=13948"}],"curies":[{"name":"wp","href":"https:\/\/api.w.org\/{rel}","templated":true}]}}