{"id":13986,"date":"2025-08-25T14:31:50","date_gmt":"2025-08-25T17:31:50","guid":{"rendered":"https:\/\/sgpsolucoes.com.br\/site\/?p=13986"},"modified":"2025-08-25T14:31:51","modified_gmt":"2025-08-25T17:31:51","slug":"policial-aposentado-e-condenado-por-afrontar-principios-administrativos-e-atuar-contra-os-interesses-da-prf","status":"publish","type":"post","link":"https:\/\/sgpsolucoes.com.br\/site\/policial-aposentado-e-condenado-por-afrontar-principios-administrativos-e-atuar-contra-os-interesses-da-prf\/","title":{"rendered":"Policial aposentado \u00e9 condenado por afrontar princ\u00edpios administrativos e atuar contra os interesses da PRF"},"content":{"rendered":"<p>Um policial rodovi\u00e1rio federal aposentado foi condenado em a\u00e7\u00e3o civil de improbidade administrativa por descumprir o regime de dedica\u00e7\u00e3o integral exclusiva e agir em desconformidade com princ\u00edpios da administra\u00e7\u00e3o p\u00fablica. O processo foi julgado na 2\u00aa Vara Federal de Uruguaiana (RS) pelo juiz Carlos Alberto Sousa. A senten\u00e7a foi publicada no dia 15\/08.<\/p><p>O Minist\u00e9rio P\u00fablico Federal (MPF), autor da a\u00e7\u00e3o, ofereceu a den\u00fancia sob a narrativa de que o agente da Pol\u00edcia Rodovi\u00e1ria Federal (PRF) teria deixado de reprimir a greve de caminhoneiros ocorrida em abril de 2018, manifestando-se publicamente em apoio \u00e0 atividade grevista.&nbsp;<\/p><p>A partir desse suposto fato, a investiga\u00e7\u00e3o teria se desdobrado, sendo o r\u00e9u acusado, tamb\u00e9m, de atuar como administrador em empresas de transporte pertencentes \u00e0 sua fam\u00edlia, o que \u00e9 vedado a servidores p\u00fablicos.<\/p><p>A defesa alegou aus\u00eancia de provas, informando que o acusado seria \u201cmero s\u00f3cio\u201d das empresas, que seriam heran\u00e7a deixada pelos pais. Negou atua\u00e7\u00e3o em cargos de gest\u00e3o e destacou que um processo administrativo disciplinar (PAD) teria sido arquivado por falta de provas.<\/p><p>Foram juntadas ao processo provas documentais, como prints de conversa por WhatsApp, v\u00eddeos e postagens compartilhados em redes sociais, documentos da PRF com informa\u00e7\u00f5es sobre a escala e frequ\u00eancia dos agentes; e-mails e procura\u00e7\u00e3o p\u00fablica, com poderes atribu\u00eddos ao policial para representar a empresa.&nbsp;&nbsp;&nbsp;&nbsp;&nbsp;&nbsp;<\/p><p>Quanto \u00e0 acusa\u00e7\u00e3o de viola\u00e7\u00e3o de dedica\u00e7\u00e3o integral e exclusiva, prevista em lei espec\u00edfica que estrutura a carreira dos policiais rodovi\u00e1rios, o ju\u00edzo entendeu configurada a ilegalidade. Os documentos comprovaram que foram realizadas atividades empresariais, por parte do acusado, em nome da transportadora, durante o expediente de trabalho na PRF, em hor\u00e1rio no qual estava escalado para o servi\u00e7o na Unidade Operacional de Uruguaiana\/RS.<\/p><p>O juiz entendeu que \u201ca conduta do r\u00e9u, Policial Rodovi\u00e1rio Federal, que, paralelamente ao exerc\u00edcio de seu m\u00fanus p\u00fablico, mantinha v\u00ednculo empregat\u00edcio, ainda que n\u00e3o formal, com empresa privada do ramo de transporte rodovi\u00e1rio de cargas. Tal proceder (&#8230;) representa uma ofensa direta e inequ\u00edvoca ao regime jur\u00eddico espec\u00edfico que rege sua carreira\u201d.<\/p><p>Restou configurada, tamb\u00e9m, atua\u00e7\u00e3o ilegal, prevista no Estatuto dos Servidores P\u00fablicos da Uni\u00e3o (Lei 8.112\/90), que disp\u00f5e acerca da veda\u00e7\u00e3o ao exerc\u00edcio de atividades incompat\u00edveis com o exerc\u00edcio do cargo e hor\u00e1rio de trabalho, al\u00e9m de proibir expressamente a participa\u00e7\u00e3o de servidores na ger\u00eancia ou administra\u00e7\u00e3o de empresas privadas.<\/p><p>\u201cAo trabalhar para uma empresa de transporte de cargas \u2013 justamente o setor que \u00e9 objeto, talvez prim\u00e1rio, da fiscaliza\u00e7\u00e3o da Pol\u00edcia Rodovi\u00e1ria Federal \u2013, o r\u00e9u n\u00e3o apenas descumpriu uma norma administrativa, mas se colocou deliberadamente, da\u00ed o dolo, em uma situa\u00e7\u00e3o de flagrante e perene conflito de interesses\u201d, concluiu o magistrado.<\/p><p>Foi aplicada ao ex-policial a san\u00e7\u00e3o de multa civil, correspondente a dezoito vezes o valor da remunera\u00e7\u00e3o do cargo, al\u00e9m de proibi\u00e7\u00e3o de contratar com o poder p\u00fablico ou receber benef\u00edcios ou incentivos fiscais ou credit\u00edcios por tr\u00eas anos.<\/p><p>Cabe recurso para o Tribunal Regional Federal da 4\u00aa Regi\u00e3o.<\/p><p><strong>Fonte: TRF4<\/strong><\/p>\n    <div class=\"xs_social_share_widget xs_share_url after_content \t\tmain_content  wslu-style-1 wslu-share-box-shaped wslu-fill-colored wslu-none wslu-share-horizontal wslu-theme-font-no wslu-main_content\">\n\n\t\t\n        <ul>\n\t\t\t        <\/ul>\n    <\/div> \n","protected":false},"excerpt":{"rendered":"<p>Um policial rodovi\u00e1rio federal aposentado foi condenado em a\u00e7\u00e3o civil de improbidade administrativa por descumprir o regime de dedica\u00e7\u00e3o integral exclusiva e agir em desconformidade com princ\u00edpios da administra\u00e7\u00e3o p\u00fablica. O processo foi julgado na 2\u00aa Vara Federal de Uruguaiana (RS) pelo juiz Carlos Alberto Sousa. A senten\u00e7a foi publicada no dia 15\/08.<\/p>\n","protected":false},"author":5,"featured_media":0,"comment_status":"open","ping_status":"open","sticky":false,"template":"","format":"standard","meta":{"postBodyCss":"","postBodyMargin":[],"postBodyPadding":[],"postBodyBackground":{"backgroundType":"classic","gradient":""},"_price":"","_stock":"","_tribe_ticket_header":"","_tribe_default_ticket_provider":"","_tribe_ticket_capacity":"0","_ticket_start_date":"","_ticket_end_date":"","_tribe_ticket_show_description":"","_tribe_ticket_show_not_going":false,"_tribe_ticket_use_global_stock":"","_tribe_ticket_global_stock_level":"","_global_stock_mode":"","_global_stock_cap":"","_tribe_rsvp_for_event":"","_tribe_ticket_going_count":"","_tribe_ticket_not_going_count":"","_tribe_tickets_list":"[]","_tribe_ticket_has_attendee_info_fields":false,"footnotes":""},"categories":[46],"tags":[14569,6127,4354,214,1504,14567,14566,5374,14570,14571,1499,14568,1782,3637,3638],"class_list":["post-13986","post","type-post","status-publish","format-standard","hentry","category-noticias","tag-acao-civil-de-improbidade-administrativa","tag-aposentado","tag-condenado","tag-improbidade-administrativa","tag-pad","tag-policial-aposentado","tag-policial-rodoviario-federal","tag-prf","tag-principios-administrativos","tag-principios-da-administracao-publica","tag-processo-administrativo-disciplinar","tag-regime-de-dedicacao-integral-exclusiva","tag-servidores-publicos","tag-trf4","tag-tribunal-regional-federal-da-4a-regiao"],"acf":[],"_links":{"self":[{"href":"https:\/\/sgpsolucoes.com.br\/site\/wp-json\/wp\/v2\/posts\/13986"}],"collection":[{"href":"https:\/\/sgpsolucoes.com.br\/site\/wp-json\/wp\/v2\/posts"}],"about":[{"href":"https:\/\/sgpsolucoes.com.br\/site\/wp-json\/wp\/v2\/types\/post"}],"author":[{"embeddable":true,"href":"https:\/\/sgpsolucoes.com.br\/site\/wp-json\/wp\/v2\/users\/5"}],"replies":[{"embeddable":true,"href":"https:\/\/sgpsolucoes.com.br\/site\/wp-json\/wp\/v2\/comments?post=13986"}],"version-history":[{"count":0,"href":"https:\/\/sgpsolucoes.com.br\/site\/wp-json\/wp\/v2\/posts\/13986\/revisions"}],"wp:attachment":[{"href":"https:\/\/sgpsolucoes.com.br\/site\/wp-json\/wp\/v2\/media?parent=13986"}],"wp:term":[{"taxonomy":"category","embeddable":true,"href":"https:\/\/sgpsolucoes.com.br\/site\/wp-json\/wp\/v2\/categories?post=13986"},{"taxonomy":"post_tag","embeddable":true,"href":"https:\/\/sgpsolucoes.com.br\/site\/wp-json\/wp\/v2\/tags?post=13986"}],"curies":[{"name":"wp","href":"https:\/\/api.w.org\/{rel}","templated":true}]}}