{"id":13993,"date":"2025-08-26T14:54:28","date_gmt":"2025-08-26T17:54:28","guid":{"rendered":"https:\/\/sgpsolucoes.com.br\/site\/?p=13993"},"modified":"2025-08-26T14:54:35","modified_gmt":"2025-08-26T17:54:35","slug":"informativo-stf-n-1186-2025","status":"publish","type":"post","link":"https:\/\/sgpsolucoes.com.br\/site\/informativo-stf-n-1186-2025\/","title":{"rendered":"Informativo STF n\u00b0 1186\/2025"},"content":{"rendered":"<p>A edi\u00e7\u00e3o&nbsp;<strong>1186\/2025<\/strong>&nbsp;do&nbsp;<strong>Informativo STF&nbsp;<\/strong>j\u00e1 est\u00e1 dispon\u00edvel.&nbsp;<\/p><p><strong>Confira o Sum\u00e1rio abaixo:<\/strong><\/p><p><strong><mark style=\"background-color:rgba(0, 0, 0, 0)\" class=\"has-inline-color has-vivid-red-color\">SUM\u00c1RIO<\/mark><\/strong><\/p><p><strong><mark style=\"background-color:rgba(0, 0, 0, 0)\" class=\"has-inline-color has-vivid-green-cyan-color\">1 PLEN\u00c1RIO<\/mark><\/strong><\/p><p><strong><mark style=\"background-color:rgba(0, 0, 0, 0)\" class=\"has-inline-color has-vivid-purple-color\">DIREITO ADMINISTRATIVO<\/mark><\/strong><\/p><p>AG\u00caNCIAS REGULADORAS; ENERGIA EL\u00c9TRICA; POL\u00cdTICA TARIF\u00c1RIA; RESTITUI\u00c7\u00c3O DE VALORES; PRAZO PRESCRICIONAL \u00bb Ag\u00eancia Nacional de Energia El\u00e9trica: defini\u00e7\u00e3o da destina\u00e7\u00e3o de tributos pagos indevidamente pelos consumidores \u00e0s distribuidoras de energia el\u00e9trica &#8211; ADI 7.324\/DF<\/p><p><strong><mark style=\"background-color:rgba(0, 0, 0, 0)\" class=\"has-inline-color has-vivid-purple-color\">DIREITO CONSTITUCIONAL<\/mark><\/strong><\/p><p>DEVIDO PROCESSO LEGISLATIVO; EMENDA PROPOSTA PELA CASA REVISORA A PROJETO DE LEI; NECESSIDADE DE RETORNO \u00c0 CASA INICIADORA; SISTEMA \u00daNICO DE ASSIST\u00caNCIA SOCIAL \u00bb Processo legislativo: apresenta\u00e7\u00e3o de emenda constitutiva e necessidade de retorno \u00e0 Casa iniciadora &#8211; ADI 6.085\/DF<\/p><p>INTERVEN\u00c7\u00c3O DO ESTADO NO DOM\u00cdNIO ECON\u00d4MICO; LIVRE INICIATIVA; LIVRE CONCORR\u00caNCIA; DIREITO DO CONSUMIDOR; MEIO AMBIENTE; OBRIGATORIEDADE E GRATUIDADE DE FORNECIMENTO DE EMBALAGEM \u00bb Fornecimento obrigat\u00f3rio e gratuito de embalagem ao consumidor no \u00e2mbito estadual &#8211; ADI 7.719\/PB<\/p><p>DISPOSI\u00c7\u00d5ES CONSTITUCIONAIS GERAIS; ASSIST\u00caNCIA; V\u00cdTIMAS DE CRIMES DOLOSOS; REGULAMENTA\u00c7\u00c3O; OMISS\u00c3O INCONSTITUCIONAL \u00bb Regulamenta\u00e7\u00e3o da assist\u00eancia aos herdeiros e dependentes carentes de v\u00edtimas de crimes dolosos &#8211; ADO 62\/DF<\/p><p>SEPARA\u00c7\u00c3O DE PODERES; DECRETO; SUSPENS\u00c3O DOS EFEITOS DE LEI; INAFASTABILIDADE DO PODER JUDICI\u00c1RIO; REAJUSTE SALARIAL; AUS\u00caNCIA DE PREVIS\u00c3O OR\u00c7AMENT\u00c1RIA \u00bb Suspens\u00e3o de efeitos financeiros de lei estadual mediante decreto do chefe do Poder Executivo &#8211; ADI 5.297\/TO<\/p><p><strong><mark style=\"background-color:rgba(0, 0, 0, 0)\" class=\"has-inline-color has-vivid-purple-color\">DIREITO PREVIDENCI\u00c1RIO<\/mark><\/strong><\/p><p>APOSENTADORIA; FATOR PREVIDENCI\u00c1RIO; RENDA MENSAL INICIAL; C\u00c1LCULO DO BENEF\u00cdCIO; REGRAS DE TRANSI\u00c7\u00c3O \u00bb Aplica\u00e7\u00e3o do fator previdenci\u00e1rio aos casos alcan\u00e7ados pela regra de transi\u00e7\u00e3o prevista na EC n\u00ba 20\/1998 &#8211; RE 639.856\/RS (Tema 616 RG)<\/p><p><strong><mark style=\"background-color:rgba(0, 0, 0, 0)\" class=\"has-inline-color has-vivid-purple-color\">DIREITO TRIBUT\u00c1RIO<\/mark><\/strong><\/p><p>CONTRIBUI\u00c7\u00d5ES ESPECIAIS; CONTRIBUI\u00c7\u00c3O DE INTERVEN\u00c7\u00c3O NO DOM\u00cdNIO ECON\u00d4MICO; CIDE-TECNOLOGIA; REMESSAS FINANCEIRAS AO EXTERIOR; FATO GERADOR; DESTINA\u00c7\u00c3O DA ARRECADA\u00c7\u00c3O \u00bb Cobran\u00e7a de CIDE-Tecnologia sobre remessas financeiras ao exterior &#8211; RE 928.943\/SP (Tema 914 RG)<\/p><p>IPI; CREDITAMENTO; REGIME DE SUSPENS\u00c3O; RESTRI\u00c7\u00c3O AO DIREITO DE MANUTEN\u00c7\u00c3O E UTILIZA\u00c7\u00c3O DE CR\u00c9DITOS; PRINC\u00cdPIO DA N\u00c3O CUMULATIVIDADE \u00bb IPI: suspens\u00e3o e creditamento pelo estabelecimento industrial remetente &#8211; ADI 7.135\/DF<\/p><p>TAXAS; FIXA\u00c7\u00c3O DO VALOR; FISCALIZA\u00c7\u00c3O DO ESTABELECIMENTO; TIPO DE ATIVIDADE EXERCIDA PELO CONTRIBUINTE; PRINC\u00cdPIO DA REFERIBILIDADE \u00bb Taxa de fiscaliza\u00e7\u00e3o de estabelecimentos: fixa\u00e7\u00e3o do valor a depender do tipo de atividade exercida &#8211; ARE 990.094\/SP (Tema 1.035 RG)<\/p><p><strong><mark style=\"background-color:rgba(0, 0, 0, 0)\" class=\"has-inline-color has-vivid-green-cyan-color\">2 TURMAS<\/mark><\/strong><\/p><p><strong><mark style=\"background-color:rgba(0, 0, 0, 0)\" class=\"has-inline-color has-vivid-green-cyan-color\">3 INOVA\u00c7\u00d5ES NORMATIVAS STF<\/mark><\/strong><\/p><p><a href=\"http:\/\/portal.stf.jus.br\/textos\/verTexto.asp?servico=informativoSTF\" target=\"_blank\" rel=\"noreferrer noopener\">Clique aqui para acessar a \u00edntegra deste Informativo<\/a>.<\/p><p><strong>Fonte: STF<\/strong><\/p>\n    <div class=\"xs_social_share_widget xs_share_url after_content \t\tmain_content  wslu-style-1 wslu-share-box-shaped wslu-fill-colored wslu-none wslu-share-horizontal wslu-theme-font-no wslu-main_content\">\n\n\t\t\n        <ul>\n\t\t\t        <\/ul>\n    <\/div> \n","protected":false},"excerpt":{"rendered":"<p>A edi\u00e7\u00e3o\u00a01186\/2025\u00a0do\u00a0Informativo STF\u00a0j\u00e1 est\u00e1 dispon\u00edvel.\u00a0<\/p>\n","protected":false},"author":5,"featured_media":0,"comment_status":"open","ping_status":"open","sticky":false,"template":"","format":"standard","meta":{"postBodyCss":"","postBodyMargin":[],"postBodyPadding":[],"postBodyBackground":{"backgroundType":"classic","gradient":""},"_price":"","_stock":"","_tribe_ticket_header":"","_tribe_default_ticket_provider":"","_tribe_ticket_capacity":"0","_ticket_start_date":"","_ticket_end_date":"","_tribe_ticket_show_description":"","_tribe_ticket_show_not_going":false,"_tribe_ticket_use_global_stock":"","_tribe_ticket_global_stock_level":"","_global_stock_mode":"","_global_stock_cap":"","_tribe_rsvp_for_event":"","_tribe_ticket_going_count":"","_tribe_ticket_not_going_count":"","_tribe_tickets_list":"[]","_tribe_ticket_has_attendee_info_fields":false,"footnotes":""},"categories":[46],"tags":[14581,799,14593,14598,14607,14081,14605,14601,10214,64,14609,14585,176,1767,3002,14590,1919,14586,14582,14587,14579,7934,14603,14606,14615,14591,259,1374,14596,4240,14595,4734,1425,14588,14580,14597,14583,6669,14611,14613,8767,14612,14600,14604,14610,14599,14584,14614,14592,14589,347,14594,8983,14608,14602],"class_list":["post-13993","post","type-post","status-publish","format-standard","hentry","category-noticias","tag-agencias-reguladoras-2","tag-aposentadoria","tag-assistencia-2","tag-ausencia-de-previsao-orcamentaria","tag-calculo-do-beneficio","tag-cide-tecnologia","tag-contribuicao-de-intervencao-no-dominio-economico","tag-contribuicoes-especiais","tag-creditamento","tag-decreto","tag-destinacao-da-arrecadacao","tag-devido-processo-legislativo","tag-direito-administrativo","tag-direito-constitucional","tag-direito-do-consumidor","tag-direito-previdenciario-2","tag-direito-tributario","tag-disposicoes-constitucionais-gerais","tag-edicao-1186-2025","tag-emenda-proposta-pela-casa-revisora-a-projeto-de-lei","tag-energia-eletrica-2","tag-fato-gerador","tag-fator-previdenciario-2","tag-fiscalizacao-do-estabelecimento","tag-fixacao-do-valor","tag-inafastabilidade-do-poder-judiciario","tag-informativo","tag-informativo-stf","tag-intervencao-do-estado-no-dominio-economico","tag-ipi","tag-livre-concorrencia-2","tag-livre-iniciativa","tag-meio-ambiente","tag-necessidade-de-retorno-a-casa-iniciadora","tag-obrigatoriedade-e-gratuidade-de-fornecimento-de-embalagem","tag-omissao-inconstitucional","tag-politica-tarifaria","tag-prazo-prescricional","tag-principio-da-nao-cumulatividade","tag-principio-da-referibilidade","tag-reajuste-salarial","tag-regime-de-suspensao","tag-regras-de-transicao","tag-regulamentacao-2","tag-remessas-financeiras-ao-exterior","tag-renda-mensal-inicial","tag-restituicao-de-valores-2","tag-restricao-ao-direito-de-manutencao-e-utilizacao-de-creditos","tag-separacao-de-poderes","tag-sistema-unico-de-assistencia-social","tag-stf","tag-suspensao-dos-efeitos-de-lei","tag-taxas","tag-tipo-de-atividade-exercida-pelo-contribuinte","tag-vitimas-de-crimes-dolosos"],"acf":[],"_links":{"self":[{"href":"https:\/\/sgpsolucoes.com.br\/site\/wp-json\/wp\/v2\/posts\/13993"}],"collection":[{"href":"https:\/\/sgpsolucoes.com.br\/site\/wp-json\/wp\/v2\/posts"}],"about":[{"href":"https:\/\/sgpsolucoes.com.br\/site\/wp-json\/wp\/v2\/types\/post"}],"author":[{"embeddable":true,"href":"https:\/\/sgpsolucoes.com.br\/site\/wp-json\/wp\/v2\/users\/5"}],"replies":[{"embeddable":true,"href":"https:\/\/sgpsolucoes.com.br\/site\/wp-json\/wp\/v2\/comments?post=13993"}],"version-history":[{"count":0,"href":"https:\/\/sgpsolucoes.com.br\/site\/wp-json\/wp\/v2\/posts\/13993\/revisions"}],"wp:attachment":[{"href":"https:\/\/sgpsolucoes.com.br\/site\/wp-json\/wp\/v2\/media?parent=13993"}],"wp:term":[{"taxonomy":"category","embeddable":true,"href":"https:\/\/sgpsolucoes.com.br\/site\/wp-json\/wp\/v2\/categories?post=13993"},{"taxonomy":"post_tag","embeddable":true,"href":"https:\/\/sgpsolucoes.com.br\/site\/wp-json\/wp\/v2\/tags?post=13993"}],"curies":[{"name":"wp","href":"https:\/\/api.w.org\/{rel}","templated":true}]}}