{"id":14017,"date":"2025-08-26T16:24:47","date_gmt":"2025-08-26T19:24:47","guid":{"rendered":"https:\/\/sgpsolucoes.com.br\/site\/?p=14017"},"modified":"2025-08-26T16:24:47","modified_gmt":"2025-08-26T19:24:47","slug":"municipio-de-ponta-grossa-pr-suspenso-pregao-para-contratar-seguro-de-vida-para-guardas-municipais-em-face-de-desrespeito-ao-prazo-legal-para-impugnacao","status":"publish","type":"post","link":"https:\/\/sgpsolucoes.com.br\/site\/municipio-de-ponta-grossa-pr-suspenso-pregao-para-contratar-seguro-de-vida-para-guardas-municipais-em-face-de-desrespeito-ao-prazo-legal-para-impugnacao\/","title":{"rendered":"Munic\u00edpio de Ponta Grossa\/PR: Suspenso preg\u00e3o para contratar seguro de vida para guardas municipais, em face de desrespeito ao prazo legal para impugna\u00e7\u00e3o"},"content":{"rendered":"<p>Em medida cautelar, o Tribunal de Contas do Estado do Paran\u00e1 (TCE-PR) suspendeu o prosseguimento do Preg\u00e3o Eletr\u00f4nico n\u00b0 81\/2025, lan\u00e7ado pelo Munic\u00edpio de Ponta Grossa (Regi\u00e3o dos Campos Gerais), destinado \u00e0 contrata\u00e7\u00e3o de empresa especializada em seguro de vida para os guardas civis municipais.<\/p><p>A administra\u00e7\u00e3o municipal dever\u00e1 reabrir o prazo para que os licitantes apresentem eventual impugna\u00e7\u00e3o do edital, devido \u00e0 suposta supress\u00e3o desse prazo, noticiada por uma das participantes do certame em processo de Representa\u00e7\u00e3o da Lei de Licita\u00e7\u00f5es junto ao TCE-PR.<\/p><p>Segundo a representante, o prazo oferecido para impugna\u00e7\u00e3o do edital n\u00e3o teria respeitado dispositivos da Lei de Licita\u00e7\u00f5es e Contratos P\u00fablicos (Lei Federal n\u00ba 14.133\/21), bem como o item 14.1 do edital. A empresa afirmou que, al\u00e9m disso, tentou apresentar impugna\u00e7\u00e3o no \u00faltimo dia do prazo legal, mas n\u00e3o teria obtido \u00eaxito, sob o argumento de que o prazo final teria findado \u00e0s 00:00 do \u00faltimo dia 19 de agosto.<\/p><p>Por fim, explicou ter enviado e-mail ao pregoeiro, \u00e0 secretaria municipal respons\u00e1vel pela contrata\u00e7\u00e3o e \u00e0 plataforma eletr\u00f4nica na qual era realizado o preg\u00e3o, a Bolsa de Licita\u00e7\u00f5es e Leil\u00f5es (BLL). Em nenhum dos tr\u00eas casos a empresa teve sua reivindica\u00e7\u00e3o atendida.<\/p><p>Para o relator da representa\u00e7\u00e3o, conselheiro Durval Amaral, o prazo final para a impugna\u00e7\u00e3o n\u00e3o foi respeitado, uma vez que, se a abertura da sess\u00e3o estava prevista para o dia 22 de agosto \u00faltimo, o prazo final para impugna\u00e7\u00e3o seria at\u00e9 \u00e0s 23h59 do dia 19 de agosto e n\u00e3o \u00e0 00:00 daquele mesmo dia.<\/p><p>De acordo com o artigo 164 da Lei de Licita\u00e7\u00f5es e Contratos P\u00fablicos,&nbsp;qualquer pessoa \u00e9 parte leg\u00edtima para impugnar edital de licita\u00e7\u00e3o por irregularidade na aplica\u00e7\u00e3o da Lei &#8220;ou para solicitar esclarecimento sobre os seus termos, devendo protocolar o pedido at\u00e9 tr\u00eas dias \u00fateis antes da data de abertura do certame&#8221;.<\/p><p>O relator tamb\u00e9m lembrou que o pr\u00f3prio edital do Preg\u00e3o Eletr\u00f4nico n\u00b0 81\/2025, nos mesmos termos do que determina a lei, estipulou o prazo de tr\u00eas dias anteriores \u00e0 data de abertura para recebimento das propostas de impugna\u00e7\u00e3o ou solicita\u00e7\u00e3o de esclarecimentos em rela\u00e7\u00e3o ao ato convocat\u00f3rio.<\/p><p><strong>Certid\u00f5es<\/strong><\/p><p>A exig\u00eancia contida no edital para exibi\u00e7\u00e3o de certid\u00f5es de Cadastro Mobili\u00e1rio e Imobili\u00e1rio como crit\u00e9rio de habilita\u00e7\u00e3o jur\u00eddica, documentos que dizem respeito \u00e0 comprova\u00e7\u00e3o das localiza\u00e7\u00f5es fiscal e f\u00edsica da empresa, tamb\u00e9m foi trazida pela representante como suposta irregularidade inscrita no edital. A contesta\u00e7\u00e3o, nos termos relatados pela empresa, seria levada \u00e0 aprecia\u00e7\u00e3o dos respons\u00e1veis pela licita\u00e7\u00e3o no prazo que fora suprimido.<\/p><p>Ainda segundo a representante, tais documentos n\u00e3o teriam pertin\u00eancia com o objeto da contrata\u00e7\u00e3o e estariam, tamb\u00e9m, em conflito com a Lei de Licita\u00e7\u00f5es, ao ferir o princ\u00edpio da competitividade e, consequentemente, afastando candidatas.<\/p><p>Durval Amaral, no entanto, concluiu que as raz\u00f5es da empresa quanto \u00e0 apresenta\u00e7\u00e3o da documenta\u00e7\u00e3o citada e a respectiva defesa do munic\u00edpio devem ser apreciadas durante a instru\u00e7\u00e3o do processo.<\/p><p>O Munic\u00edpio de Ponta Grossa e seus representantes legais foram intimados para o cumprimento imediato da decis\u00e3o cautelar. Eles receberam prazo de 15 dias para apresentar defesa, assim como comprovar o cumprimento da decis\u00e3o cautelar.<\/p><p>Em vigor desde a expedi\u00e7\u00e3o do Despacho n\u00ba 1.046\/25, emitido em 19 de agosto, pelo Gabinete do Conselheiro Durval Amaral, a decis\u00e3o monocr\u00e1tica do relator dever\u00e1 ser submetida \u00e0 homologa\u00e7\u00e3o do Tribunal Pleno do TCE-PR. Os efeitos da cautelar ser\u00e3o mantidos at\u00e9 o julgamento de m\u00e9rito do processo, a n\u00e3o ser que ocorra sua revoga\u00e7\u00e3o antes disso.<\/p><p>O Despacho n\u00ba 1.046\/2025 foi publicado nesta segunda-feira (25 de agosto), na&nbsp;<a href=\"https:\/\/www1.tce.pr.gov.br\/multimidia\/2025\/8\/pdf\/00397215.pdf\">edi\u00e7\u00e3o n\u00ba 3.515 do Di\u00e1rio Eletr\u00f4nico do TCE-PR<\/a>.<\/p><p><strong>Servi\u00e7o<\/strong><\/p><figure class=\"wp-block-table\"><table class=\"has-fixed-layout\"><tbody><tr><td><strong>Processo<\/strong>&nbsp;<strong>n\u00ba<\/strong>:<\/td><td>529684\/25<\/td><\/tr><tr><td><strong>Despacho n\u00ba<\/strong><\/td><td>1.046\/25 &#8211; Gabinete do Conselheiro Durval Amaral<\/td><\/tr><tr><td><strong>Assunto<\/strong>:<\/td><td>Representa\u00e7\u00e3o da Lei de Licita\u00e7\u00f5es<\/td><\/tr><tr><td><strong>Entidade<\/strong>:<\/td><td>Munic\u00edpio de Ponta Grossa<\/td><\/tr><tr><td><strong>Interessados<\/strong>:<\/td><td>Decisium Solu\u00e7\u00f5es em Neg\u00f3cios Ltda.<\/td><\/tr><tr><td><strong>Relator<\/strong>:<\/td><td>Conselheiro Jos\u00e9 Durval Mattos do Amaral<\/td><\/tr><\/tbody><\/table><\/figure><p><strong>Fonte:&nbsp;TCE\/PR<\/strong><\/p>\n    <div class=\"xs_social_share_widget xs_share_url after_content \t\tmain_content  wslu-style-1 wslu-share-box-shaped wslu-fill-colored wslu-none wslu-share-horizontal wslu-theme-font-no wslu-main_content\">\n\n\t\t\n        <ul>\n\t\t\t        <\/ul>\n    <\/div> \n","protected":false},"excerpt":{"rendered":"<p>Em medida cautelar, o Tribunal de Contas do Estado do Paran\u00e1 (TCE-PR) suspendeu o prosseguimento do Preg\u00e3o Eletr\u00f4nico n\u00b0 81\/2025, lan\u00e7ado pelo Munic\u00edpio de Ponta Grossa (Regi\u00e3o dos Campos Gerais), destinado \u00e0 contrata\u00e7\u00e3o de empresa especializada em seguro de vida para os guardas civis municipais.<\/p>\n","protected":false},"author":5,"featured_media":0,"comment_status":"open","ping_status":"open","sticky":false,"template":"","format":"standard","meta":{"postBodyCss":"","postBodyMargin":[],"postBodyPadding":[],"postBodyBackground":{"backgroundType":"classic","gradient":""},"_price":"","_stock":"","_tribe_ticket_header":"","_tribe_default_ticket_provider":"","_tribe_ticket_capacity":"0","_ticket_start_date":"","_ticket_end_date":"","_tribe_ticket_show_description":"","_tribe_ticket_show_not_going":false,"_tribe_ticket_use_global_stock":"","_tribe_ticket_global_stock_level":"","_global_stock_mode":"","_global_stock_cap":"","_tribe_rsvp_for_event":"","_tribe_ticket_going_count":"","_tribe_ticket_not_going_count":"","_tribe_tickets_list":"[]","_tribe_ticket_has_attendee_info_fields":false,"footnotes":""},"categories":[46],"tags":[14068,12225,14686,4142,1394,4943,2388,501,499,14685,4345,14684,354,356,3996],"class_list":["post-14017","post","type-post","status-publish","format-standard","hentry","category-noticias","tag-contratar","tag-empresa-especializada","tag-guardas-civis-municipais","tag-guardas-municipais","tag-medida-cautelar","tag-municipio-de-ponta-grossa","tag-ponta-grossa","tag-pregao","tag-pregao-eletronico","tag-regiao-dos-campos-gerais","tag-seguro","tag-seguro-de-vida","tag-tce-pr","tag-tribunal-de-contas-do-estado-do-parana","tag-vida"],"acf":[],"_links":{"self":[{"href":"https:\/\/sgpsolucoes.com.br\/site\/wp-json\/wp\/v2\/posts\/14017"}],"collection":[{"href":"https:\/\/sgpsolucoes.com.br\/site\/wp-json\/wp\/v2\/posts"}],"about":[{"href":"https:\/\/sgpsolucoes.com.br\/site\/wp-json\/wp\/v2\/types\/post"}],"author":[{"embeddable":true,"href":"https:\/\/sgpsolucoes.com.br\/site\/wp-json\/wp\/v2\/users\/5"}],"replies":[{"embeddable":true,"href":"https:\/\/sgpsolucoes.com.br\/site\/wp-json\/wp\/v2\/comments?post=14017"}],"version-history":[{"count":0,"href":"https:\/\/sgpsolucoes.com.br\/site\/wp-json\/wp\/v2\/posts\/14017\/revisions"}],"wp:attachment":[{"href":"https:\/\/sgpsolucoes.com.br\/site\/wp-json\/wp\/v2\/media?parent=14017"}],"wp:term":[{"taxonomy":"category","embeddable":true,"href":"https:\/\/sgpsolucoes.com.br\/site\/wp-json\/wp\/v2\/categories?post=14017"},{"taxonomy":"post_tag","embeddable":true,"href":"https:\/\/sgpsolucoes.com.br\/site\/wp-json\/wp\/v2\/tags?post=14017"}],"curies":[{"name":"wp","href":"https:\/\/api.w.org\/{rel}","templated":true}]}}