{"id":14023,"date":"2025-08-26T16:32:52","date_gmt":"2025-08-26T19:32:52","guid":{"rendered":"https:\/\/sgpsolucoes.com.br\/site\/?p=14023"},"modified":"2025-08-26T16:32:53","modified_gmt":"2025-08-26T19:32:53","slug":"revisao-geral-anual-dos-servidores-publicos-pode-incidir-nos-subsidios-dos-agentes-politicos-diz-tce-sc","status":"publish","type":"post","link":"https:\/\/sgpsolucoes.com.br\/site\/revisao-geral-anual-dos-servidores-publicos-pode-incidir-nos-subsidios-dos-agentes-politicos-diz-tce-sc\/","title":{"rendered":"Revis\u00e3o geral anual dos servidores p\u00fablicos pode incidir nos subs\u00eddios dos agentes pol\u00edticos, diz TCE\/SC"},"content":{"rendered":"<p>A revis\u00e3o geral anual (RGA) deve resultar na atualiza\u00e7\u00e3o do vencimento de todos os cargos existentes nos planos de cargos e vencimentos do ente p\u00fablico, n\u00e3o apenas dos servidores p\u00fablicos, mas, tamb\u00e9m, dos subs\u00eddios dos agentes pol\u00edticos \u2014 prefeitos, vice-prefeitos, vereadores e secret\u00e1rios. O entendimento \u00e9 do Tribunal de Contas de Santa Catarina (TCE\/SC), que aponta a necessidade de previs\u00e3o legal e de serem respeitados os limites or\u00e7ament\u00e1rios e financeiros.&nbsp;<\/p><p>Em resposta \u00e0 consulta formulada pelo prefeito de Santa Helena, Cl\u00f3vis Lazarotto, a decis\u00e3o aprovada na sess\u00e3o virtual encerrada em 21 de agosto, com base no voto da relatora do processo (<a href=\"https:\/\/virtual.tce.sc.gov.br\/pwa\/#\/processo?nu_proc=25%2F00013817\" target=\"_blank\" rel=\"noreferrer noopener\">@CON 25\/00013817<\/a>), conselheira substituta Sabrina Nunes Iocken, registra que a concess\u00e3o da RGA independe da data do provimento do cargo, incluindo os agentes pol\u00edticos se houver previs\u00e3o de extens\u00e3o \u00e0 categoria na data da vig\u00eancia da lei espec\u00edfica, n\u00e3o se vinculando ao in\u00edcio de mandato.&nbsp;<\/p><p>\u201cTrata-se de recomposi\u00e7\u00e3o do poder aquisitivo da remunera\u00e7\u00e3o, com base na infla\u00e7\u00e3o acumulada, e n\u00e3o de aumento real\u201d, explica a relatora ao refor\u00e7ar que a Corte de Contas tem jurisprud\u00eancia consolidada sobre o assunto, especialmente nos Prejulgados 1602, 1686 e 2102, que reconhecem a possibilidade de concess\u00e3o, \u201cdesde que haja previs\u00e3o legal espec\u00edfica e observ\u00e2ncia aos limites or\u00e7ament\u00e1rios e financeiros\u201d.&nbsp;<\/p><p>De acordo com a Diretoria de Atos de Pessoal (DAP) do TCE\/SC, as leis municipais estabelecem uma data-base anual para a revis\u00e3o geral do funcionalismo, cujo \u00edndice dever\u00e1 servir de refer\u00eancia para atualizar os subs\u00eddios dos agentes pol\u00edticos. \u201cPortanto, n\u00e3o \u00e9 necess\u00e1rio aguardar um intervalo m\u00ednimo de 12 meses, contado da fixa\u00e7\u00e3o inicial do subs\u00eddio, para aplicar a revis\u00e3o\u201d, destaca o parecer t\u00e9cnico.&nbsp;<\/p><p>A DAP salienta, no entanto, que o resultado do julgamento do recurso extraordin\u00e1rio com Repercuss\u00e3o Geral n. 1.192, de relatoria do ministro Luiz Fux, ainda em tramita\u00e7\u00e3o no Supremo Tribunal Federal, poder\u00e1 alterar as orienta\u00e7\u00f5es firmadas pelo Tribunal de Contas de Santa Catarina.&nbsp;<\/p><p>A reposta \u00e0 consulta formulada pelo prefeito de Santa Helena reformou item do Prejulgado 2102, dispon\u00edvel no&nbsp;<a href=\"https:\/\/www.tcesc.tc.br\/\" target=\"_blank\" rel=\"noreferrer noopener\">Portal do TCE\/SC<\/a>, nos itens&nbsp;<a href=\"https:\/\/www.tcesc.tc.br\/prejulgados\" target=\"_blank\" rel=\"noreferrer noopener\">Jurisprud\u00eancia<\/a>&nbsp;&#8211; Prejulgados do menu superior. O assunto tamb\u00e9m \u00e9 abordado nos Prejulgados 1499, 1602, 1565, 1890, 1686, 1271, 1183, 1152, 1127 e 986.&nbsp;<\/p><h6 class=\"wp-block-heading\"><strong>Saiba mais: revis\u00e3o geral anual e fixa\u00e7\u00e3o dos subs\u00eddios&nbsp;<\/strong><\/h6><p>Revis\u00e3o geral anual: consiste no direito \u00e0 recomposi\u00e7\u00e3o da perda do poder aquisitivo da remunera\u00e7\u00e3o \u2014 vencimento ou subs\u00eddio \u2014, em raz\u00e3o de desvaloriza\u00e7\u00e3o da moeda, decorrente da infla\u00e7\u00e3o, apurado no per\u00edodo de um ano, podendo ser concedida a todos os servidores p\u00fablicos e agentes pol\u00edticos de todos os Poderes do ente federativo.&nbsp;<\/p><p>Fixa\u00e7\u00e3o dos subs\u00eddios: estabelece o valor dos subs\u00eddios para um mandato ou legislatura por meio de ato do Legislativo.&nbsp;<\/p><p><strong>Fonte: TCE\/SC<\/strong><\/p>\n    <div class=\"xs_social_share_widget xs_share_url after_content \t\tmain_content  wslu-style-1 wslu-share-box-shaped wslu-fill-colored wslu-none wslu-share-horizontal wslu-theme-font-no wslu-main_content\">\n\n\t\t\n        <ul>\n\t\t\t        <\/ul>\n    <\/div> \n","protected":false},"excerpt":{"rendered":"<p>A revis\u00e3o geral anual (RGA) deve resultar na atualiza\u00e7\u00e3o do vencimento de todos os cargos existentes nos planos de cargos e vencimentos do ente p\u00fablico, n\u00e3o apenas dos servidores p\u00fablicos, mas, tamb\u00e9m, dos subs\u00eddios dos agentes pol\u00edticos \u2014 prefeitos, vice-prefeitos, vereadores e secret\u00e1rios. O entendimento \u00e9 do Tribunal de Contas de Santa Catarina (TCE\/SC), que aponta a necessidade de previs\u00e3o legal e de serem respeitados os limites or\u00e7ament\u00e1rios e financeiros.\u00a0<\/p>\n","protected":false},"author":5,"featured_media":0,"comment_status":"open","ping_status":"open","sticky":false,"template":"","format":"standard","meta":{"postBodyCss":"","postBodyMargin":[],"postBodyPadding":[],"postBodyBackground":{"backgroundType":"classic","gradient":""},"_price":"","_stock":"","_tribe_ticket_header":"","_tribe_default_ticket_provider":"","_tribe_ticket_capacity":"0","_ticket_start_date":"","_ticket_end_date":"","_tribe_ticket_show_description":"","_tribe_ticket_show_not_going":false,"_tribe_ticket_use_global_stock":"","_tribe_ticket_global_stock_level":"","_global_stock_mode":"","_global_stock_cap":"","_tribe_rsvp_for_event":"","_tribe_ticket_going_count":"","_tribe_ticket_not_going_count":"","_tribe_tickets_list":"[]","_tribe_ticket_has_attendee_info_fields":false,"footnotes":""},"categories":[46],"tags":[1495,3522,3221,14690,529,4699,4701,14689,4105,1344,1782,1496,1307,590,589,14353,6324,6567,7133],"class_list":["post-14023","post","type-post","status-publish","format-standard","hentry","category-noticias","tag-agentes-politicos","tag-cargos","tag-ente-publico","tag-planos-de-cargos","tag-prefeitos","tag-revisao-geral","tag-revisao-geral-anual","tag-rga","tag-secretarios","tag-servidores","tag-servidores-publicos","tag-subsidios","tag-tce-sc-2","tag-tce-sc","tag-tribunal-de-contas-de-santa-catarina","tag-vencimento","tag-vencimentos","tag-vereadores","tag-vice-prefeitos"],"acf":[],"_links":{"self":[{"href":"https:\/\/sgpsolucoes.com.br\/site\/wp-json\/wp\/v2\/posts\/14023"}],"collection":[{"href":"https:\/\/sgpsolucoes.com.br\/site\/wp-json\/wp\/v2\/posts"}],"about":[{"href":"https:\/\/sgpsolucoes.com.br\/site\/wp-json\/wp\/v2\/types\/post"}],"author":[{"embeddable":true,"href":"https:\/\/sgpsolucoes.com.br\/site\/wp-json\/wp\/v2\/users\/5"}],"replies":[{"embeddable":true,"href":"https:\/\/sgpsolucoes.com.br\/site\/wp-json\/wp\/v2\/comments?post=14023"}],"version-history":[{"count":0,"href":"https:\/\/sgpsolucoes.com.br\/site\/wp-json\/wp\/v2\/posts\/14023\/revisions"}],"wp:attachment":[{"href":"https:\/\/sgpsolucoes.com.br\/site\/wp-json\/wp\/v2\/media?parent=14023"}],"wp:term":[{"taxonomy":"category","embeddable":true,"href":"https:\/\/sgpsolucoes.com.br\/site\/wp-json\/wp\/v2\/categories?post=14023"},{"taxonomy":"post_tag","embeddable":true,"href":"https:\/\/sgpsolucoes.com.br\/site\/wp-json\/wp\/v2\/tags?post=14023"}],"curies":[{"name":"wp","href":"https:\/\/api.w.org\/{rel}","templated":true}]}}