{"id":14041,"date":"2025-08-27T15:21:01","date_gmt":"2025-08-27T18:21:01","guid":{"rendered":"https:\/\/sgpsolucoes.com.br\/site\/?p=14041"},"modified":"2025-08-27T15:21:10","modified_gmt":"2025-08-27T18:21:10","slug":"informativo-n-344-do-stf-repercussao-geral-em-pauta","status":"publish","type":"post","link":"https:\/\/sgpsolucoes.com.br\/site\/informativo-n-344-do-stf-repercussao-geral-em-pauta\/","title":{"rendered":"Informativo n\u00b0 344 do STF &#8211; Repercuss\u00e3o Geral em Pauta"},"content":{"rendered":"<p>O N\u00facleo de Gerenciamento de Precedentes do Supremo Tribunal Federal disponibilizou a&nbsp;edi\u00e7\u00e3o n\u00b0 344 do Boletim Repercuss\u00e3o Geral \u2013 em pauta.<\/p><p>Confira abaixo nossos destaques:<\/p><p class=\"has-text-align-center\"><strong>M\u00e9rito da Repercuss\u00e3o Geral<\/strong><\/p><p class=\"has-text-align-center\"><strong>Julgamentos<\/strong><\/p><ul class=\"wp-block-list\"><li><strong>Tema:<\/strong> 616 | <strong>Processo(s):<\/strong> RE 639.856 | <strong>Relator:<\/strong> Min. Gilmar Mendes | <strong>T\u00edtulo:<\/strong> Incid\u00eancia do fator previdenci\u00e1rio (Lei 9.876\/99) ou das regras de transi\u00e7\u00e3o trazidas pela EC 20\/98 nos benef\u00edcios previdenci\u00e1rios concedidos a segurados filiados ao Regime Geral at\u00e9 16\/12\/1998. <strong>O Tribunal fixou a seguinte tese:<\/strong> \u201c\u00c9 constitucional a aplica\u00e7\u00e3o do fator previdenci\u00e1rio, institu\u00eddo pela Lei 9.876\/1999, aos benef\u00edcios concedidos a segurados filiados ao Regime Geral de Previd\u00eancia Social antes de 16.12.1998, abrangidos pela regra de transi\u00e7\u00e3o do art. 9\u00ba da EC 20\/98.\u201d<\/li><\/ul><ul class=\"wp-block-list\"><li><strong>Tema:<\/strong> 1.035 | <strong>Processo(s):<\/strong> ARE 990.094 | <strong>Relator:<\/strong> Min. Gilmar Mendes | <strong>T\u00edtulo:<\/strong> Constitucionalidade da utiliza\u00e7\u00e3o do tipo de atividade exercida pelo estabelecimento como par\u00e2metro para defini\u00e7\u00e3o do valor de taxa institu\u00edda em raz\u00e3o do exerc\u00edcio do poder de pol\u00edcia. <strong>O Tribunal fixou a seguinte tese:<\/strong> \u201c\u00c9 constitucional considerar o tipo de atividade exercida pelo contribuinte como um dos crit\u00e9rios para fixa\u00e7\u00e3o do valor de taxa de fiscaliza\u00e7\u00e3o do estabelecimento.\u201d<\/li><\/ul><ul class=\"wp-block-list\"><li><strong>Tema:<\/strong> 1.277 | <strong>Processo(s):<\/strong> RE 1.426.083 | <strong>Relator:<\/strong> Min. Alexandre de Moraes | <strong>T\u00edtulo:<\/strong> Compatibilidade do art. 3\u00ba, \u00a7 3\u00ba, da Lei 10.259\/2001 com a Constitui\u00e7\u00e3o da Rep\u00fablica, notadamente em face do art. 109, \u00a7 2\u00ba, da Carta Pol\u00edtica. <strong>O Tribunal fixou a seguinte tese:<\/strong> \u201cO art. 3\u00ba, \u00a7 3\u00ba, da Lei 10.259\/2001 \u00e9 compat\u00edvel com a Constitui\u00e7\u00e3o Federal, devendo ser interpretado no sentido de que a compet\u00eancia absoluta dos juizados especiais federais se restringe ao valor da causa, havendo a faculdade de escolha do foro pelo demandante na forma do art. 109, \u00a7 2\u00ba, da CF\/88.\u201d<\/li><\/ul><ul class=\"wp-block-list\"><li><strong>Tema:<\/strong> 1.367 | <strong>Processo(s):<\/strong> RE 1.490.708-RGED | <strong>Red. do Ac\u00f3rd\u00e3o:<\/strong> Min. Dias Toffoli | <strong>T\u00edtulo:<\/strong> Efeitos da modula\u00e7\u00e3o na incid\u00eancia de ICMS sobre a transfer\u00eancia de mercadorias entre estabelecimentos do mesmo contribuinte, conforme o estabelecido no Tema 1.099\/RG e na ADC 49. | <strong>Decis\u00e3o:<\/strong> O Tribunal, por maioria, acolheu os embargos de declara\u00e7\u00e3o, com efeitos infringentes, e negou provimento ao recurso extraordin\u00e1rio interposto pelo Estado de S\u00e3o Paulo, com a fixa\u00e7\u00e3o da seguinte tese de julgamento: \u201cA modula\u00e7\u00e3o dos efeitos estabelecida no julgamento da ADC n\u00ba 49\/RN-ED n\u00e3o autoriza a cobran\u00e7a do ICMS l\u00e1 debatido quanto a fatos geradores ocorridos antes de 2024 em rela\u00e7\u00e3o aos quais n\u00e3o tenha havido o pagamento do tributo\u201d.<\/li><\/ul><p class=\"has-text-align-center\"><strong>Ac\u00f3rd\u00e3os Publicados<\/strong><\/p><ul class=\"wp-block-list\"><li><strong>Tema:<\/strong> 656 | <strong>Processo(s):<\/strong> RE 608.588 | <strong>Relator:<\/strong> Min. Luiz Fux | <strong>Inteiro teor T\u00edtulo:<\/strong> Limites da atua\u00e7\u00e3o legislativa local para disciplinar as atribui\u00e7\u00f5es das guardas municipais destinadas \u00e0 prote\u00e7\u00e3o de bens, servi\u00e7os e instala\u00e7\u00f5es do munic\u00edpio. <strong>O Tribunal fixou a seguinte tese:<\/strong> \u201c\u00c9 constitucional, no \u00e2mbito dos munic\u00edpios, o exerc\u00edcio de a\u00e7\u00f5es de seguran\u00e7a urbana pelas Guardas Municipais, inclusive policiamento ostensivo e comunit\u00e1rio, respeitadas as atribui\u00e7\u00f5es dos demais \u00f3rg\u00e3os de seguran\u00e7a p\u00fablica previstos no art. 144 da Constitui\u00e7\u00e3o Federal e exclu\u00edda qualquer atividade de pol\u00edcia judici\u00e1ria, sendo submetidas ao controle externo da atividade policial pelo Minist\u00e9rio P\u00fablico, nos termos do artigo 129, inciso VII, da CF. Conforme o art. 144, \u00a7 8\u00ba, da Constitui\u00e7\u00e3o Federal, as leis municipais devem observar as normas gerais fixadas pelo Congresso Nacional.\u201d<\/li><\/ul><ul class=\"wp-block-list\"><li><strong>Tema:<\/strong> 1.414 | <strong>Processo(s):<\/strong> ARE 1.531.515 | <strong>Relator:<\/strong> Min. Lu\u00eds Roberto Barroso (Presidente). <strong>Inteiro teor T\u00edtulo:<\/strong> Contagem de tempo de atividade rural exercido por pessoa com menos de 12 anos \u00e0 \u00e9poca do servi\u00e7o para fins de concess\u00e3o de benef\u00edcio previdenci\u00e1rio. <strong>O Tribunal fixou a seguinte tese:<\/strong> &#8220;\u00c9 infraconstitucional e f\u00e1tica a controv\u00e9rsia sobre o preenchimento de requisitos para o c\u00f4mputo de tempo de servi\u00e7o para fins de concess\u00e3o de benef\u00edcio previdenci\u00e1rio.<\/li><\/ul><p><strong>Acesse a \u00edntegra deste Boletim no link abaixo:<\/strong><\/p><p><a href=\"http:\/\/www.stf.jus.br\/arquivo\/cms\/newsletterInformativoRG\/anexo\/Edio344.pdf\" target=\"_blank\" rel=\"noreferrer noopener\">Edi\u00e7\u00e3o n\u00ba 344 do Boletim Repercuss\u00e3o Geral \u2013 em pauta<\/a><\/p><p><strong>Fonte: STF<\/strong><\/p>\n    <div class=\"xs_social_share_widget xs_share_url after_content \t\tmain_content  wslu-style-1 wslu-share-box-shaped wslu-fill-colored wslu-none wslu-share-horizontal wslu-theme-font-no wslu-main_content\">\n\n\t\t\n        <ul>\n\t\t\t        <\/ul>\n    <\/div> \n","protected":false},"excerpt":{"rendered":"<p>O N\u00facleo de Gerenciamento de Precedentes do Supremo Tribunal Federal disponibilizou a\u00a0edi\u00e7\u00e3o n\u00b0 344 do Boletim Repercuss\u00e3o Geral \u2013 em pauta.<\/p>\n","protected":false},"author":5,"featured_media":0,"comment_status":"open","ping_status":"open","sticky":false,"template":"","format":"standard","meta":{"postBodyCss":"","postBodyMargin":[],"postBodyPadding":[],"postBodyBackground":{"backgroundType":"classic","gradient":""},"_price":"","_stock":"","_tribe_ticket_header":"","_tribe_default_ticket_provider":"","_tribe_ticket_capacity":"0","_ticket_start_date":"","_ticket_end_date":"","_tribe_ticket_show_description":"","_tribe_ticket_show_not_going":false,"_tribe_ticket_use_global_stock":"","_tribe_ticket_global_stock_level":"","_global_stock_mode":"","_global_stock_cap":"","_tribe_rsvp_for_event":"","_tribe_ticket_going_count":"","_tribe_ticket_not_going_count":"","_tribe_tickets_list":"[]","_tribe_ticket_has_attendee_info_fields":false,"footnotes":""},"categories":[46],"tags":[14713,3627,2759,111,274,14715,1127,1792,3380,14709,14707,3777,4695,14712,14436,4142,397,14706,14717,14714,14438,14708,6210,460,3243,4397,561,14231,4486,14710,1731,10477,500,348,1384,14711,14716],"class_list":["post-14041","post","type-post","status-publish","format-standard","hentry","category-noticias","tag-atuacao-legislativa-local","tag-beneficio-previdenciario","tag-beneficios-previdenciarios","tag-bens","tag-boletim","tag-carta-politica","tag-constitucional","tag-constitucionalidade","tag-constituicao-da-republica","tag-ec-20-98","tag-edicao-n-344","tag-em-pauta","tag-estabelecimento","tag-estabelecimentos-do-mesmo-contribuinte","tag-fator-previdenciario","tag-guardas-municipais","tag-icms","tag-informativo-n-344-do-stf","tag-instalacoes","tag-lei-10-259-2001","tag-lei-9-876-1999","tag-lei-9-876-99","tag-mercadorias","tag-municipio-2","tag-nucleo-de-gerenciamento-de-precedentes","tag-poder-de-policia","tag-protecao","tag-regime-geral","tag-regime-geral-de-previdencia-social","tag-regras-de-transicao-2","tag-repercussao-geral","tag-repercussao-geral-em-pauta","tag-servicos-2","tag-supremo-tribunal-federal","tag-taxa","tag-taxa-de-fiscalizacao-2","tag-tempo-de-atividade-rural"],"acf":[],"_links":{"self":[{"href":"https:\/\/sgpsolucoes.com.br\/site\/wp-json\/wp\/v2\/posts\/14041"}],"collection":[{"href":"https:\/\/sgpsolucoes.com.br\/site\/wp-json\/wp\/v2\/posts"}],"about":[{"href":"https:\/\/sgpsolucoes.com.br\/site\/wp-json\/wp\/v2\/types\/post"}],"author":[{"embeddable":true,"href":"https:\/\/sgpsolucoes.com.br\/site\/wp-json\/wp\/v2\/users\/5"}],"replies":[{"embeddable":true,"href":"https:\/\/sgpsolucoes.com.br\/site\/wp-json\/wp\/v2\/comments?post=14041"}],"version-history":[{"count":0,"href":"https:\/\/sgpsolucoes.com.br\/site\/wp-json\/wp\/v2\/posts\/14041\/revisions"}],"wp:attachment":[{"href":"https:\/\/sgpsolucoes.com.br\/site\/wp-json\/wp\/v2\/media?parent=14041"}],"wp:term":[{"taxonomy":"category","embeddable":true,"href":"https:\/\/sgpsolucoes.com.br\/site\/wp-json\/wp\/v2\/categories?post=14041"},{"taxonomy":"post_tag","embeddable":true,"href":"https:\/\/sgpsolucoes.com.br\/site\/wp-json\/wp\/v2\/tags?post=14041"}],"curies":[{"name":"wp","href":"https:\/\/api.w.org\/{rel}","templated":true}]}}