{"id":14044,"date":"2025-08-27T15:25:48","date_gmt":"2025-08-27T18:25:48","guid":{"rendered":"https:\/\/sgpsolucoes.com.br\/site\/?p=14044"},"modified":"2025-08-27T15:25:49","modified_gmt":"2025-08-27T18:25:49","slug":"jurisprudencia-em-teses-do-stj-traz-novos-entendimentos-sobre-equidade-racial-e-direito-autoral","status":"publish","type":"post","link":"https:\/\/sgpsolucoes.com.br\/site\/jurisprudencia-em-teses-do-stj-traz-novos-entendimentos-sobre-equidade-racial-e-direito-autoral\/","title":{"rendered":"Jurisprud\u00eancia em Teses do STJ traz novos entendimentos sobre equidade racial e direito autoral"},"content":{"rendered":"<p>A Secretaria de Jurisprud\u00eancia do Superior Tribunal de Justi\u00e7a (STJ) disponibilizou as edi\u00e7\u00f5es<a href=\"https:\/\/scon.stj.jus.br\/SCON\/jt\/doc.jsp?livre=%27264%27%5btit%5d\">&nbsp;264&nbsp;<\/a>e&nbsp;<a href=\"https:\/\/scon.stj.jus.br\/SCON\/jt\/doc.jsp?livre=%27265%27.tit.\">265 de Jurisprud\u00eancia em Teses<\/a>, sobre os temas&nbsp;<em>Equidade Racial&nbsp;<\/em>e&nbsp;<em>Direito Autoral<\/em>, respectivamente. A equipe respons\u00e1vel pelo produto destacou duas teses em cada edi\u00e7\u00e3o.<\/p><p>Na edi\u00e7\u00e3o 264, a primeira tese mostra que a inten\u00e7\u00e3o de ofender a honra subjetiva da v\u00edtima por meio de ofensas relacionadas \u00e0 sua cor de pele configura&nbsp;dolo&nbsp;espec\u00edfico necess\u00e1rio para o crime de inj\u00faria racial.<\/p><p>O segundo entendimento aponta que \u00e9 leg\u00edtima a utiliza\u00e7\u00e3o, al\u00e9m da autodeclara\u00e7\u00e3o, de crit\u00e9rios subsidi\u00e1rios de heteroidentifica\u00e7\u00e3o, desde que respeitada a dignidade da pessoa humana e garantidos o contradit\u00f3rio e a ampla defesa.<\/p><p>J\u00e1 na edi\u00e7\u00e3o 265, o primeiro entendimento afirma que reprodu\u00e7\u00e3o n\u00e3o autorizada de obras de terceiros \u00e9 admitida quando preencher a totalidade dos requisitos do &#8220;Teste dos Tr\u00eas Passos&#8221; (<em>Three Step Test<\/em>): (I) em certos casos especiais; (II) que n\u00e3o conflitem com a explora\u00e7\u00e3o comercial normal da obra; e (III) que n\u00e3o prejudiquem injustificadamente os leg\u00edtimos interesses do autor.<\/p><p>A segunda tese aponta que s\u00e3o devidos direitos autorais pela exibi\u00e7\u00e3o de trilhas sonoras nos filmes.<\/p><h2 class=\"wp-block-heading\">A ferramenta<\/h2><p>Lan\u00e7ada em maio de 2014, Jurisprud\u00eancia em Teses apresenta diversos entendimentos do STJ sobre temas espec\u00edficos, escolhidos de acordo com sua relev\u00e2ncia no \u00e2mbito jur\u00eddico.<\/p><p>Cada edi\u00e7\u00e3o re\u00fane teses identificadas pela Secretaria de Jurisprud\u00eancia ap\u00f3s cuidadosa pesquisa nos precedentes do tribunal. Abaixo de cada uma delas, o usu\u00e1rio pode conferir os precedentes mais recentes sobre o tema, selecionados at\u00e9 a data especificada no documento.<\/p><p><strong>Fonte: STJ<\/strong><\/p>\n    <div class=\"xs_social_share_widget xs_share_url after_content \t\tmain_content  wslu-style-1 wslu-share-box-shaped wslu-fill-colored wslu-none wslu-share-horizontal wslu-theme-font-no wslu-main_content\">\n\n\t\t\n        <ul>\n\t\t\t        <\/ul>\n    <\/div> \n","protected":false},"excerpt":{"rendered":"<p>A Secretaria de Jurisprud\u00eancia do Superior Tribunal de Justi\u00e7a (STJ) disponibilizou as edi\u00e7\u00f5es\u00a0264\u00a0e\u00a0265 de Jurisprud\u00eancia em Teses, sobre os temas\u00a0Equidade Racial\u00a0e\u00a0Direito Autoral, respectivamente. A equipe respons\u00e1vel pelo produto destacou duas teses em cada edi\u00e7\u00e3o.<\/p>\n","protected":false},"author":5,"featured_media":0,"comment_status":"open","ping_status":"open","sticky":false,"template":"","format":"standard","meta":{"postBodyCss":"","postBodyMargin":[],"postBodyPadding":[],"postBodyBackground":{"backgroundType":"classic","gradient":""},"_price":"","_stock":"","_tribe_ticket_header":"","_tribe_default_ticket_provider":"","_tribe_ticket_capacity":"0","_ticket_start_date":"","_ticket_end_date":"","_tribe_ticket_show_description":"","_tribe_ticket_show_not_going":false,"_tribe_ticket_use_global_stock":"","_tribe_ticket_global_stock_level":"","_global_stock_mode":"","_global_stock_cap":"","_tribe_rsvp_for_event":"","_tribe_ticket_going_count":"","_tribe_ticket_not_going_count":"","_tribe_tickets_list":"[]","_tribe_ticket_has_attendee_info_fields":false,"footnotes":""},"categories":[46],"tags":[14718,7239,2425,4077,6757,229,230],"class_list":["post-14044","post","type-post","status-publish","format-standard","hentry","category-noticias","tag-direito-autoral","tag-entendimentos","tag-equidade-racial","tag-jurisprudencia-em-teses","tag-secretaria-de-jurisprudencia","tag-stj","tag-superior-tribunal-de-justica"],"acf":[],"_links":{"self":[{"href":"https:\/\/sgpsolucoes.com.br\/site\/wp-json\/wp\/v2\/posts\/14044"}],"collection":[{"href":"https:\/\/sgpsolucoes.com.br\/site\/wp-json\/wp\/v2\/posts"}],"about":[{"href":"https:\/\/sgpsolucoes.com.br\/site\/wp-json\/wp\/v2\/types\/post"}],"author":[{"embeddable":true,"href":"https:\/\/sgpsolucoes.com.br\/site\/wp-json\/wp\/v2\/users\/5"}],"replies":[{"embeddable":true,"href":"https:\/\/sgpsolucoes.com.br\/site\/wp-json\/wp\/v2\/comments?post=14044"}],"version-history":[{"count":0,"href":"https:\/\/sgpsolucoes.com.br\/site\/wp-json\/wp\/v2\/posts\/14044\/revisions"}],"wp:attachment":[{"href":"https:\/\/sgpsolucoes.com.br\/site\/wp-json\/wp\/v2\/media?parent=14044"}],"wp:term":[{"taxonomy":"category","embeddable":true,"href":"https:\/\/sgpsolucoes.com.br\/site\/wp-json\/wp\/v2\/categories?post=14044"},{"taxonomy":"post_tag","embeddable":true,"href":"https:\/\/sgpsolucoes.com.br\/site\/wp-json\/wp\/v2\/tags?post=14044"}],"curies":[{"name":"wp","href":"https:\/\/api.w.org\/{rel}","templated":true}]}}