{"id":14155,"date":"2025-09-01T17:34:50","date_gmt":"2025-09-01T20:34:50","guid":{"rendered":"https:\/\/sgpsolucoes.com.br\/site\/?p=14155"},"modified":"2025-09-01T17:34:51","modified_gmt":"2025-09-01T20:34:51","slug":"stf-mantem-lei-sobre-acesso-de-pessoas-vulneraveis-ao-sus-ate-adequacao-pelo-congresso","status":"publish","type":"post","link":"https:\/\/sgpsolucoes.com.br\/site\/stf-mantem-lei-sobre-acesso-de-pessoas-vulneraveis-ao-sus-ate-adequacao-pelo-congresso\/","title":{"rendered":"STF mant\u00e9m lei sobre acesso de pessoas vulner\u00e1veis ao SUS at\u00e9 adequa\u00e7\u00e3o pelo Congresso"},"content":{"rendered":"<p class=\"has-text-align-center\"><em>Foto: Wallace Martins\/STF<\/em><\/p><p><strong><em>Corte declarou inconstitucionalidade de trecho da norma, mas n\u00e3o anulou o dispositivo para garantir seguran\u00e7a jur\u00eddica<\/em><\/strong><\/p><p>O Supremo Tribunal Federal (STF) manteve temporariamente a vig\u00eancia de dispositivo da lei que garante o acesso de pessoas em situa\u00e7\u00e3o de vulnerabilidade social \u00e0 assist\u00eancia integral \u00e0 sa\u00fade, sem necessidade de apresenta\u00e7\u00e3o de comprovante de domic\u00edlio ou inscri\u00e7\u00e3o no Sistema \u00danico de Sa\u00fade (SUS), at\u00e9 que o Congresso Nacional fa\u00e7a a adequa\u00e7\u00e3o legislativa necess\u00e1ria na norma.&nbsp;<\/p><p>Por maioria de votos, o Plen\u00e1rio declarou a inconstitucionalidade do artigo 2\u00ba da Lei 13.714\/2018, por violar o processo legislativo bicameral previsto no artigo 65 da Constitui\u00e7\u00e3o Federal. Entretanto, a norma n\u00e3o foi invalidada. O ministro Gilmar Mendes divergiu do relator, ministro Cristiano Zanin, e foi acompanhado pela maioria, ao entender que houve falha no processo legislativo.<\/p><p>De acordo com o voto do ministro Gilmar, o prazo de 18 meses \u00e9 suficiente para que o Congresso Nacional reaprecie o tema e promova a adequa\u00e7\u00e3o legislativa. A decis\u00e3o foi tomada na sess\u00e3o virtual encerrada em 18\/8, no julgamento da A\u00e7\u00e3o Direta de Inconstitucionalidade&nbsp;<strong><a href=\"https:\/\/portal.stf.jus.br\/processos\/detalhe.asp?incidente=5644873\" target=\"_blank\" rel=\"noreferrer noopener\">(ADI) 6085<\/a><\/strong>, proposta pelo Partido Socialismo e Liberdade (Psol).<\/p><h5 class=\"wp-block-heading\"><strong>Seguran\u00e7a jur\u00eddica<\/strong><\/h5><p>Prevaleceu o entendimento de que a emenda aprovada pelo Senado modificou substancialmente o projeto original ao inserir dispensa da apresenta\u00e7\u00e3o de documentos por pessoas em situa\u00e7\u00e3o de vulnerabilidade para ter acesso \u00e0 assist\u00eancia integral \u00e0 sa\u00fade. Nesse caso, a revis\u00e3o pela casa iniciadora (C\u00e2mara dos Deputados) seria indispens\u00e1vel para preserva\u00e7\u00e3o da integridade do processo legislativo bicameral.<br><br>No voto, o ministro Gilmar Mendes destacou que a lei est\u00e1 em vig\u00eancia h\u00e1 quase sete anos, e a sua invalida\u00e7\u00e3o \u201ccausaria um verdadeiro caos jur\u00eddico, social e administrativo\u201d. Ele ponderou que a retroatividade decorrente da nulidade traria consequ\u00eancias que n\u00e3o poderiam ser desfeitas.<\/p><h5 class=\"wp-block-heading\"><strong>Voto do relator<\/strong><\/h5><p>Ficaram parcialmente vencidos o relator, ministro Cristiano Zanin, e o ministro Alexandre de Moraes. Segundo Zanin, o artigo 2\u00b0 da lei n\u00e3o inovou as regras j\u00e1 estabelecidas pela Constitui\u00e7\u00e3o. Nesse sentido, segundo ele, o Senado apenas aprimorou o projeto de lei com a finalidade de reassegurar direito j\u00e1 existente a uma camada da popula\u00e7\u00e3o em situa\u00e7\u00e3o de vulnerabilidade social.<\/p><p><strong>Fonte: STF<\/strong><\/p>\n    <div class=\"xs_social_share_widget xs_share_url after_content \t\tmain_content  wslu-style-1 wslu-share-box-shaped wslu-fill-colored wslu-none wslu-share-horizontal wslu-theme-font-no wslu-main_content\">\n\n\t\t\n        <ul>\n\t\t\t        <\/ul>\n    <\/div> \n","protected":false},"excerpt":{"rendered":"<p>O Supremo Tribunal Federal (STF) manteve temporariamente a vig\u00eancia de dispositivo da lei que garante o acesso de pessoas em situa\u00e7\u00e3o de vulnerabilidade social \u00e0 assist\u00eancia integral \u00e0 sa\u00fade, sem necessidade de apresenta\u00e7\u00e3o de comprovante de domic\u00edlio ou inscri\u00e7\u00e3o no Sistema \u00danico de Sa\u00fade (SUS), at\u00e9 que o Congresso Nacional fa\u00e7a a adequa\u00e7\u00e3o legislativa necess\u00e1ria na norma.\u00a0<\/p>\n","protected":false},"author":5,"featured_media":0,"comment_status":"open","ping_status":"open","sticky":false,"template":"","format":"standard","meta":{"postBodyCss":"","postBodyMargin":[],"postBodyPadding":[],"postBodyBackground":{"backgroundType":"classic","gradient":""},"_price":"","_stock":"","_tribe_ticket_header":"","_tribe_default_ticket_provider":"","_tribe_ticket_capacity":"0","_ticket_start_date":"","_ticket_end_date":"","_tribe_ticket_show_description":"","_tribe_ticket_show_not_going":false,"_tribe_ticket_use_global_stock":"","_tribe_ticket_global_stock_level":"","_global_stock_mode":"","_global_stock_cap":"","_tribe_rsvp_for_event":"","_tribe_ticket_going_count":"","_tribe_ticket_not_going_count":"","_tribe_tickets_list":"[]","_tribe_ticket_has_attendee_info_fields":false,"footnotes":""},"categories":[46],"tags":[6908,14808,14810,2718,3893,1047,1784,1563,14807,1783,14806,14809,550,3284,347,348,2287,14805,10327],"class_list":["post-14155","post","type-post","status-publish","format-standard","hentry","category-noticias","tag-acesso","tag-assistencia-integral-a-saude","tag-comprovante-de-domicilio","tag-congresso","tag-congresso-nacional","tag-constituicao-federal","tag-inconstitucionalidade","tag-lei","tag-lei-13-714-2018","tag-pessoas","tag-pessoas-vulneraveis","tag-processo-legislativo-bicameral","tag-seguranca-juridica","tag-sistema-unico-de-saude","tag-stf","tag-supremo-tribunal-federal","tag-sus","tag-trecho-da-norma","tag-vulnerabilidade-social"],"acf":[],"_links":{"self":[{"href":"https:\/\/sgpsolucoes.com.br\/site\/wp-json\/wp\/v2\/posts\/14155"}],"collection":[{"href":"https:\/\/sgpsolucoes.com.br\/site\/wp-json\/wp\/v2\/posts"}],"about":[{"href":"https:\/\/sgpsolucoes.com.br\/site\/wp-json\/wp\/v2\/types\/post"}],"author":[{"embeddable":true,"href":"https:\/\/sgpsolucoes.com.br\/site\/wp-json\/wp\/v2\/users\/5"}],"replies":[{"embeddable":true,"href":"https:\/\/sgpsolucoes.com.br\/site\/wp-json\/wp\/v2\/comments?post=14155"}],"version-history":[{"count":0,"href":"https:\/\/sgpsolucoes.com.br\/site\/wp-json\/wp\/v2\/posts\/14155\/revisions"}],"wp:attachment":[{"href":"https:\/\/sgpsolucoes.com.br\/site\/wp-json\/wp\/v2\/media?parent=14155"}],"wp:term":[{"taxonomy":"category","embeddable":true,"href":"https:\/\/sgpsolucoes.com.br\/site\/wp-json\/wp\/v2\/categories?post=14155"},{"taxonomy":"post_tag","embeddable":true,"href":"https:\/\/sgpsolucoes.com.br\/site\/wp-json\/wp\/v2\/tags?post=14155"}],"curies":[{"name":"wp","href":"https:\/\/api.w.org\/{rel}","templated":true}]}}