{"id":14267,"date":"2025-09-04T17:27:55","date_gmt":"2025-09-04T20:27:55","guid":{"rendered":"https:\/\/sgpsolucoes.com.br\/site\/?p=14267"},"modified":"2025-09-04T17:27:56","modified_gmt":"2025-09-04T20:27:56","slug":"tce-mg-rejeita-contas-do-municipio-de-prata-por-abertura-de-creditos-adicionais-sem-recursos-disponiveis","status":"publish","type":"post","link":"https:\/\/sgpsolucoes.com.br\/site\/tce-mg-rejeita-contas-do-municipio-de-prata-por-abertura-de-creditos-adicionais-sem-recursos-disponiveis\/","title":{"rendered":"TCE-MG rejeita contas do Munic\u00edpio de Prata por abertura de cr\u00e9ditos adicionais sem recursos dispon\u00edveis"},"content":{"rendered":"<p class=\"has-text-align-center\"><em>Cidade de Prata, na regi\u00e3o do Tri\u00e2ngulo Mineiro e Alto Parana\u00edba<\/em><\/p><p>A Segunda C\u00e2mara do Tribunal de Contas do Estado de Minas Gerais (TCEMG) confirmou por unanimidade, na sess\u00e3o desta ter\u00e7a-feira (2\/9), a decis\u00e3o do conselheiro substituto Hamilton Coelho, que rejeitou as contas do munic\u00edpio de Prata, exerc\u00edcio de 2021, de responsabilidade do prefeito Marcel Vieira Rodrigues da Cunha, por abertura de cr\u00e9ditos adicionais sem recursos dispon\u00edveis, sucedida de realiza\u00e7\u00e3o de despesas no montante de&nbsp;<strong>R$1.282.057,63<\/strong>.<\/p><p>O Tribunal fundamentou sua decis\u00e3o no \u201cprinc\u00edpio da anualidade ou periodicidade\u201d, que consiste no fato de o or\u00e7amento ser elaborado e autorizado para o per\u00edodo compreendido nos limites do exerc\u00edcio financeiro (arts. 2\u00ba e 34\u00ba da Lei n.\u00ba 4.320\/1064), n\u00e3o sendo permitidas altera\u00e7\u00f5es, em exerc\u00edcios posteriores, que afetem a execu\u00e7\u00e3o or\u00e7ament\u00e1ria e financeira j\u00e1 realizada, excetuando os cr\u00e9ditos especiais e extraordin\u00e1rios, quando autorizados por lei.<\/p><p>Al\u00e9m de rejeitar as contas, a Corte mineira fez recomenda\u00e7\u00f5es ao atual prefeito para que aprimore o controle das suplementa\u00e7\u00f5es efetuadas, abstendo-se de proceder \u00e0 abertura de cr\u00e9ditos adicionais sem exist\u00eancia de recursos suficientes e, entre outras, para que mantenha organizada a \u201cdocumenta\u00e7\u00e3o pertinente para fins de exerc\u00edcio do controle externo em inspe\u00e7\u00e3o e ou auditoria\u201d. Determinou ainda que os respons\u00e1veis pelo controle interno comuniquem ao Tribunal toda e qualquer falha detectada, sob pena de responsabilidade solid\u00e1ria.<\/p><hr class=\"wp-block-separator has-alpha-channel-opacity\"\/><p>&nbsp;Denise de Paula \/ Coordenadoria de Imprensa<\/p><p><strong>Fonte: TCE-MG<\/strong><\/p>\n    <div class=\"xs_social_share_widget xs_share_url after_content \t\tmain_content  wslu-style-1 wslu-share-box-shaped wslu-fill-colored wslu-none wslu-share-horizontal wslu-theme-font-no wslu-main_content\">\n\n\t\t\n        <ul>\n\t\t\t        <\/ul>\n    <\/div> \n","protected":false},"excerpt":{"rendered":"<p>A Segunda C\u00e2mara do Tribunal de Contas do Estado de Minas Gerais (TCEMG) confirmou por unanimidade, na sess\u00e3o desta ter\u00e7a-feira (2\/9), a decis\u00e3o do conselheiro substituto Hamilton Coelho, que rejeitou as contas do munic\u00edpio de Prata, exerc\u00edcio de 2021, de responsabilidade do prefeito Marcel Vieira Rodrigues da Cunha, por abertura de cr\u00e9ditos adicionais sem recursos dispon\u00edveis, sucedida de realiza\u00e7\u00e3o de despesas no montante de\u00a0R$1.282.057,63.<\/p>\n","protected":false},"author":5,"featured_media":0,"comment_status":"open","ping_status":"open","sticky":false,"template":"","format":"standard","meta":{"postBodyCss":"","postBodyMargin":[],"postBodyPadding":[],"postBodyBackground":{"backgroundType":"classic","gradient":""},"_price":"","_stock":"","_tribe_ticket_header":"","_tribe_default_ticket_provider":"","_tribe_ticket_capacity":"0","_ticket_start_date":"","_ticket_end_date":"","_tribe_ticket_show_description":"","_tribe_ticket_show_not_going":false,"_tribe_ticket_use_global_stock":"","_tribe_ticket_global_stock_level":"","_global_stock_mode":"","_global_stock_cap":"","_tribe_rsvp_for_event":"","_tribe_ticket_going_count":"","_tribe_ticket_not_going_count":"","_tribe_tickets_list":"[]","_tribe_ticket_has_attendee_info_fields":false,"footnotes":""},"categories":[46],"tags":[14988,14993,14989,1338,12027,14994,460,14991,1764,14987,14990,372,14992,361,1014,1020,1043],"class_list":["post-14267","post","type-post","status-publish","format-standard","hentry","category-noticias","tag-abertura-de-creditos","tag-abertura-de-creditos-adicionais","tag-cidade-de-prata","tag-contas","tag-hamilton-coelho","tag-marcel-vieira-rodrigues-da-cunha","tag-municipio-2","tag-municipio-de-prata","tag-prefeito","tag-recurso-disponivel","tag-regiao-do-triangulo-mineiro-e-alto-paranaiba","tag-segunda-camara","tag-sem-recursos-disponiveis","tag-tce-mg","tag-tcemg","tag-tribunal-de-contas-do-estado-de-minas-gerais","tag-unanimidade"],"acf":[],"_links":{"self":[{"href":"https:\/\/sgpsolucoes.com.br\/site\/wp-json\/wp\/v2\/posts\/14267"}],"collection":[{"href":"https:\/\/sgpsolucoes.com.br\/site\/wp-json\/wp\/v2\/posts"}],"about":[{"href":"https:\/\/sgpsolucoes.com.br\/site\/wp-json\/wp\/v2\/types\/post"}],"author":[{"embeddable":true,"href":"https:\/\/sgpsolucoes.com.br\/site\/wp-json\/wp\/v2\/users\/5"}],"replies":[{"embeddable":true,"href":"https:\/\/sgpsolucoes.com.br\/site\/wp-json\/wp\/v2\/comments?post=14267"}],"version-history":[{"count":0,"href":"https:\/\/sgpsolucoes.com.br\/site\/wp-json\/wp\/v2\/posts\/14267\/revisions"}],"wp:attachment":[{"href":"https:\/\/sgpsolucoes.com.br\/site\/wp-json\/wp\/v2\/media?parent=14267"}],"wp:term":[{"taxonomy":"category","embeddable":true,"href":"https:\/\/sgpsolucoes.com.br\/site\/wp-json\/wp\/v2\/categories?post=14267"},{"taxonomy":"post_tag","embeddable":true,"href":"https:\/\/sgpsolucoes.com.br\/site\/wp-json\/wp\/v2\/tags?post=14267"}],"curies":[{"name":"wp","href":"https:\/\/api.w.org\/{rel}","templated":true}]}}