{"id":14324,"date":"2025-09-10T12:56:59","date_gmt":"2025-09-10T15:56:59","guid":{"rendered":"https:\/\/sgpsolucoes.com.br\/site\/?p=14324"},"modified":"2025-09-10T12:57:00","modified_gmt":"2025-09-10T15:57:00","slug":"tce-pr-suspende-pela-2a-vez-licitacao-de-palmeira-para-manutencao-de-semaforos-em-decorrencia-de-exigencias-restritivas-e-direcionadoras","status":"publish","type":"post","link":"https:\/\/sgpsolucoes.com.br\/site\/tce-pr-suspende-pela-2a-vez-licitacao-de-palmeira-para-manutencao-de-semaforos-em-decorrencia-de-exigencias-restritivas-e-direcionadoras\/","title":{"rendered":"TCE-PR suspende, pela 2\u00aa vez, licita\u00e7\u00e3o de Palmeira para manuten\u00e7\u00e3o de sem\u00e1foros, em decorr\u00eancia de exig\u00eancias restritivas e direcionadoras"},"content":{"rendered":"<p>A atua\u00e7\u00e3o preventiva do Tribunal de Contas do Estado do Paran\u00e1 (TCE-PR), por meio de medida cautelar, levou o Munic\u00edpio de Palmeira a suspender o Preg\u00e3o Eletr\u00f4nico n\u00ba 28\/25, destinado a contratar empresa prestadora de servi\u00e7os de manuten\u00e7\u00e3o dos sem\u00e1foros nesta cidade da Regi\u00e3o dos Campos Gerais. O contrato resultante do certame seria gerido pela Secretaria Municipal de Desenvolvimento Urbano.<\/p><p>A cautelar foi concedida pelo conselheiro Maur\u00edcio Requi\u00e3o, por meio de despacho expedido em 6 de junho, e homologada na Sess\u00e3o Ordin\u00e1ria n\u00ba 32\/25 do Tribunal Pleno do TCE-PR, realizada presencialmente na \u00faltima quarta-feira (3 de setembro). A Controladoria-Geral do Munic\u00edpio de Palmeira j\u00e1 comprovou a suspens\u00e3o da licita\u00e7\u00e3o.<\/p><p>O TCE-PR acatou Representa\u00e7\u00e3o da Lei de Licita\u00e7\u00f5es (Lei n\u00ba 14.133\/21) formulada pela empresa Dataprom Equipamentos e Servi\u00e7os de Inform\u00e1tica Industrial Ltda. em face do Preg\u00e3o Eletr\u00f4nico n\u00ba 28\/25 da Prefeitura de Palmeira, com o mesmo objeto do Preg\u00e3o Eletr\u00f4nico n\u00ba 68\/24 desse mesmo munic\u00edpio, que havia sido suspenso pelo TCE-PR tamb\u00e9m por meio de cautelar expedida pelo conselheiro Durval Amaral em agosto do ano passado.<\/p><p>A cautelar que suspendia o certame anterior e posteriormente foi revogada, expedida em processo de Representa\u00e7\u00e3o formulada pela mesma empresa, havia sido concedida em raz\u00e3o de Amaral ter considerado que a administra\u00e7\u00e3o municipal havia institu\u00eddo a obrigatoriedade de as licitantes seguirem caracter\u00edsticas e especifica\u00e7\u00f5es t\u00e9cnicas excessivas, as quais restringiram o car\u00e1ter competitivo da disputa.<\/p><p><strong>Poss\u00edvel direcionamento<\/strong><\/p><p>Ao emitir a nova cautelar, Requi\u00e3o considerou que havia ind\u00edcios de direcionamento dos itens 2 a 5 do edital da licita\u00e7\u00e3o \u00e0 empresa SSAT Sinaliza\u00e7\u00e3o Vi\u00e1ria, em raz\u00e3o da exig\u00eancia de que as pe\u00e7as fossem compat\u00edveis e intercambi\u00e1veis com os equipamentos j\u00e1 instalados e em uso no munic\u00edpio.<\/p><p>Requi\u00e3o explicou que os componentes internos dos controladores semaf\u00f3ricos s\u00e3o compat\u00edveis somente com as pe\u00e7as da mesma fabricante, que s\u00e3o atualmente da marca SSAT Sinaliza\u00e7\u00e3o Vi\u00e1ria. Ele ressaltou que o controlador semaf\u00f3rico, referente ao item 2 do edital, \u00e9 fornecido exclusivamente pela SSAT; e que o m\u00f3dulo de pot\u00eancia, referente ao item 5 do edital, \u00e9 de fabrica\u00e7\u00e3o exclusiva dessa mesma empresa.<\/p><p>O conselheiro afirmou que esses itens do edital se aglutinam com outros bens e servi\u00e7os que s\u00e3o fornecidos em ampla concorr\u00eancia. Ele esclareceu que o crit\u00e9rio de julgamento adotado na licita\u00e7\u00e3o \u00e9 o de &#8220;menor pre\u00e7o por lote&#8221; e que todos os itens licitados foram aglutinados em um \u00fanico lote; e, assim, o fornecimento exclusivo de um \u00fanico item implica direcionamento de toda a contrata\u00e7\u00e3o.<\/p><p>O relator lembrou que, nos termos do artigo 11, inciso II, da Lei n\u00ba 14.133\/21, o processo licitat\u00f3rio tem por objetivo assegurar tratamento ison\u00f4mico entre os licitantes, bem como a justa competi\u00e7\u00e3o.<\/p><p>Requi\u00e3o verificou que esse princ\u00edpio n\u00e3o teria sido respeitado, pois, apesar de o objeto permitir o parcelamento dos itens em lotes diversos, houve a aglutina\u00e7\u00e3o em lote \u00fanico, que implica total restri\u00e7\u00e3o \u00e0 competitividade do certame e direcionamento da contrata\u00e7\u00e3o a uma \u00fanica empresa, em afronta \u00e0s disposi\u00e7\u00f5es do artigo 40, al\u00ednea &#8220;b&#8221;, da Lei n\u00ba 14.133\/21 e da S\u00famula n\u00ba 247 do Tribunal de Contas de Uni\u00e3o (TCU).<\/p><p>O Despacho n\u00ba 922\/25, do Gabinete do Conselheiro Maur\u00edcio Requi\u00e3o, foi publicado em 10 de junho, na&nbsp;<a href=\"https:\/\/www1.tce.pr.gov.br\/multimidia\/2025\/6\/pdf\/00395571.pdf\">edi\u00e7\u00e3o n\u00ba 3.460 do Di\u00e1rio Eletr\u00f4nico do Tribunal<\/a>. O ac\u00f3rd\u00e3o com a homologa\u00e7\u00e3o dessa decis\u00e3o monocr\u00e1tica pelo Tribunal Pleno tamb\u00e9m ser\u00e1 publicado no&nbsp;<a href=\"https:\/\/www1.tce.pr.gov.br\/conteudo\/lista\/diario-eletronico\/1436\/area\/46\">DETC<\/a>. Caso n\u00e3o seja revogada, os efeitos da nova medida cautelar perduram at\u00e9 que o Tribunal decida sobre o m\u00e9rito do processo.<\/p><p><strong>Servi\u00e7o<\/strong><\/p><figure class=\"wp-block-table\"><table class=\"has-fixed-layout\"><tbody><tr><td><strong>Processo<\/strong>&nbsp;<strong>n\u00ba<\/strong>:<\/td><td>140582\/25<\/td><\/tr><tr><td><strong>Despacho n\u00ba<\/strong><\/td><td>922\/25 &#8211; Gabinete do Conselheiro Maur\u00edcio Requi\u00e3o<\/td><\/tr><tr><td><strong>Assunto<\/strong>:<\/td><td>Recurso de Agravo<\/td><\/tr><tr><td><strong>Entidade<\/strong>:<\/td><td>Munic\u00edpio de Palmeira<\/td><\/tr><tr><td><strong>Relator<\/strong>:<\/td><td>Conselheiro Maur\u00edcio Requi\u00e3o de Mello e Silva<\/td><\/tr><\/tbody><\/table><\/figure><p><strong>Fonte:&nbsp;TCE\/PR<\/strong><\/p>\n    <div class=\"xs_social_share_widget xs_share_url after_content \t\tmain_content  wslu-style-1 wslu-share-box-shaped wslu-fill-colored wslu-none wslu-share-horizontal wslu-theme-font-no wslu-main_content\">\n\n\t\t\n        <ul>\n\t\t\t        <\/ul>\n    <\/div> \n","protected":false},"excerpt":{"rendered":"<p>A atua\u00e7\u00e3o preventiva do Tribunal de Contas do Estado do Paran\u00e1 (TCE-PR), por meio de medida cautelar, levou o Munic\u00edpio de Palmeira a suspender o Preg\u00e3o Eletr\u00f4nico n\u00ba 28\/25, destinado a contratar empresa prestadora de servi\u00e7os de manuten\u00e7\u00e3o dos sem\u00e1foros nesta cidade da Regi\u00e3o dos Campos Gerais. O contrato resultante do certame seria gerido pela Secretaria Municipal de Desenvolvimento Urbano.<\/p>\n","protected":false},"author":5,"featured_media":0,"comment_status":"open","ping_status":"open","sticky":false,"template":"","format":"standard","meta":{"postBodyCss":"","postBodyMargin":[],"postBodyPadding":[],"postBodyBackground":{"backgroundType":"classic","gradient":""},"_price":"","_stock":"","_tribe_ticket_header":"","_tribe_default_ticket_provider":"","_tribe_ticket_capacity":"0","_ticket_start_date":"","_ticket_end_date":"","_tribe_ticket_show_description":"","_tribe_ticket_show_not_going":false,"_tribe_ticket_use_global_stock":"","_tribe_ticket_global_stock_level":"","_global_stock_mode":"","_global_stock_cap":"","_tribe_rsvp_for_event":"","_tribe_ticket_going_count":"","_tribe_ticket_not_going_count":"","_tribe_tickets_list":"[]","_tribe_ticket_has_attendee_info_fields":false,"footnotes":""},"categories":[46],"tags":[15114,13137,781,15106,15109,7630,192,15108,15118,218,159,138,1195,1211,15117,1394,15111,15110,14392,15116,2762,499,545,14685,717,15115,15113,15112,500,15107,6790,354,12480,5138,356,3822],"class_list":["post-14324","post","type-post","status-publish","format-standard","hentry","category-noticias","tag-aglutinacao","tag-carater-competitivo","tag-certame","tag-controlador-semaforico","tag-controladoria-geral-do-municipio","tag-direcionamento","tag-disputa","tag-indicios-de-direcionamento","tag-justa-competicao","tag-lei-de-licitacoes","tag-lei-no-14-133-21","tag-licitacao-2","tag-licitantes","tag-manutencao","tag-manutencao-de-semaforos","tag-medida-cautelar","tag-menor-preco-por-lote","tag-modulo-de-potencia","tag-municipio-de-palmeira","tag-palmeira","tag-parcelamento","tag-pregao-eletronico","tag-processo-licitatorio","tag-regiao-dos-campos-gerais","tag-representacao","tag-restricao-a-competitividade","tag-secretaria-municipal-de-desenvolvimento-urbano","tag-semaforos","tag-servicos-2","tag-ssat","tag-suspensao-da-licitacao","tag-tce-pr","tag-tce-pr-3","tag-tratamento-isonomico","tag-tribunal-de-contas-do-estado-do-parana","tag-unico-lote"],"acf":[],"_links":{"self":[{"href":"https:\/\/sgpsolucoes.com.br\/site\/wp-json\/wp\/v2\/posts\/14324"}],"collection":[{"href":"https:\/\/sgpsolucoes.com.br\/site\/wp-json\/wp\/v2\/posts"}],"about":[{"href":"https:\/\/sgpsolucoes.com.br\/site\/wp-json\/wp\/v2\/types\/post"}],"author":[{"embeddable":true,"href":"https:\/\/sgpsolucoes.com.br\/site\/wp-json\/wp\/v2\/users\/5"}],"replies":[{"embeddable":true,"href":"https:\/\/sgpsolucoes.com.br\/site\/wp-json\/wp\/v2\/comments?post=14324"}],"version-history":[{"count":0,"href":"https:\/\/sgpsolucoes.com.br\/site\/wp-json\/wp\/v2\/posts\/14324\/revisions"}],"wp:attachment":[{"href":"https:\/\/sgpsolucoes.com.br\/site\/wp-json\/wp\/v2\/media?parent=14324"}],"wp:term":[{"taxonomy":"category","embeddable":true,"href":"https:\/\/sgpsolucoes.com.br\/site\/wp-json\/wp\/v2\/categories?post=14324"},{"taxonomy":"post_tag","embeddable":true,"href":"https:\/\/sgpsolucoes.com.br\/site\/wp-json\/wp\/v2\/tags?post=14324"}],"curies":[{"name":"wp","href":"https:\/\/api.w.org\/{rel}","templated":true}]}}