{"id":14334,"date":"2025-09-10T13:39:20","date_gmt":"2025-09-10T16:39:20","guid":{"rendered":"https:\/\/sgpsolucoes.com.br\/site\/?p=14334"},"modified":"2025-09-10T13:39:22","modified_gmt":"2025-09-10T16:39:22","slug":"aposentadoria-de-professora-e-mantida-com-alerta-da-camara-especial-de-julgamento-do-tcmpa-para-futuras-regras","status":"publish","type":"post","link":"https:\/\/sgpsolucoes.com.br\/site\/aposentadoria-de-professora-e-mantida-com-alerta-da-camara-especial-de-julgamento-do-tcmpa-para-futuras-regras\/","title":{"rendered":"Aposentadoria de professora \u00e9 mantida, com alerta da C\u00e2mara Especial de Julgamento do TCMPA para futuras regras"},"content":{"rendered":"<p><a href=\"https:\/\/www.tcmpa.tc.br\/author\/gabriel-moreira\/\"><br><\/a>A C\u00e2mara Especial de Julgamento (CEJ) do Tribunal de Contas dos Munic\u00edpios do Par\u00e1 (TCMPA) decidiu manter a aposentadoria de uma professora do Munic\u00edpio de Bel\u00e9m, mesmo com a inclus\u00e3o de uma gratifica\u00e7\u00e3o que gerou diverg\u00eancia. A decis\u00e3o da CEJ acolheu o voto da conselheira substituta Adriana Oliveira, que analisou a legalidade da Portaria n\u00ba 0512\/2024, que revogou a portaria anterior (n\u00ba 0259\/2021-GP\/IPBM) e aposentou a servidora por idade e tempo de contribui\u00e7\u00e3o.<\/p><p>A professora, que atuava como Licenciada Plena \u2013 REF. 12, ter\u00e1 proventos integrais no valor de R$7.527,28. A conselheira Adriana Oliveira divergiu do parecer do Minist\u00e9rio P\u00fablico de Contas dos Munic\u00edpios do Par\u00e1 (MPCMPA), que questionava a inclus\u00e3o da \u201cgratifica\u00e7\u00e3o por reg\u00eancia de classe\u201d nos proventos da aposentadoria.<\/p><p>Em seu voto, a conselheira explicou que, embora a gratifica\u00e7\u00e3o de reg\u00eancia de classe seja de natureza tempor\u00e1ria (ou seja, paga apenas enquanto o professor est\u00e1 em sala de aula) e a legisla\u00e7\u00e3o municipal n\u00e3o preveja sua incorpora\u00e7\u00e3o \u00e0 aposentadoria, o caso da professora em quest\u00e3o deve ser analisado sob a \u00f3tica dos princ\u00edpios da boa-f\u00e9, confian\u00e7a leg\u00edtima e seguran\u00e7a jur\u00eddica. A servidora vinha recebendo essa gratifica\u00e7\u00e3o e contribuindo para a previd\u00eancia sobre ela desde 1998, criando uma expectativa leg\u00edtima de que o valor seria considerado em sua aposentadoria.<\/p><p>Al\u00e9m disso, o pr\u00f3prio Munic\u00edpio de Bel\u00e9m tem interpretado essa gratifica\u00e7\u00e3o como permanente, com incid\u00eancia de contribui\u00e7\u00e3o previdenci\u00e1ria. Precedentes da pr\u00f3pria CEJ tamb\u00e9m registraram aposentadorias com essa gratifica\u00e7\u00e3o incorporada, refor\u00e7ando a expectativa dos \u00f3rg\u00e3os da Administra\u00e7\u00e3o P\u00fablica Municipal.<\/p><p>A conselheira Adriana Oliveira tamb\u00e9m ressaltou a import\u00e2ncia de considerar as orienta\u00e7\u00f5es gerais e a pr\u00e1tica administrativa da \u00e9poca em que a professora preencheu os requisitos para se aposentar (2014), mesmo que a portaria de aposentadoria s\u00f3 tenha sido publicada em 2021.<\/p><p>ALERTA<br>No entanto, o voto da conselheira estabelece um importante alerta para o futuro. O TCMPA sinaliza que, com a entrada em vigor da Emenda Constitucional n\u00ba 103\/2019, que proibiu a incorpora\u00e7\u00e3o de vantagens tempor\u00e1rias \u00e0 aposentadoria, a \u201cgratifica\u00e7\u00e3o por reg\u00eancia de classe\u201d n\u00e3o poder\u00e1 mais ser incorporada aos proventos de futuras aposentadorias. O Tribunal refor\u00e7a que essa gratifica\u00e7\u00e3o tem natureza tempor\u00e1ria e n\u00e3o deve incidir contribui\u00e7\u00e3o previdenci\u00e1ria, alinhando seu entendimento \u00e0s novas diretrizes constitucionais e \u00e0 jurisprud\u00eancia do Supremo Tribunal Federal (Tema 163).<\/p><p>Assim, a Secretaria Municipal de Educa\u00e7\u00e3o e Cultura (SEMEC), a Secretaria Municipal de Administra\u00e7\u00e3o (SEMAD) e o BEL\u00c9MPREV foram alertados para a necessidade de observar que:<\/p><p>&gt;A \u201cgratifica\u00e7\u00e3o por reg\u00eancia de classe\u201d \u00e9 tempor\u00e1ria.<\/p><p>&gt;A legisla\u00e7\u00e3o municipal n\u00e3o permite expressamente sua incorpora\u00e7\u00e3o aos proventos.<\/p><p>&gt;N\u00e3o deve haver contribui\u00e7\u00e3o previdenci\u00e1ria sobre valores que n\u00e3o ser\u00e3o incorporados \u00e0 aposentadoria.<\/p><p>&gt;A incorpora\u00e7\u00e3o de verbas tempor\u00e1rias \u00e0 remunera\u00e7\u00e3o de servidores p\u00fablicos est\u00e1 proibida pela Emenda Constitucional n\u00ba 103\/2019.<\/p><p>A decis\u00e3o busca conciliar a prote\u00e7\u00e3o dos direitos adquiridos da servidora, com base na confian\u00e7a e na seguran\u00e7a jur\u00eddica, com a adequa\u00e7\u00e3o \u00e0s novas regras previdenci\u00e1rias para os casos futuros, evitando preju\u00edzos tanto para os servidores quanto para a Administra\u00e7\u00e3o P\u00fablica.<\/p><p>TRABALHO COLETIVO<br>A conselheira Ann Pontes, presidente da CEJ, elogiou o voto \u201cde f\u00f4lego, com consist\u00eancia e primor t\u00e9cnico\u201d proferido pela conselheira substituta Adriana Oliveira, sendo seguida nesse reconhecimento pela conselheira substituta M\u00e1rcia Costa.<\/p><p>A conselheira substituta Adriana Oliveira destacou que o voto \u00e9 resultado de um trabalho conjunto das equipes de todos os gabinetes dos conselheiros substitutos, com especial destaque para o servidor Daniel Zaluth: \u201cum trabalho coletivo!\u201d<\/p><p>A decis\u00e3o foi tomada durante a 4\u00aa Sess\u00e3o Plen\u00e1ria Ordin\u00e1ria da CEJ, realizada nesta quarta-feira (03\/09), sob a condu\u00e7\u00e3o de sua presidente, conselheira Ann Pontes, e contou com a participa\u00e7\u00e3o das conselheiras substitutas Adriana Oliveira e M\u00e1rcia Costa, dos conselheiros substitutos S\u00e9rgio Dantas e Alexandre Cunha, e do subsecret\u00e1rio geral da Corte, Jorge Cajango. O Minist\u00e9rio P\u00fablico de Contas dos Munic\u00edpios junto ao TCMPA esteve representado pela procuradora Maria Regina Franco Cunha.<\/p><p>Ao todo, foram julgados 27 processos, abrangendo temas como aposentadorias, pens\u00f5es e atos de fixa\u00e7\u00e3o de remunera\u00e7\u00e3o dos vereadores e altera\u00e7\u00e3o de subs\u00eddios.<\/p><p><strong>Fonte: TCMPA<\/strong><\/p>\n    <div class=\"xs_social_share_widget xs_share_url after_content \t\tmain_content  wslu-style-1 wslu-share-box-shaped wslu-fill-colored wslu-none wslu-share-horizontal wslu-theme-font-no wslu-main_content\">\n\n\t\t\n        <ul>\n\t\t\t        <\/ul>\n    <\/div> \n","protected":false},"excerpt":{"rendered":"<p>A C\u00e2mara Especial de Julgamento (CEJ) do Tribunal de Contas dos Munic\u00edpios do Par\u00e1 (TCMPA) decidiu manter a aposentadoria de uma professora do Munic\u00edpio de Bel\u00e9m, mesmo com a inclus\u00e3o de uma gratifica\u00e7\u00e3o que gerou diverg\u00eancia. A decis\u00e3o da CEJ acolheu o voto da conselheira substituta Adriana Oliveira, que analisou a legalidade da Portaria n\u00ba 0512\/2024, que revogou a portaria anterior (n\u00ba 0259\/2021-GP\/IPBM) e aposentou a servidora por idade e tempo de contribui\u00e7\u00e3o.<\/p>\n","protected":false},"author":5,"featured_media":0,"comment_status":"open","ping_status":"open","sticky":false,"template":"","format":"standard","meta":{"postBodyCss":"","postBodyMargin":[],"postBodyPadding":[],"postBodyBackground":{"backgroundType":"classic","gradient":""},"_price":"","_stock":"","_tribe_ticket_header":"","_tribe_default_ticket_provider":"","_tribe_ticket_capacity":"0","_ticket_start_date":"","_ticket_end_date":"","_tribe_ticket_show_description":"","_tribe_ticket_show_not_going":false,"_tribe_ticket_use_global_stock":"","_tribe_ticket_global_stock_level":"","_global_stock_mode":"","_global_stock_cap":"","_tribe_rsvp_for_event":"","_tribe_ticket_going_count":"","_tribe_ticket_not_going_count":"","_tribe_tickets_list":"[]","_tribe_ticket_has_attendee_info_fields":false,"footnotes":""},"categories":[46],"tags":[799,15130,5224,15131,4661,15132,1717,15136,2595,15135,15133,15134,6046,847,863,3826,7182,1354,7179],"class_list":["post-14334","post","type-post","status-publish","format-standard","hentry","category-noticias","tag-aposentadoria","tag-aposentadoria-de-professora","tag-aposentadoria-por-idade","tag-camara-especial-de-julgamento","tag-cej","tag-divergencia","tag-gratificacao","tag-gratificacao-por-regencia-de-classe","tag-legalidade","tag-licenciada-plena","tag-municipio-de-belem","tag-portaria-no-0512-2024","tag-professora","tag-proventos","tag-proventos-integrais","tag-servidora","tag-tcmpa","tag-tempo-de-contribuicao","tag-tribunal-de-contas-dos-municipios-do-para"],"acf":[],"_links":{"self":[{"href":"https:\/\/sgpsolucoes.com.br\/site\/wp-json\/wp\/v2\/posts\/14334"}],"collection":[{"href":"https:\/\/sgpsolucoes.com.br\/site\/wp-json\/wp\/v2\/posts"}],"about":[{"href":"https:\/\/sgpsolucoes.com.br\/site\/wp-json\/wp\/v2\/types\/post"}],"author":[{"embeddable":true,"href":"https:\/\/sgpsolucoes.com.br\/site\/wp-json\/wp\/v2\/users\/5"}],"replies":[{"embeddable":true,"href":"https:\/\/sgpsolucoes.com.br\/site\/wp-json\/wp\/v2\/comments?post=14334"}],"version-history":[{"count":0,"href":"https:\/\/sgpsolucoes.com.br\/site\/wp-json\/wp\/v2\/posts\/14334\/revisions"}],"wp:attachment":[{"href":"https:\/\/sgpsolucoes.com.br\/site\/wp-json\/wp\/v2\/media?parent=14334"}],"wp:term":[{"taxonomy":"category","embeddable":true,"href":"https:\/\/sgpsolucoes.com.br\/site\/wp-json\/wp\/v2\/categories?post=14334"},{"taxonomy":"post_tag","embeddable":true,"href":"https:\/\/sgpsolucoes.com.br\/site\/wp-json\/wp\/v2\/tags?post=14334"}],"curies":[{"name":"wp","href":"https:\/\/api.w.org\/{rel}","templated":true}]}}