{"id":14353,"date":"2025-09-12T13:27:27","date_gmt":"2025-09-12T16:27:27","guid":{"rendered":"https:\/\/sgpsolucoes.com.br\/site\/?p=14353"},"modified":"2025-09-12T13:27:28","modified_gmt":"2025-09-12T16:27:28","slug":"supremo-homologado-plano-de-criacao-do-parque-nacional-tanaru","status":"publish","type":"post","link":"https:\/\/sgpsolucoes.com.br\/site\/supremo-homologado-plano-de-criacao-do-parque-nacional-tanaru\/","title":{"rendered":"Supremo homologado plano de cria\u00e7\u00e3o do Parque Nacional Tanaru"},"content":{"rendered":"<p class=\"has-text-align-center\"><em>Foto: Funai<\/em><\/p><p><em><strong>Para o ministro Edson Fachin, medida representa pe\u00e7as da viol\u00eancia hist\u00f3rica sofrida pelos povos origin\u00e1rios do Brasil; \u00faltimo representante dos Tanaru morreu em 2022<\/strong><\/em><\/p><p>O ministro Edson Fachin, do Supremo Tribunal Federal (STF), homologou nesta quinta-feira (11) o plano de trabalho para a cria\u00e7\u00e3o do Parque Nacional Tanaru, em uma \u00e1rea de aproximadamente oito mil hectares, localizada em Rond\u00f4nia, na fronteira com a Bol\u00edvia. O \u00faltimo representante do povo Tanaru, conhecido como o \u201c\u00cdndio do Buraco\u201d, viveu isolado na Floresta Amaz\u00f4nica e resistiu ao contato com n\u00e3o ind\u00edgenas at\u00e9 sua morte, em 2022.<\/p><p>A decis\u00e3o foi tomada nos autos da Argui\u00e7\u00e3o de Descumprimento de Preceito Fundamental (ADPF) 991, que trata da prote\u00e7\u00e3o de territ\u00f3rios tradicionalmente ocupados por grupos ind\u00edgenas isolados e de contato recente, ap\u00f3s acordo firmado entre as partes envolvidas. A Uni\u00e3o dever\u00e1 encaminhar ao STF relat\u00f3rios semestrais sobre o cumprimento de cada etapa do projeto.<\/p><p>A unidade de conserva\u00e7\u00e3o de prote\u00e7\u00e3o integral ser\u00e1 destinada ao reconhecimento e \u00e0 preserva\u00e7\u00e3o da mem\u00f3ria material e imaterial do povo Tanaru. Com a morte do \u201c\u00cdndio do Buraco\u201d, surgiu uma controv\u00e9rsia sobre a possibilidade de demarca\u00e7\u00e3o da terra ind\u00edgena, \u00e0 necessidade de preserva\u00e7\u00e3o da \u00e1rea e \u00e0 cria\u00e7\u00e3o de mecanismos para resguardar e ampliar o invent\u00e1rio cultural, material e imaterial dessa comunidade.<\/p><p>No \u00e2mbito do processo, foram discutidas alternativas para a destina\u00e7\u00e3o da \u00e1rea com \u00f3rg\u00e3os e entidades envolvidas \u2013 Minist\u00e9rio dos Povos Ind\u00edgenas, Instituto Chico Mendes de Conserva\u00e7\u00e3o da Biodiversidade (ICMBio), Minist\u00e9rio dos Direitos Humanos e da Cidadania, Instituto do Patrim\u00f4nio Hist\u00f3rico e Art\u00edstico Nacional (Iphan) e Casa Civil da Presid\u00eancia da Rep\u00fablica. A melhor solu\u00e7\u00e3o encontrada foi a cria\u00e7\u00e3o de um parque nacional, sob o regime de prote\u00e7\u00e3o integral, aliado ao desenvolvimento de estudos sobre a mem\u00f3ria do povo Tanaru.<\/p><p>Em 21 de maio deste ano, foi celebrado o acordo para a elabora\u00e7\u00e3o e apresenta\u00e7\u00e3o do plano de trabalho sobre a cria\u00e7\u00e3o da reserva, a partir da interlocu\u00e7\u00e3o entre os \u00f3rg\u00e3os e entidades federais competentes e a Articula\u00e7\u00e3o dos Povos Ind\u00edgenas do Brasil (APIB).<\/p><h5 class=\"wp-block-heading\"><strong>Repara\u00e7\u00e3o hist\u00f3rica<\/strong><\/h5><p>Para o ministro Fachin, a cria\u00e7\u00e3o do parque nacional ser\u00e1 um \u201cinstrumento de reposi\u00e7\u00e3o da hist\u00f3rica viol\u00eancia e vulnerabilidade sofrida pelos povos origin\u00e1rios do Brasil\u201d. Ele destacou que o plano de trabalho apresentado pela Uni\u00e3o foi elaborado a partir de amplo di\u00e1logo e coopera\u00e7\u00e3o institucional, atendendo ao dever fundamental do Estado de proteger o patrim\u00f4nio ambiental, cultural e destru\u00eddo relativo ao territ\u00f3rio outrora ocupado pelo povo Tanaru.<\/p><p>Na mesma decis\u00e3o, Fachin autorizou a prorroga\u00e7\u00e3o dos efeitos de portaria da Funda\u00e7\u00e3o Nacional dos Povos Ind\u00edgenas (Funai) que restringe o uso da \u00e1rea at\u00e9 a formaliza\u00e7\u00e3o do Parque Nacional Tanaru, garantindo a continuidade das medidas protetivas previstas na norma.<\/p><p>Leia a&nbsp;<a href=\"https:\/\/portal.stf.jus.br\/processos\/downloadPeca.asp?id=15380102045&amp;ext=.pdf\" target=\"_blank\" rel=\"noreferrer noopener\"><strong>\u00edntegra da decis\u00e3o<\/strong><\/a>&nbsp;.<\/p><p><em>(Virg\u00ednia Pardal\/AD\/\/CF)<\/em><\/p><p><strong>Fonte: STF<\/strong><\/p>\n    <div class=\"xs_social_share_widget xs_share_url after_content \t\tmain_content  wslu-style-1 wslu-share-box-shaped wslu-fill-colored wslu-none wslu-share-horizontal wslu-theme-font-no wslu-main_content\">\n\n\t\t\n        <ul>\n\t\t\t        <\/ul>\n    <\/div> \n","protected":false},"excerpt":{"rendered":"<p>O ministro Edson Fachin, do Supremo Tribunal Federal (STF), homologou nesta quinta-feira (11) o plano de trabalho para a cria\u00e7\u00e3o do Parque Nacional Tanaru, em uma \u00e1rea de aproximadamente oito mil hectares, localizada em Rond\u00f4nia, na fronteira com a Bol\u00edvia. O \u00faltimo representante do povo Tanaru, conhecido como o \u201c\u00cdndio do Buraco\u201d, viveu isolado na Floresta Amaz\u00f4nica e resistiu ao contato com n\u00e3o ind\u00edgenas at\u00e9 sua morte, em 2022.<\/p>\n","protected":false},"author":5,"featured_media":0,"comment_status":"open","ping_status":"open","sticky":false,"template":"","format":"standard","meta":{"postBodyCss":"","postBodyMargin":[],"postBodyPadding":[],"postBodyBackground":{"backgroundType":"classic","gradient":""},"_price":"","_stock":"","_tribe_ticket_header":"","_tribe_default_ticket_provider":"","_tribe_ticket_capacity":"0","_ticket_start_date":"","_ticket_end_date":"","_tribe_ticket_show_description":"","_tribe_ticket_show_not_going":false,"_tribe_ticket_use_global_stock":"","_tribe_ticket_global_stock_level":"","_global_stock_mode":"","_global_stock_cap":"","_tribe_rsvp_for_event":"","_tribe_ticket_going_count":"","_tribe_ticket_not_going_count":"","_tribe_tickets_list":"[]","_tribe_ticket_has_attendee_info_fields":false,"footnotes":""},"categories":[46],"tags":[15170,3261,15171,3270,15173,11252,15174,15167,15166,741,15172,15169,3415,347,1778,348,15168,15165],"class_list":["post-14353","post","type-post","status-publish","format-standard","hentry","category-noticias","tag-edson-fachin","tag-floresta-amazonica","tag-fronteira-com-a-bolivia","tag-funai","tag-indio-do-buraco","tag-ministro-edson-fachin","tag-parque-nacional","tag-parque-nacional-tanaru","tag-plano-de-criacao","tag-plano-de-trabalho","tag-povo-tanaru","tag-povos-originarios-do-brasil","tag-rondonia","tag-stf","tag-supremo","tag-supremo-tribunal-federal","tag-tanaru","tag-violencia-historica"],"acf":[],"_links":{"self":[{"href":"https:\/\/sgpsolucoes.com.br\/site\/wp-json\/wp\/v2\/posts\/14353"}],"collection":[{"href":"https:\/\/sgpsolucoes.com.br\/site\/wp-json\/wp\/v2\/posts"}],"about":[{"href":"https:\/\/sgpsolucoes.com.br\/site\/wp-json\/wp\/v2\/types\/post"}],"author":[{"embeddable":true,"href":"https:\/\/sgpsolucoes.com.br\/site\/wp-json\/wp\/v2\/users\/5"}],"replies":[{"embeddable":true,"href":"https:\/\/sgpsolucoes.com.br\/site\/wp-json\/wp\/v2\/comments?post=14353"}],"version-history":[{"count":0,"href":"https:\/\/sgpsolucoes.com.br\/site\/wp-json\/wp\/v2\/posts\/14353\/revisions"}],"wp:attachment":[{"href":"https:\/\/sgpsolucoes.com.br\/site\/wp-json\/wp\/v2\/media?parent=14353"}],"wp:term":[{"taxonomy":"category","embeddable":true,"href":"https:\/\/sgpsolucoes.com.br\/site\/wp-json\/wp\/v2\/categories?post=14353"},{"taxonomy":"post_tag","embeddable":true,"href":"https:\/\/sgpsolucoes.com.br\/site\/wp-json\/wp\/v2\/tags?post=14353"}],"curies":[{"name":"wp","href":"https:\/\/api.w.org\/{rel}","templated":true}]}}