{"id":14359,"date":"2025-09-12T13:47:43","date_gmt":"2025-09-12T16:47:43","guid":{"rendered":"https:\/\/sgpsolucoes.com.br\/site\/?p=14359"},"modified":"2025-09-12T13:47:44","modified_gmt":"2025-09-12T16:47:44","slug":"stf-fixa-penas-de-16-a-27-anos-para-condenados-por-tentativa-de-golpe-de-estado","status":"publish","type":"post","link":"https:\/\/sgpsolucoes.com.br\/site\/stf-fixa-penas-de-16-a-27-anos-para-condenados-por-tentativa-de-golpe-de-estado\/","title":{"rendered":"STF fixa penas de 16 a 27 anos para condenados por tentativa de golpe de Estado\u00a0"},"content":{"rendered":"<p class=\"has-text-align-center\"><em>Gustavo Moreno\/ Supremo Tribunal Federal<\/em><\/p><p><em><strong>Pena mais alta, de 27 anos e tr\u00eas meses, foi para o ex-presidente Jair Bolsonaro, considerado o l\u00edder da organiza\u00e7\u00e3o criminosa<\/strong><\/em><\/p><p>A Primeira Turma do Supremo Tribunal Federal (STF) concluiu na noite&nbsp; desta quinta-feira (11) o julgamento da A\u00e7\u00e3o Penal (AP) 2668 com a fixa\u00e7\u00e3o das penas para os oito r\u00e9us condenados pela tentativa de golpe de Estado. Eles integram o N\u00facleo 1 da tentativa de golpe, conforme a den\u00fancia da Procuradoria-Geral da Rep\u00fablica (PGR).<\/p><p>Al\u00e9m das penas privativas de liberdade (pris\u00e3o), tamb\u00e9m foram estabelecidas multas para sete dos r\u00e9us. Todos tamb\u00e9m foram condenados a pagar, de forma solid\u00e1ria, uma indeniza\u00e7\u00e3o de R$ 30 milh\u00f5es por danos morais coletivos. O valor foi imposto a todos os condenados por envolvimento nos atos de 8 de janeiro de 2023.&nbsp;&nbsp;<\/p><p>Ao propor as penas, o relator da a\u00e7\u00e3o, ministro Alexandre de Moraes, disse que a san\u00e7\u00e3o deveria ser aplicada na medida necess\u00e1ria para evitar futuras tentativas de golpe. \u201cA reprova\u00e7\u00e3o e a preven\u00e7\u00e3o a partir da dosimetria da pena devem ser feitas para desencorajar a tentativa de obstruir a manuten\u00e7\u00e3o da normalidade democr\u00e1tica no pa\u00eds e afastar a ideia de que \u00e9 f\u00e1cil a quebra do Estado de Direito para poder se perpetuar no poder, independentemente da vontade popular e do respeito a elei\u00e7\u00f5es livres e peri\u00f3dicas\u201d, afirmou.&nbsp;&nbsp;&nbsp;<\/p><p>O resultado das penas foi o seguinte:&nbsp;<\/p><p><strong>Mauro Cid (r\u00e9u-colaborador), tenente-coronel e ex-ajudante de ordens de Jair Bolsonaro&nbsp;<\/strong><\/p><p>Dois anos de reclus\u00e3o em regime aberto; restitui\u00e7\u00e3o de seus bens e valores; extens\u00e3o de benef\u00edcios da colabora\u00e7\u00e3o para pai, esposa e filha maior; e a\u00e7\u00f5es da Pol\u00edcia Federal para garantir seguran\u00e7a do colaborador e familiares. A pena foi estabelecida em seu acordo de colabora\u00e7\u00e3o premiada.&nbsp;<\/p><p><strong>Jair Bolsonaro, ex-presidente da Rep\u00fablica&nbsp;&nbsp;<\/strong><\/p><p>27 anos e tr\u00eas meses de pena privativa de liberdade em regime inicial fechado e 124 dias-multa (cada dia-multa no valor de dois sal\u00e1rios m\u00ednimos \u00e0 \u00e9poca dos fatos).&nbsp;<\/p><p><strong>Walter Braga Netto, general da reserva, ex-ministro da Casa Civil e da Defesa<\/strong>&nbsp;<\/p><p>26 anos de pena privativa de liberdade em regime inicial fechado e 100 dias-multa (cada dia-multa no valor de um sal\u00e1rio m\u00ednimo \u00e0 \u00e9poca dos fatos).&nbsp;<\/p><p><strong>Anderson Torres, ex-ministro da Justi\u00e7a e ex-secret\u00e1rio de Seguran\u00e7a P\u00fablica do DF&nbsp;<\/strong><\/p><p>24 anos de pena privativa de liberdade em regime inicial fechado e 100 dias-multa (cada dia-multa no valor de um sal\u00e1rio m\u00ednimo \u00e0 \u00e9poca dos fatos).&nbsp;<\/p><p><strong>Almir Garnier, almirante e ex-comandante da Marinha&nbsp;<\/strong><\/p><p>24 anos de pena privativa de liberdade em regime inicial fechado e 100 dias-multa (cada dia-multa no valor de um sal\u00e1rio m\u00ednimo \u00e0 \u00e9poca dos fatos).&nbsp;<\/p><p><strong>Augusto Heleno, general da reserva e ex-chefe do Gabinete de Seguran\u00e7a Institucional (GSI)&nbsp;<\/strong><\/p><p>21 anos de pena privativa de liberdade em regime inicial fechado e 84 dias-multa (cada dia-multa no valor de um sal\u00e1rio m\u00ednimo \u00e0 \u00e9poca dos fatos).&nbsp;<\/p><p><strong>Paulo S\u00e9rgio Nogueira, general da reserva e ex-ministro da Defesa&nbsp;<\/strong><\/p><p>19 anos de pena privativa de liberdade em regime inicial fechado e 84 dias-multa (cada dia-multa no valor de um sal\u00e1rio m\u00ednimo \u00e0 \u00e9poca dos fatos).&nbsp;<\/p><p><strong>Alexandre Ramagem, deputado federal e ex-diretor da Ag\u00eancia Brasileira de Intelig\u00eancia (Abin)&nbsp;<\/strong><\/p><p>16 anos, um m\u00eas e 15 dias de pena privativa de liberdade em regime inicial fechado e 50 dias-multa (cada dia-multa no valor de um sal\u00e1rio m\u00ednimo \u00e0 \u00e9poca dos fatos).&nbsp;<\/p><p>A pena de Mauro Cid foi fixada por unanimidade. As demais foram determinadas por maioria de quatro votos. O ministro Luiz Fux prop\u00f4s uma pena menor para Braga Netto e deixou de votar na dosimetria quanto aos demais, pois havia votado pela absolvi\u00e7\u00e3o.&nbsp;&nbsp;<\/p><p><strong>Crimes&nbsp;<\/strong><\/p><p>Com exce\u00e7\u00e3o de Ramagem, os demais sete r\u00e9us foram condenados pelos crimes de tentativa de aboli\u00e7\u00e3o violenta do Estado Democr\u00e1tico de Direito, golpe de Estado, participa\u00e7\u00e3o em organiza\u00e7\u00e3o criminosa armada, dano qualificado e deteriora\u00e7\u00e3o de patrim\u00f4nio tombado. No caso de Alexandre Ramagem, a parte relativa a fatos ocorridos ap\u00f3s sua diploma\u00e7\u00e3o como deputado federal, em dezembro de 2022 (dano qualificado e deteriora\u00e7\u00e3o de patrim\u00f4nio tombado), est\u00e1 suspensa at\u00e9 o t\u00e9rmino do mandato.&nbsp;<\/p><p><strong>Outras puni\u00e7\u00f5es&nbsp;<\/strong><\/p><p>Por quatro votos, a Turma decidiu pela perda do mandato de deputado federal de Alexandre Ramagem e pela inelegibilidade de todos os r\u00e9us por oito anos ap\u00f3s o cumprimento da pena. Nos dois pontos, o ministro Luiz Fux deixou de votar.&nbsp;&nbsp;<\/p><p>Em rela\u00e7\u00e3o a Alexandre Ramagem e Anderson Torres, a Turma determinou a perda do cargo de delegado de Pol\u00edcia Federal. Fux tamb\u00e9m deixou de votar quanto a este quesito.&nbsp;&nbsp;<\/p><p>Para Jair Bolsonaro, Augusto Heleno, Paulo S\u00e9rgio e Almir Garnier, a Turma determinou, por unanimidade, que o Superior Tribunal Militar (STM) seja oficiado para analisar a Declara\u00e7\u00e3o de Indignidade para o Oficialato, que pode levar \u00e0 perda de posto e patente militar. Este ponto n\u00e3o atinge Mauro Cid, j\u00e1 que ele teve uma pena inferior a dois anos. A comunica\u00e7\u00e3o dever\u00e1 ser feita ap\u00f3s o encerramento da a\u00e7\u00e3o e o esgotamento de todos os recursos (tr\u00e2nsito em julgado).&nbsp;&nbsp;<\/p><p><em>(Lucas Mendes\/CR\/\/CF)<\/em><\/p><p><strong>Fonte: STF<\/strong><\/p>\n    <div class=\"xs_social_share_widget xs_share_url after_content \t\tmain_content  wslu-style-1 wslu-share-box-shaped wslu-fill-colored wslu-none wslu-share-horizontal wslu-theme-font-no wslu-main_content\">\n\n\t\t\n        <ul>\n\t\t\t        <\/ul>\n    <\/div> \n","protected":false},"excerpt":{"rendered":"<p>A Primeira Turma do Supremo Tribunal Federal (STF) concluiu na noite\u00a0 desta quinta-feira (11) o julgamento da A\u00e7\u00e3o Penal (AP) 2668 com a fixa\u00e7\u00e3o das penas para os oito r\u00e9us condenados pela tentativa de golpe de Estado. Eles integram o N\u00facleo 1 da tentativa de golpe, conforme a den\u00fancia da Procuradoria-Geral da Rep\u00fablica (PGR).<\/p>\n","protected":false},"author":5,"featured_media":0,"comment_status":"open","ping_status":"open","sticky":false,"template":"","format":"standard","meta":{"postBodyCss":"","postBodyMargin":[],"postBodyPadding":[],"postBodyBackground":{"backgroundType":"classic","gradient":""},"_price":"","_stock":"","_tribe_ticket_header":"","_tribe_default_ticket_provider":"","_tribe_ticket_capacity":"0","_ticket_start_date":"","_ticket_end_date":"","_tribe_ticket_show_description":"","_tribe_ticket_show_not_going":false,"_tribe_ticket_use_global_stock":"","_tribe_ticket_global_stock_level":"","_global_stock_mode":"","_global_stock_cap":"","_tribe_rsvp_for_event":"","_tribe_ticket_going_count":"","_tribe_ticket_not_going_count":"","_tribe_tickets_list":"[]","_tribe_ticket_has_attendee_info_fields":false,"footnotes":""},"categories":[46],"tags":[15177,7104,11074,3030,726,1581,7572,7725,15178,7580,3514,7008,1816,2178,1066,347,348,15179,7579],"class_list":["post-14359","post","type-post","status-publish","format-standard","hentry","category-noticias","tag-16-a-27-anos","tag-acao-penal","tag-ap-2668","tag-condenados","tag-denuncia","tag-ex-presidente","tag-golpe-de-estado","tag-jair-bolsonaro","tag-lider-da-organizacao-criminosa","tag-nucleo-1","tag-pena","tag-penas","tag-pgr","tag-primeira-turma","tag-procuradoria-geral-da-republica","tag-stf","tag-supremo-tribunal-federal","tag-tentativa-de-golpe","tag-tentativa-de-golpe-de-estado"],"acf":[],"_links":{"self":[{"href":"https:\/\/sgpsolucoes.com.br\/site\/wp-json\/wp\/v2\/posts\/14359"}],"collection":[{"href":"https:\/\/sgpsolucoes.com.br\/site\/wp-json\/wp\/v2\/posts"}],"about":[{"href":"https:\/\/sgpsolucoes.com.br\/site\/wp-json\/wp\/v2\/types\/post"}],"author":[{"embeddable":true,"href":"https:\/\/sgpsolucoes.com.br\/site\/wp-json\/wp\/v2\/users\/5"}],"replies":[{"embeddable":true,"href":"https:\/\/sgpsolucoes.com.br\/site\/wp-json\/wp\/v2\/comments?post=14359"}],"version-history":[{"count":0,"href":"https:\/\/sgpsolucoes.com.br\/site\/wp-json\/wp\/v2\/posts\/14359\/revisions"}],"wp:attachment":[{"href":"https:\/\/sgpsolucoes.com.br\/site\/wp-json\/wp\/v2\/media?parent=14359"}],"wp:term":[{"taxonomy":"category","embeddable":true,"href":"https:\/\/sgpsolucoes.com.br\/site\/wp-json\/wp\/v2\/categories?post=14359"},{"taxonomy":"post_tag","embeddable":true,"href":"https:\/\/sgpsolucoes.com.br\/site\/wp-json\/wp\/v2\/tags?post=14359"}],"curies":[{"name":"wp","href":"https:\/\/api.w.org\/{rel}","templated":true}]}}