{"id":14369,"date":"2025-09-12T14:03:11","date_gmt":"2025-09-12T17:03:11","guid":{"rendered":"https:\/\/sgpsolucoes.com.br\/site\/?p=14369"},"modified":"2025-09-12T14:03:12","modified_gmt":"2025-09-12T17:03:12","slug":"revista-de-estudos-juridicos-do-stj-chega-a-terceira-edicao","status":"publish","type":"post","link":"https:\/\/sgpsolucoes.com.br\/site\/revista-de-estudos-juridicos-do-stj-chega-a-terceira-edicao\/","title":{"rendered":"Revista de Estudos Jur\u00eddicos do STJ chega \u00e0 terceira edi\u00e7\u00e3o"},"content":{"rendered":"<p>Com 16 artigos in\u00e9ditos, j\u00e1 est\u00e1 dispon\u00edvel a terceira edi\u00e7\u00e3o da&nbsp;<em>Revista de Estudos Jur\u00eddicos do Superior Tribunal de Justi\u00e7a (REJuriSTJ)<\/em>. A partir de agora, a revista deixa de ser semestral e passa a ser publicada trimestralmente.<\/p><p><a href=\"https:\/\/rejuri.stj.jus.br\/index.php\/revistacientifica\">Clique para ter acesso \u00e0 nova edi\u00e7\u00e3o<\/a>.<\/p><p>De acordo com o ministro Antonio Carlos Ferreira, diretor da Revista do STJ e editor-chefe da&nbsp;<em>REJuriSTJ<\/em>, a mudan\u00e7a tem o objetivo de manter o conte\u00fado mais atualizado e ajustado \u00e0 din\u00e2mica do mundo jur\u00eddico, sem comprometer a qualidade anal\u00edtica que caracteriza a publica\u00e7\u00e3o.<\/p><p>&#8220;Apreciamos, com especial aten\u00e7\u00e3o, a qualidade da an\u00e1lise dos artigos recebidos. Mantemos o regime de dupla revis\u00e3o \u00e0s cegas, modalidade que assegura uma avalia\u00e7\u00e3o criteriosa, objetiva e respeitosa das propostas encaminhadas para publica\u00e7\u00e3o. Esse processo fortalece a credibilidade da revista e a confiabilidade de suas contribui\u00e7\u00f5es&#8221;, registrou o ministro no pref\u00e1cio da nova edi\u00e7\u00e3o.<\/p><p>A mudan\u00e7a na periodicidade faz parte do processo de reestrutura\u00e7\u00e3o da&nbsp;<em>REJuriSTJ<\/em>, que conta agora com um&nbsp;<a href=\"https:\/\/rejuri.stj.jus.br\/index.php\/revistacientifica\/about\/editorialTeam\">novo conselho editorial<\/a>. Os artigos recebidos e n\u00e3o aproveitados na terceira edi\u00e7\u00e3o permanecem em processo de avalia\u00e7\u00e3o para o pr\u00f3ximo n\u00famero da revista.<\/p><p>A submiss\u00e3o de artigos pode ser feita a qualquer momento e deve observar as&nbsp;<a href=\"https:\/\/rejuri.stj.jus.br\/index.php\/revistacientifica\/about\/submissions#authorGuidelines\">diretrizes para autores<\/a>. Entre as condi\u00e7\u00f5es exigidas, est\u00e1 a titula\u00e7\u00e3o m\u00ednima de p\u00f3s-graduado em direito.<\/p><h2 class=\"wp-block-heading\">Reflex\u00f5es sobre o direito brasileiro aproximam diversos setores da sociedade<\/h2><p>Institu\u00edda pela&nbsp;<a href=\"https:\/\/bdjur.stj.jus.br\/server\/api\/core\/bitstreams\/753da247-618e-44d4-bb73-9e356da1eb42\/content\">Instru\u00e7\u00e3o Normativa STJ\/GP 16\/2019<\/a>, a&nbsp;<em>REJuriSTJ<\/em>&nbsp;\u00e9 produzida pelo Gabinete do Diretor da Revista com o prop\u00f3sito de estimular a discuss\u00e3o acad\u00eamica e fornecer subs\u00eddios para reflex\u00f5es sobre o direito brasileiro. A publica\u00e7\u00e3o se dirige principalmente a magistrados, advogados, membros do Minist\u00e9rio P\u00fablico e da Defensoria P\u00fablica, professores, pesquisadores e estudantes de direito.<\/p><p>A&nbsp;<em>REJuriSTJ<\/em>&nbsp;\u00e9 publicada em meio eletr\u00f4nico e tem a miss\u00e3o de se estabelecer como um ve\u00edculo respeit\u00e1vel de difus\u00e3o de resultados de pesquisas cient\u00edficas, promovendo reflex\u00f5es e proporcionando um espa\u00e7o de di\u00e1logo entre o STJ, a comunidade jur\u00eddica e a sociedade como um todo. N\u00e3o s\u00e3o devidos direitos autorais ou remunera\u00e7\u00e3o a qualquer t\u00edtulo pelo aproveitamento dos trabalhos enviados \u00e0 revista.<\/p><p><strong>Fonte: STJ<\/strong><\/p>\n    <div class=\"xs_social_share_widget xs_share_url after_content \t\tmain_content  wslu-style-1 wslu-share-box-shaped wslu-fill-colored wslu-none wslu-share-horizontal wslu-theme-font-no wslu-main_content\">\n\n\t\t\n        <ul>\n\t\t\t        <\/ul>\n    <\/div> \n","protected":false},"excerpt":{"rendered":"<p>Com 16 artigos in\u00e9ditos, j\u00e1 est\u00e1 dispon\u00edvel a terceira edi\u00e7\u00e3o da\u00a0Revista de Estudos Jur\u00eddicos do Superior Tribunal de Justi\u00e7a (REJuriSTJ). A partir de agora, a revista deixa de ser semestral e passa a ser publicada trimestralmente.<\/p>\n","protected":false},"author":5,"featured_media":0,"comment_status":"open","ping_status":"open","sticky":false,"template":"","format":"standard","meta":{"postBodyCss":"","postBodyMargin":[],"postBodyPadding":[],"postBodyBackground":{"backgroundType":"classic","gradient":""},"_price":"","_stock":"","_tribe_ticket_header":"","_tribe_default_ticket_provider":"","_tribe_ticket_capacity":"0","_ticket_start_date":"","_ticket_end_date":"","_tribe_ticket_show_description":"","_tribe_ticket_show_not_going":false,"_tribe_ticket_use_global_stock":"","_tribe_ticket_global_stock_level":"","_global_stock_mode":"","_global_stock_cap":"","_tribe_rsvp_for_event":"","_tribe_ticket_going_count":"","_tribe_ticket_not_going_count":"","_tribe_tickets_list":"[]","_tribe_ticket_has_attendee_info_fields":false,"footnotes":""},"categories":[46],"tags":[15188,15194,15193,15190,4556,15191,15192,15195,15189],"class_list":["post-14369","post","type-post","status-publish","format-standard","hentry","category-noticias","tag-artigos-ineditos","tag-editor-chefe","tag-ministro-antonio-carlos-ferreira","tag-rejuristj","tag-revista","tag-revista-de-estudos-juridicos-do-stj","tag-revista-de-estudos-juridicos-do-superior-tribunal-de-justica","tag-revista-do-stj","tag-terceira-edicao"],"acf":[],"_links":{"self":[{"href":"https:\/\/sgpsolucoes.com.br\/site\/wp-json\/wp\/v2\/posts\/14369"}],"collection":[{"href":"https:\/\/sgpsolucoes.com.br\/site\/wp-json\/wp\/v2\/posts"}],"about":[{"href":"https:\/\/sgpsolucoes.com.br\/site\/wp-json\/wp\/v2\/types\/post"}],"author":[{"embeddable":true,"href":"https:\/\/sgpsolucoes.com.br\/site\/wp-json\/wp\/v2\/users\/5"}],"replies":[{"embeddable":true,"href":"https:\/\/sgpsolucoes.com.br\/site\/wp-json\/wp\/v2\/comments?post=14369"}],"version-history":[{"count":0,"href":"https:\/\/sgpsolucoes.com.br\/site\/wp-json\/wp\/v2\/posts\/14369\/revisions"}],"wp:attachment":[{"href":"https:\/\/sgpsolucoes.com.br\/site\/wp-json\/wp\/v2\/media?parent=14369"}],"wp:term":[{"taxonomy":"category","embeddable":true,"href":"https:\/\/sgpsolucoes.com.br\/site\/wp-json\/wp\/v2\/categories?post=14369"},{"taxonomy":"post_tag","embeddable":true,"href":"https:\/\/sgpsolucoes.com.br\/site\/wp-json\/wp\/v2\/tags?post=14369"}],"curies":[{"name":"wp","href":"https:\/\/api.w.org\/{rel}","templated":true}]}}