{"id":14394,"date":"2025-09-12T16:43:12","date_gmt":"2025-09-12T19:43:12","guid":{"rendered":"https:\/\/sgpsolucoes.com.br\/site\/?p=14394"},"modified":"2025-09-12T16:43:14","modified_gmt":"2025-09-12T19:43:14","slug":"cautelar-do-tribunal-de-contas-suspende-processo-de-privatizacao-da-celepar","status":"publish","type":"post","link":"https:\/\/sgpsolucoes.com.br\/site\/cautelar-do-tribunal-de-contas-suspende-processo-de-privatizacao-da-celepar\/","title":{"rendered":"Cautelar do Tribunal de Contas suspende processo de privatiza\u00e7\u00e3o da Celepar"},"content":{"rendered":"<p>O Tribunal de Contas do Estado suspendeu o processo de privatiza\u00e7\u00e3o da Companhia de Tecnologia da Informa\u00e7\u00e3o e Comunica\u00e7\u00e3o do Paran\u00e1 (Celepar). Medida cautelar concedida pelo conselheiro-substituto Livio Sotero Costa acatou pedido feito por meio de Representa\u00e7\u00e3o formulada pela Quarta Inspetoria de Controle Externo (4\u00aa ICE) do TCE-PR e determinou a imediata suspens\u00e3o do processo, concedendo 15 dias para que as partes envolvidas exer\u00e7am o contradit\u00f3rio.<\/p><p>A medida cautelar n\u00e3o entra no m\u00e9rito da quest\u00e3o relativa \u00e0 desestatiza\u00e7\u00e3o da companhia. A Corte de Contas pretende obter acesso irrestrito a toda a documenta\u00e7\u00e3o relativa ao processo, para decidir sobre o tema.<\/p><p>Concedida nesta quinta-feira (11 de setembro), a liminar, que tem efeitos imediatos, dever\u00e1 ser submetida \u00e0 homologa\u00e7\u00e3o do Tribunal Pleno do TCE-PR na sess\u00e3o presencial da pr\u00f3xima quarta-feira (dia 17). Em sua manifesta\u00e7\u00e3o, Sotero Costa, que substitui o relator do processo, conselheiro Durval Amaral, durante suas f\u00e9rias, destaca que foram identificadas &#8220;fragilidades que poderiam expor o Estado, caso n\u00e3o sanadas, a riscos financeiros e de continuidade da consecu\u00e7\u00e3o das pol\u00edticas p\u00fablicas atribu\u00eddas \u00e0 referida estatal&#8221;.<\/p><p>A cautelar teve por base os seguintes apontamentos da 4\u00aa ICE, que \u00e9 superintendida pelo conselheiro Ivan Bonilha e responde pela fiscaliza\u00e7\u00e3o da Celepar: aus\u00eancia, no processo de privatiza\u00e7\u00e3o, de estudos e a\u00e7\u00f5es m\u00ednimas para mitigar os riscos decorrentes da sa\u00edda do Estado do controle da companhia; n\u00e3o conclus\u00e3o, previamente \u00e0 privatiza\u00e7\u00e3o, de estrutura t\u00e9cnica m\u00ednima de pessoal e organizacional das secretarias; depend\u00eancia tecnol\u00f3gica, dada a dificuldade ou impossibilidade de internalizar e de terceirizar os produtos e servi\u00e7os fornecidos pela Celepar.<\/p><p>E ainda: aus\u00eancia de pol\u00edtica de governan\u00e7a em TIC do Poder Executivo estadual; prioriza\u00e7\u00e3o do cumprimento de um cronograma preestabelecido em detrimento da adequada prepara\u00e7\u00e3o do Estado para a mudan\u00e7a; falta de pr\u00e9via notifica\u00e7\u00e3o \u00e0 Autoridade Nacional de Prote\u00e7\u00e3o de Dados (ANPD); necessidade de fixa\u00e7\u00e3o do prazo de entrega da documenta\u00e7\u00e3o antes da publica\u00e7\u00e3o do edital e de defini\u00e7\u00e3o do rol m\u00ednimo de documentos; inexist\u00eancia de fundamenta\u00e7\u00e3o t\u00e9cnica e jur\u00eddica para assinatura de termos de anu\u00eancia da explora\u00e7\u00e3o comercial de&nbsp;<em>softwares<\/em>&nbsp;e viola\u00e7\u00e3o dos princ\u00edpios do interesse p\u00fablico, da indisponibilidade do interesse p\u00fablico e da motiva\u00e7\u00e3o; e inconsist\u00eancias nas justificativas apresentadas para a privatiza\u00e7\u00e3o da companhia.<\/p><p>Caso n\u00e3o seja revogada, os efeitos da medida cautelar perduram at\u00e9 que o Tribunal decida sobre o m\u00e9rito do processo. Antes da emiss\u00e3o da decis\u00e3o, a Casa Civil do Estado do Paran\u00e1 foi ouvida pelo TCE-PR a respeito do processo. O despacho contendo a decis\u00e3o ser\u00e1 devidamente publicado no&nbsp;<a href=\"https:\/\/www1.tce.pr.gov.br\/conteudo\/lista\/diario-eletronico\/1436\/area\/46\">Di\u00e1rio Eletr\u00f4nico do Tribunal de Contas<\/a>&nbsp;desta segunda-feira (15 de setembro). Todas as partes envolvidas j\u00e1 foram devidamente notificadas.<\/p><p><strong><u>Servi\u00e7o<\/u><\/strong><\/p><figure class=\"wp-block-table\"><table class=\"has-fixed-layout\"><tbody><tr><td><strong>Processo<\/strong>&nbsp;<strong>n\u00ba<\/strong>:<\/td><td>517232\/25<\/td><\/tr><tr><td><strong>Despacho n\u00ba<\/strong><\/td><td>1169\/25 &#8211; Gabinete do Conselheiro-substituto Livio Sotero Costa<\/td><\/tr><tr><td><strong>Assunto<\/strong>:<\/td><td>Representa\u00e7\u00e3o<\/td><\/tr><tr><td><strong>Entidade<\/strong>:<\/td><td>Companhia de Tecnologia da Informa\u00e7\u00e3o e Comunica\u00e7\u00e3o do Paran\u00e1<\/td><\/tr><tr><td><strong>Relator<\/strong>:<\/td><td>Conselheiro-substituto Livio Fabiano Sotero Costa<\/td><\/tr><\/tbody><\/table><\/figure><p><strong>Fonte:&nbsp;TCE\/PR<\/strong><\/p>\n    <div class=\"xs_social_share_widget xs_share_url after_content \t\tmain_content  wslu-style-1 wslu-share-box-shaped wslu-fill-colored wslu-none wslu-share-horizontal wslu-theme-font-no wslu-main_content\">\n\n\t\t\n        <ul>\n\t\t\t        <\/ul>\n    <\/div> \n","protected":false},"excerpt":{"rendered":"<p>O Tribunal de Contas do Estado suspendeu o processo de privatiza\u00e7\u00e3o da Companhia de Tecnologia da Informa\u00e7\u00e3o e Comunica\u00e7\u00e3o do Paran\u00e1 (Celepar). Medida cautelar concedida pelo conselheiro-substituto Livio Sotero Costa acatou pedido feito por meio de Representa\u00e7\u00e3o formulada pela Quarta Inspetoria de Controle Externo (4\u00aa ICE) do TCE-PR e determinou a imediata suspens\u00e3o do processo, concedendo 15 dias para que as partes envolvidas exer\u00e7am o contradit\u00f3rio.<\/p>\n","protected":false},"author":5,"featured_media":0,"comment_status":"open","ping_status":"open","sticky":false,"template":"","format":"standard","meta":{"postBodyCss":"","postBodyMargin":[],"postBodyPadding":[],"postBodyBackground":{"backgroundType":"classic","gradient":""},"_price":"","_stock":"","_tribe_ticket_header":"","_tribe_default_ticket_provider":"","_tribe_ticket_capacity":"0","_ticket_start_date":"","_ticket_end_date":"","_tribe_ticket_show_description":"","_tribe_ticket_show_not_going":false,"_tribe_ticket_use_global_stock":"","_tribe_ticket_global_stock_level":"","_global_stock_mode":"","_global_stock_cap":"","_tribe_rsvp_for_event":"","_tribe_ticket_going_count":"","_tribe_ticket_not_going_count":"","_tribe_tickets_list":"[]","_tribe_ticket_has_attendee_info_fields":false,"footnotes":""},"categories":[46],"tags":[11570,819,15231,15230,6442,1168,15233,1362,15232,11569,717,354,451,3413],"class_list":["post-14394","post","type-post","status-publish","format-standard","hentry","category-noticias","tag-4a-ice","tag-cautelar","tag-celepar","tag-companhia-de-tecnologia-da-informacao-e-comunicacao-do-parana","tag-contraditorio-2","tag-controle-externo","tag-livio-sotero-costa","tag-privatizacao","tag-processo-de-privatizacao","tag-quarta-inspetoria","tag-representacao","tag-tce-pr","tag-tribunal-de-contas","tag-tribunal-de-contas-do-estado"],"acf":[],"_links":{"self":[{"href":"https:\/\/sgpsolucoes.com.br\/site\/wp-json\/wp\/v2\/posts\/14394"}],"collection":[{"href":"https:\/\/sgpsolucoes.com.br\/site\/wp-json\/wp\/v2\/posts"}],"about":[{"href":"https:\/\/sgpsolucoes.com.br\/site\/wp-json\/wp\/v2\/types\/post"}],"author":[{"embeddable":true,"href":"https:\/\/sgpsolucoes.com.br\/site\/wp-json\/wp\/v2\/users\/5"}],"replies":[{"embeddable":true,"href":"https:\/\/sgpsolucoes.com.br\/site\/wp-json\/wp\/v2\/comments?post=14394"}],"version-history":[{"count":0,"href":"https:\/\/sgpsolucoes.com.br\/site\/wp-json\/wp\/v2\/posts\/14394\/revisions"}],"wp:attachment":[{"href":"https:\/\/sgpsolucoes.com.br\/site\/wp-json\/wp\/v2\/media?parent=14394"}],"wp:term":[{"taxonomy":"category","embeddable":true,"href":"https:\/\/sgpsolucoes.com.br\/site\/wp-json\/wp\/v2\/categories?post=14394"},{"taxonomy":"post_tag","embeddable":true,"href":"https:\/\/sgpsolucoes.com.br\/site\/wp-json\/wp\/v2\/tags?post=14394"}],"curies":[{"name":"wp","href":"https:\/\/api.w.org\/{rel}","templated":true}]}}