{"id":14404,"date":"2025-09-16T14:15:52","date_gmt":"2025-09-16T17:15:52","guid":{"rendered":"https:\/\/sgpsolucoes.com.br\/site\/?p=14404"},"modified":"2025-09-16T14:15:54","modified_gmt":"2025-09-16T17:15:54","slug":"decisao-de-banca-de-heteroidentificacao-de-cota-racial-pode-ser-discutida-na-justica-diz-stf","status":"publish","type":"post","link":"https:\/\/sgpsolucoes.com.br\/site\/decisao-de-banca-de-heteroidentificacao-de-cota-racial-pode-ser-discutida-na-justica-diz-stf\/","title":{"rendered":"Decis\u00e3o de banca de heteroidentifica\u00e7\u00e3o de cota racial pode ser discutida na Justi\u00e7a, diz STF\u00a0"},"content":{"rendered":"<p class=\"has-text-align-center\"><em>Foto: Gustavo Moreno\/STF<\/em><\/p><p><strong><em>Plen\u00e1rio reafirmou entendimento sobre controle judicial em concursos p\u00fablicos&nbsp;<\/em><\/strong><\/p><p>O Supremo Tribunal Federal (STF) decidiu que o Judici\u00e1rio pode examinar casos envolvendo atos das bancas de heteroidentifica\u00e7\u00e3o de candidatos em concursos p\u00fablicos que disputam vagas em cotas raciais, para garantir o direito \u00e0 ampla defesa e ao contradit\u00f3rio. A decis\u00e3o foi tomada por unanimidade, no Recurso Extraordin\u00e1rio com Agravo&nbsp;<strong><a href=\"https:\/\/portal.stf.jus.br\/processos\/detalhe.asp?incidente=7268969\" target=\"_blank\" rel=\"noreferrer noopener\">(ARE) 1553243<\/a><\/strong>.&nbsp;<\/p><p>No Plen\u00e1rio Virtual, a Corte reafirmou sua jurisprud\u00eancia e reconheceu a repercuss\u00e3o geral da mat\u00e9ria (Tema 1.420), a fim de que o entendimento seja adotado em todos os processos com disputas semelhantes na Justi\u00e7a. O relator foi o ministro presidente Lu\u00eds Roberto Barroso.&nbsp;&nbsp;<\/p><p>A heteroidentifica\u00e7\u00e3o funciona como um controle da autodeclara\u00e7\u00e3o de quem pretende disputar as vagas reservadas a pessoas pretas e pardas nos concursos p\u00fablicos. O mecanismo \u00e9 adotado para evitar fraudes.<\/p><p><strong>Exclus\u00e3o de candidata&nbsp;&nbsp;<\/strong><\/p><p>A decis\u00e3o foi tomada num recurso do Estado do Cear\u00e1 contra decis\u00e3o do Tribunal de Justi\u00e7a do Cear\u00e1 (TJ-CE) que anulou a exclus\u00e3o de uma candidata pela comiss\u00e3o de heteroidentifica\u00e7\u00e3o e permitiu que ela concorresse \u00e0s vagas reservadas a pessoas pretas e pardas em um concurso p\u00fablico para t\u00e9cnico judici\u00e1rio. O TJ-CE entendeu que a decis\u00e3o da banca deve ser baseada em crit\u00e9rios objetivos previstos no edital do concurso e que a candidata precisa saber o motivo de sua exclus\u00e3o da concorr\u00eancia no sistema de cotas.&nbsp;<\/p><p>Ao STF, o Estado do Cear\u00e1 argumentava que era constitucional o uso de comiss\u00f5es para avaliar a autodeclara\u00e7\u00e3o e que o Judici\u00e1rio n\u00e3o poderia substituir a banca examinadora.&nbsp;<\/p><p><strong>Contradit\u00f3rio e ampla defesa&nbsp;&nbsp;<\/strong><\/p><p>Em seu voto, Barroso afirmou que a an\u00e1lise da Justi\u00e7a sobre o cumprimento das regras de editais de concursos p\u00fablicos n\u00e3o viola a separa\u00e7\u00e3o dos Poderes. Ele citou decis\u00f5es do STF que garantem a validade das bancas de heteroidentifica\u00e7\u00e3o, desde que sejam respeitados os direitos ao contradit\u00f3rio e \u00e0 ampla defesa (ADC 41), e que, por outro lado, permitem ao Judici\u00e1rio analisar eventual ilegalidade ou inconstitucionalidade em atos de bancas em concursos.&nbsp;&nbsp;<\/p><p>O presidente do STF tamb\u00e9m entendeu que n\u00e3o \u00e9 poss\u00edvel analisar pontos levantados pelo Cear\u00e1 no recurso, como os crit\u00e9rios adotados pela comiss\u00e3o de heteroidentifica\u00e7\u00e3o ou os dados publicados no edital do concurso, j\u00e1 que isso demandaria um exame de fatos e provas, o que \u00e9 vedado em recursos extraordin\u00e1rios.&nbsp;&nbsp;<\/p><p>Barroso destacou que existem v\u00e1rios recursos discutindo o mesmo tema no STF e que \u00e9 preciso dar uma resolu\u00e7\u00e3o a esses casos. Conforme dados da ferramenta de intelig\u00eancia artificial VitorIA, do STF, citados no voto, existem 266 recursos extraordin\u00e1rios sobre o assunto na Corte.&nbsp;&nbsp;<\/p><p><strong>Tese<\/strong><\/p><p>A tese fixada no julgamento foi a seguinte:&nbsp;<\/p><p>1. O Poder Judici\u00e1rio pode controlar o ato administrativo de heteroidentifica\u00e7\u00e3o de candidatos que concorrem \u00e0s vagas reservadas a pessoas pretas e pardas em concurso p\u00fablico, para garantia de contradit\u00f3rio e ampla defesa;&nbsp;<\/p><p>2. \u00c9 f\u00e1tica e pressup\u00f5e a an\u00e1lise de cl\u00e1usulas do edital do concurso a controv\u00e9rsia sobre a adequa\u00e7\u00e3o de crit\u00e9rios e de fundamentos do ato de exclus\u00e3o de candidato por comiss\u00e3o de heteroidentifica\u00e7\u00e3o.&nbsp;<\/p><p><em>(Lucas Mendes\/CR\/\/CF)<\/em><\/p><p><strong>Fonte: STF<\/strong><\/p>\n    <div class=\"xs_social_share_widget xs_share_url after_content \t\tmain_content  wslu-style-1 wslu-share-box-shaped wslu-fill-colored wslu-none wslu-share-horizontal wslu-theme-font-no wslu-main_content\">\n\n\t\t\n        <ul>\n\t\t\t        <\/ul>\n    <\/div> \n","protected":false},"excerpt":{"rendered":"<p>O Supremo Tribunal Federal (STF) decidiu que o Judici\u00e1rio pode examinar casos envolvendo atos das bancas de heteroidentifica\u00e7\u00e3o de candidatos em concursos p\u00fablicos que disputam vagas em cotas raciais, para garantir o direito \u00e0 ampla defesa e ao contradit\u00f3rio. A decis\u00e3o foi tomada por unanimidade, no Recurso Extraordin\u00e1rio com Agravo\u00a0(ARE) 1553243.\u00a0<\/p>\n","protected":false},"author":5,"featured_media":0,"comment_status":"open","ping_status":"open","sticky":false,"template":"","format":"standard","meta":{"postBodyCss":"","postBodyMargin":[],"postBodyPadding":[],"postBodyBackground":{"backgroundType":"classic","gradient":""},"_price":"","_stock":"","_tribe_ticket_header":"","_tribe_default_ticket_provider":"","_tribe_ticket_capacity":"0","_ticket_start_date":"","_ticket_end_date":"","_tribe_ticket_show_description":"","_tribe_ticket_show_not_going":false,"_tribe_ticket_use_global_stock":"","_tribe_ticket_global_stock_level":"","_global_stock_mode":"","_global_stock_cap":"","_tribe_rsvp_for_event":"","_tribe_ticket_going_count":"","_tribe_ticket_not_going_count":"","_tribe_tickets_list":"[]","_tribe_ticket_has_attendee_info_fields":false,"footnotes":""},"categories":[46],"tags":[798,15240,15237,15238,616,1187,4726,6442,14513,1164,1461,1638,15057,4062,394,351,13544,8371,347,348,15239,1043,619],"class_list":["post-14404","post","type-post","status-publish","format-standard","hentry","category-noticias","tag-ampla-defesa","tag-are-1553243","tag-banca-de-heteroidentificacao-de-cota-racial","tag-bancas","tag-candidatos","tag-concursos","tag-concursos-publicos","tag-contraditorio-2","tag-controle-judicial","tag-cotas-raciais","tag-decisao","tag-garantir","tag-heteroidentificacao","tag-judiciario","tag-justica","tag-plenario","tag-plenario-virtual","tag-recurso-extraordinario-com-agravo","tag-stf","tag-supremo-tribunal-federal","tag-tema-1-420","tag-unanimidade","tag-vagas"],"acf":[],"_links":{"self":[{"href":"https:\/\/sgpsolucoes.com.br\/site\/wp-json\/wp\/v2\/posts\/14404"}],"collection":[{"href":"https:\/\/sgpsolucoes.com.br\/site\/wp-json\/wp\/v2\/posts"}],"about":[{"href":"https:\/\/sgpsolucoes.com.br\/site\/wp-json\/wp\/v2\/types\/post"}],"author":[{"embeddable":true,"href":"https:\/\/sgpsolucoes.com.br\/site\/wp-json\/wp\/v2\/users\/5"}],"replies":[{"embeddable":true,"href":"https:\/\/sgpsolucoes.com.br\/site\/wp-json\/wp\/v2\/comments?post=14404"}],"version-history":[{"count":0,"href":"https:\/\/sgpsolucoes.com.br\/site\/wp-json\/wp\/v2\/posts\/14404\/revisions"}],"wp:attachment":[{"href":"https:\/\/sgpsolucoes.com.br\/site\/wp-json\/wp\/v2\/media?parent=14404"}],"wp:term":[{"taxonomy":"category","embeddable":true,"href":"https:\/\/sgpsolucoes.com.br\/site\/wp-json\/wp\/v2\/categories?post=14404"},{"taxonomy":"post_tag","embeddable":true,"href":"https:\/\/sgpsolucoes.com.br\/site\/wp-json\/wp\/v2\/tags?post=14404"}],"curies":[{"name":"wp","href":"https:\/\/api.w.org\/{rel}","templated":true}]}}