{"id":14410,"date":"2025-09-16T14:25:31","date_gmt":"2025-09-16T17:25:31","guid":{"rendered":"https:\/\/sgpsolucoes.com.br\/site\/?p=14410"},"modified":"2025-09-16T14:25:32","modified_gmt":"2025-09-16T17:25:32","slug":"taxa-selic-deve-corrigir-valores-em-todas-as-discussoes-envolvendo-a-fazenda-publica-reafirma-stf","status":"publish","type":"post","link":"https:\/\/sgpsolucoes.com.br\/site\/taxa-selic-deve-corrigir-valores-em-todas-as-discussoes-envolvendo-a-fazenda-publica-reafirma-stf\/","title":{"rendered":"Taxa Selic deve corrigir valores em todas as discuss\u00f5es envolvendo a Fazenda P\u00fablica, reafirma STF"},"content":{"rendered":"<p class=\"has-text-align-center\"><em>Foto: Bruno Carneiro\/STF<\/em><\/p><p><strong><em>Em recurso com repercuss\u00e3o geral, Plen\u00e1rio reiterou validade do \u00edndice de atualiza\u00e7\u00e3o fixado por emenda constitucional sobre o tema<\/em><\/strong><\/p><p>O Supremo Tribunal Federal (STF) reafirmou entendimento de que a taxa Selic deve ser aplicada como \u00edndice de atualiza\u00e7\u00e3o de valores em todas as discuss\u00f5es e condena\u00e7\u00f5es que envolvam a Fazenda P\u00fablica, inclusive na cobran\u00e7a judicial de cr\u00e9ditos tribut\u00e1rios. A decis\u00e3o foi tomada pelo Plen\u00e1rio Virtual no julgamento do Recurso Extraordin\u00e1rio com Agravo&nbsp;<strong><a href=\"https:\/\/portal.stf.jus.br\/processos\/detalhe.asp?incidente=7292835\" target=\"_blank\" rel=\"noreferrer noopener\">(ARE) 1557312<\/a><\/strong>, com repercuss\u00e3o geral (Tema 1.419). A tese fixada dever\u00e1 ser aplicada a todos os casos semelhantes em tramita\u00e7\u00e3o na Justi\u00e7a.<\/p><p><strong>Execu\u00e7\u00e3o fiscal<\/strong><\/p><p>O caso teve origem em uma a\u00e7\u00e3o de execu\u00e7\u00e3o fiscal do Munic\u00edpio de S\u00e3o Paulo (SP) contra uma empresa de com\u00e9rcio de revistas e peri\u00f3dicos. O munic\u00edpio pretendia a corre\u00e7\u00e3o monet\u00e1ria pelo IPCA e juros morat\u00f3rios de 1% ao m\u00eas previstos em legisla\u00e7\u00e3o municipal.<\/p><p>O Tribunal de Justi\u00e7a do Estado de S\u00e3o Paulo (TJ-SP), por\u00e9m, afirmou a incid\u00eancia da Selic para a atualiza\u00e7\u00e3o de valores devidos pela empresa. De acordo com o tribunal estadual, o artigo 3\u00ba da Emenda Constitucional (EC) 113\/2021 prev\u00ea que, nas discuss\u00f5es e nas condena\u00e7\u00f5es que envolvam a Fazenda P\u00fablica, independentemente de sua natureza, aplica-se a Selic para c\u00e1lculo de juros e corre\u00e7\u00e3o monet\u00e1ria.<\/p><p>No ARE, o munic\u00edpio alega que a emenda s\u00f3 se aplica \u00e0s condena\u00e7\u00f5es da Fazenda P\u00fablica, ou seja, quando a Fazenda \u00e9 devedora, e n\u00e3o aos casos em que \u00e9 credora.&nbsp;<\/p><p><strong>Jurisprud\u00eancia<\/strong><\/p><p>O ministro Lu\u00eds Roberto Barroso, presidente do Supremo e relator do recurso, ressaltou que, de acordo com a jurisprud\u00eancia do STF sobre o tema, o artigo 3\u00ba da EC 113\/2021 imp\u00f5e a incid\u00eancia da Selic n\u00e3o apenas sobre as condena\u00e7\u00f5es, mas sobre todas as discuss\u00f5es que envolvam a Fazenda P\u00fablica. Isso abrange, tamb\u00e9m, os casos em que figura como credora, independentemente da natureza do cr\u00e9dito.&nbsp;<\/p><p><strong>Multiplicidade de recursos<\/strong><\/p><p>A ferramenta de intelig\u00eancia artificial VitorIA identificou 78 recursos extraordin\u00e1rios sobre a mat\u00e9ria no STF. Na avalia\u00e7\u00e3o do ministro, a multiplicidade de recursos sobre a controv\u00e9rsia constitucional demonstra a relev\u00e2ncia jur\u00eddica, econ\u00f4mica e social da quest\u00e3o.<\/p><p><strong>Tese<\/strong><\/p><p>A tese de repercuss\u00e3o geral fixada foi a seguinte:<\/p><p>\u201cA taxa Selic, prevista no art. 3\u00ba da EC 113\/2021, \u00e9 aplic\u00e1vel para a atualiza\u00e7\u00e3o de valores em qualquer discuss\u00e3o ou condena\u00e7\u00e3o da Fazenda P\u00fablica, inclusive na cobran\u00e7a judicial de cr\u00e9ditos tribut\u00e1rios\u201d.<\/p><p><em>(Su\u00e9len Pires\/AS\/\/CF)<\/em><\/p><p><strong>Fonte: STF<\/strong><\/p>\n    <div class=\"xs_social_share_widget xs_share_url after_content \t\tmain_content  wslu-style-1 wslu-share-box-shaped wslu-fill-colored wslu-none wslu-share-horizontal wslu-theme-font-no wslu-main_content\">\n\n\t\t\n        <ul>\n\t\t\t        <\/ul>\n    <\/div> \n","protected":false},"excerpt":{"rendered":"<p>O Supremo Tribunal Federal (STF) reafirmou entendimento de que a taxa Selic deve ser aplicada como \u00edndice de atualiza\u00e7\u00e3o de valores em todas as discuss\u00f5es e condena\u00e7\u00f5es que envolvam a Fazenda P\u00fablica, inclusive na cobran\u00e7a judicial de cr\u00e9ditos tribut\u00e1rios. A decis\u00e3o foi tomada pelo Plen\u00e1rio Virtual no julgamento do Recurso Extraordin\u00e1rio com Agravo\u00a0(ARE) 1557312, com repercuss\u00e3o geral (Tema 1.419). A tese fixada dever\u00e1 ser aplicada a todos os casos semelhantes em tramita\u00e7\u00e3o na Justi\u00e7a.<\/p>\n","protected":false},"author":5,"featured_media":0,"comment_status":"open","ping_status":"open","sticky":false,"template":"","format":"standard","meta":{"postBodyCss":"","postBodyMargin":[],"postBodyPadding":[],"postBodyBackground":{"backgroundType":"classic","gradient":""},"_price":"","_stock":"","_tribe_ticket_header":"","_tribe_default_ticket_provider":"","_tribe_ticket_capacity":"0","_ticket_start_date":"","_ticket_end_date":"","_tribe_ticket_show_description":"","_tribe_ticket_show_not_going":false,"_tribe_ticket_use_global_stock":"","_tribe_ticket_global_stock_level":"","_global_stock_mode":"","_global_stock_cap":"","_tribe_rsvp_for_event":"","_tribe_ticket_going_count":"","_tribe_ticket_not_going_count":"","_tribe_tickets_list":"[]","_tribe_ticket_has_attendee_info_fields":false,"footnotes":""},"categories":[46],"tags":[15250,275,13552,210,15248,2567,8218,2511,3641,2991,13081,15249,351,13544,8371,1731,10881,347,348,15247,15251],"class_list":["post-14410","post","type-post","status-publish","format-standard","hentry","category-noticias","tag-are-1557312","tag-atualizacao","tag-cobranca-judicial","tag-condenacoes","tag-corrigir-valores","tag-creditos-tributarios","tag-discussoes","tag-emenda-constitucional","tag-execucao-fiscal","tag-fazenda-publica","tag-indice","tag-indice-de-atualizacao","tag-plenario","tag-plenario-virtual","tag-recurso-extraordinario-com-agravo","tag-repercussao-geral","tag-selic","tag-stf","tag-supremo-tribunal-federal","tag-taxa-selic","tag-tema-1-419"],"acf":[],"_links":{"self":[{"href":"https:\/\/sgpsolucoes.com.br\/site\/wp-json\/wp\/v2\/posts\/14410"}],"collection":[{"href":"https:\/\/sgpsolucoes.com.br\/site\/wp-json\/wp\/v2\/posts"}],"about":[{"href":"https:\/\/sgpsolucoes.com.br\/site\/wp-json\/wp\/v2\/types\/post"}],"author":[{"embeddable":true,"href":"https:\/\/sgpsolucoes.com.br\/site\/wp-json\/wp\/v2\/users\/5"}],"replies":[{"embeddable":true,"href":"https:\/\/sgpsolucoes.com.br\/site\/wp-json\/wp\/v2\/comments?post=14410"}],"version-history":[{"count":0,"href":"https:\/\/sgpsolucoes.com.br\/site\/wp-json\/wp\/v2\/posts\/14410\/revisions"}],"wp:attachment":[{"href":"https:\/\/sgpsolucoes.com.br\/site\/wp-json\/wp\/v2\/media?parent=14410"}],"wp:term":[{"taxonomy":"category","embeddable":true,"href":"https:\/\/sgpsolucoes.com.br\/site\/wp-json\/wp\/v2\/categories?post=14410"},{"taxonomy":"post_tag","embeddable":true,"href":"https:\/\/sgpsolucoes.com.br\/site\/wp-json\/wp\/v2\/tags?post=14410"}],"curies":[{"name":"wp","href":"https:\/\/api.w.org\/{rel}","templated":true}]}}