{"id":14428,"date":"2025-09-16T15:27:51","date_gmt":"2025-09-16T18:27:51","guid":{"rendered":"https:\/\/sgpsolucoes.com.br\/site\/?p=14428"},"modified":"2025-09-16T15:27:52","modified_gmt":"2025-09-16T18:27:52","slug":"revista-francesa-destaca-tcu-em-debate-sobre-jurisdicao-das-instituicoes-de-controle","status":"publish","type":"post","link":"https:\/\/sgpsolucoes.com.br\/site\/revista-francesa-destaca-tcu-em-debate-sobre-jurisdicao-das-instituicoes-de-controle\/","title":{"rendered":"Revista francesa destaca TCU em debate sobre jurisdi\u00e7\u00e3o das institui\u00e7\u00f5es de controle"},"content":{"rendered":"<p><em><strong>Edi\u00e7\u00e3o da Revista Francesa de Finan\u00e7as P\u00fablicas \u00e9 lan\u00e7ada em Bras\u00edlia durante primeira reuni\u00e3o presencial do Conselho Diretivo da JURISAI. Publica\u00e7\u00e3o aborda rela\u00e7\u00e3o complementar entre auditoria e jurisdi\u00e7\u00e3o<\/strong><\/em><\/p><p>A mais recente edi\u00e7\u00e3o da &#8220;Revue Fran\u00e7aise de Finances Publiques (RFFP)&#8221; &#8211; em portugu\u00eas, &#8220;<strong>Revista Francesa de Finan\u00e7as P\u00fablicas<\/strong>&#8221; &#8211; foi lan\u00e7ada no Brasil durante a primeira reuni\u00e3o presencial do Conselho Diretivo da Organiza\u00e7\u00e3o Internacional das Institui\u00e7\u00f5es Superiores de Controle com Fun\u00e7\u00f5es Jurisdicionais (<strong>JURISAI<\/strong>), realizada na \u00faltima semana, em Bras\u00edlia. A publica\u00e7\u00e3o re\u00fane os debates e reflex\u00f5es da confer\u00eancia internacional organizada&nbsp;<a target=\"_blank\" rel=\"noreferrer noopener\" href=\"https:\/\/portal.tcu.gov.br\/imprensa\/noticias\/instituicoes-de-controle-com-funcoes-jurisdicionais-realizam-assembleia-na-franca\">pela Corte de Contas da Fran\u00e7a durante a assembleia geral de cria\u00e7\u00e3o da rede, em Paris, em outubro de 2024<\/a>.<\/p><p>O Tribunal de Contas da Uni\u00e3o tem participa\u00e7\u00e3o de destaque na edi\u00e7\u00e3o. Na confer\u00eancia realizada em Paris, o ent\u00e3o presidente da Corte de Contas brasileira,&nbsp;<strong>ministro Bruno Dantas<\/strong>, abriu os trabalhos com um discurso em que&nbsp;<strong>ressaltou a import\u00e2ncia da coopera\u00e7\u00e3o internacional para fortalecer a governan\u00e7a p\u00fablica e ampliar a efetividade das decis\u00f5es de controle<\/strong>. Na ocasi\u00e3o, Dantas tamb\u00e9m representava a presid\u00eancia da Organiza\u00e7\u00e3o Internacional das Institui\u00e7\u00f5es Superiores de Controle (INTOSAI).<\/p><figure class=\"wp-block-image\"><img decoding=\"async\" src=\"https:\/\/portal.tcu.gov.br\/_next\/image?url=https%3A%2F%2Fportal.tcu.gov.br%2Fuploads%2Fnoticias%2Fimg%2F2025%2F09%2F16%2F54782514499_dcce02c474_k.jpg&amp;w=1920&amp;q=75\" alt=\"O procurador do MPTCU e o conselheiro-mestre da Corte de Contas da Fran\u00e7a\" title=\"\"\/><figcaption class=\"wp-element-caption\"><em>O procurador do MPTCU, Rodrigo Medeiros de Lima, e o conselheiro-mestre da Corte de Contas da Fran\u00e7a, Serge Barichard, no lan\u00e7amento da Revista Francesa de Finan\u00e7as P\u00fablicas. O evento aconteceu durante a primeira reuni\u00e3o presencial do Conselho Diretivo da JURISAI, em Bras\u00edlia<\/em><\/figcaption><\/figure><p>J\u00e1 o Minist\u00e9rio P\u00fablico junto ao TCU contribuiu de forma expressiva nas discuss\u00f5es da revista. A&nbsp;<strong>procuradora-geral Cristina Machado da Costa e Silva e o procurador Rodrigo Medeiros de Lima<\/strong>&nbsp;participaram da segunda mesa-redonda do evento, dedicada aos desafios da decis\u00e3o jurisdicional. Eles abordaram temas como a individualiza\u00e7\u00e3o das san\u00e7\u00f5es e a busca por maior exemplaridade e responsabilidade no julgamento de contas p\u00fablicas.<\/p><p>O&nbsp;<strong>volume de 184<\/strong>&nbsp;p\u00e1ginas re\u00fane discursos, pain\u00e9is e artigos de representantes de diversas institui\u00e7\u00f5es de controle do mundo, incluindo Fran\u00e7a, It\u00e1lia, Espanha, Portugal, Senegal, Djibuti e Pol\u00f4nia. O objetivo central \u00e9&nbsp;<strong>discutir a complementaridade entre as fun\u00e7\u00f5es de auditor e juiz, bem como os limites e potencialidades da atividade jurisdicional das ISC<\/strong>.<\/p><p>Clique&nbsp;<a target=\"_blank\" rel=\"noreferrer noopener\" href=\"https:\/\/droit.cairn.info\/revue-revue-francaise-de-finances-publiques-2025-HS3?lang=fr\">aqui<\/a>&nbsp;para acessar a publica\u00e7\u00e3o. O conte\u00fado \u00e9 pago e est\u00e1 em franc\u00eas.<\/p><p><strong>Fonte: TCU<\/strong><\/p>\n    <div class=\"xs_social_share_widget xs_share_url after_content \t\tmain_content  wslu-style-1 wslu-share-box-shaped wslu-fill-colored wslu-none wslu-share-horizontal wslu-theme-font-no wslu-main_content\">\n\n\t\t\n        <ul>\n\t\t\t        <\/ul>\n    <\/div> \n","protected":false},"excerpt":{"rendered":"<p>A mais recente edi\u00e7\u00e3o da &#8220;Revue Fran\u00e7aise de Finances Publiques (RFFP)&#8221; &#8211; em portugu\u00eas, &#8220;Revista Francesa de Finan\u00e7as P\u00fablicas&#8221; &#8211; foi lan\u00e7ada no Brasil durante a primeira reuni\u00e3o presencial do Conselho Diretivo da Organiza\u00e7\u00e3o Internacional das Institui\u00e7\u00f5es Superiores de Controle com Fun\u00e7\u00f5es Jurisdicionais (JURISAI), realizada na \u00faltima semana, em Bras\u00edlia. A publica\u00e7\u00e3o re\u00fane os debates e reflex\u00f5es da confer\u00eancia internacional organizada\u00a0pela Corte de Contas da Fran\u00e7a durante a assembleia geral de cria\u00e7\u00e3o da rede, em Paris, em outubro de 2024.<\/p>\n","protected":false},"author":5,"featured_media":0,"comment_status":"open","ping_status":"open","sticky":false,"template":"","format":"standard","meta":{"postBodyCss":"","postBodyMargin":[],"postBodyPadding":[],"postBodyBackground":{"backgroundType":"classic","gradient":""},"_price":"","_stock":"","_tribe_ticket_header":"","_tribe_default_ticket_provider":"","_tribe_ticket_capacity":"0","_ticket_start_date":"","_ticket_end_date":"","_tribe_ticket_show_description":"","_tribe_ticket_show_not_going":false,"_tribe_ticket_use_global_stock":"","_tribe_ticket_global_stock_level":"","_global_stock_mode":"","_global_stock_cap":"","_tribe_rsvp_for_event":"","_tribe_ticket_going_count":"","_tribe_ticket_not_going_count":"","_tribe_tickets_list":"[]","_tribe_ticket_has_attendee_info_fields":false,"footnotes":""},"categories":[46],"tags":[1944,7460,15273,15277,15279,9775,15274,15272,15275,15276,15278,258],"class_list":["post-14428","post","type-post","status-publish","format-standard","hentry","category-noticias","tag-auditoria","tag-brasilia","tag-conselho-diretivo-da-jurisai","tag-conselho-diretivo-da-organizacao-internacional-das-instituicoes-superiores-de-controle-com-funcoes-jurisdicionais","tag-jurisai","tag-jurisdicao","tag-jurisdicao-das-instituicoes-de-controle","tag-revista-francesa","tag-revista-francesa-de-financas-publicas","tag-revue-francaise-de-finances-publiques","tag-rffp","tag-tcu"],"acf":[],"_links":{"self":[{"href":"https:\/\/sgpsolucoes.com.br\/site\/wp-json\/wp\/v2\/posts\/14428"}],"collection":[{"href":"https:\/\/sgpsolucoes.com.br\/site\/wp-json\/wp\/v2\/posts"}],"about":[{"href":"https:\/\/sgpsolucoes.com.br\/site\/wp-json\/wp\/v2\/types\/post"}],"author":[{"embeddable":true,"href":"https:\/\/sgpsolucoes.com.br\/site\/wp-json\/wp\/v2\/users\/5"}],"replies":[{"embeddable":true,"href":"https:\/\/sgpsolucoes.com.br\/site\/wp-json\/wp\/v2\/comments?post=14428"}],"version-history":[{"count":0,"href":"https:\/\/sgpsolucoes.com.br\/site\/wp-json\/wp\/v2\/posts\/14428\/revisions"}],"wp:attachment":[{"href":"https:\/\/sgpsolucoes.com.br\/site\/wp-json\/wp\/v2\/media?parent=14428"}],"wp:term":[{"taxonomy":"category","embeddable":true,"href":"https:\/\/sgpsolucoes.com.br\/site\/wp-json\/wp\/v2\/categories?post=14428"},{"taxonomy":"post_tag","embeddable":true,"href":"https:\/\/sgpsolucoes.com.br\/site\/wp-json\/wp\/v2\/tags?post=14428"}],"curies":[{"name":"wp","href":"https:\/\/api.w.org\/{rel}","templated":true}]}}