{"id":14455,"date":"2025-09-16T16:22:49","date_gmt":"2025-09-16T19:22:49","guid":{"rendered":"https:\/\/sgpsolucoes.com.br\/site\/?p=14455"},"modified":"2025-09-16T16:22:51","modified_gmt":"2025-09-16T19:22:51","slug":"tce-pr-determina-ao-municipio-de-ventania-que-anule-licitacao-para-pavimentacao-por-fixacao-indevida-da-data-base-para-reajuste-restricao-de-prazo-para-impugnacao-ao-edital-e-retomada-do-certame-sem","status":"publish","type":"post","link":"https:\/\/sgpsolucoes.com.br\/site\/tce-pr-determina-ao-municipio-de-ventania-que-anule-licitacao-para-pavimentacao-por-fixacao-indevida-da-data-base-para-reajuste-restricao-de-prazo-para-impugnacao-ao-edital-e-retomada-do-certame-sem\/","title":{"rendered":"TCE-PR determina ao Munic\u00edpio de Ventania que anule licita\u00e7\u00e3o para pavimenta\u00e7\u00e3o, por fixa\u00e7\u00e3o indevida da data-base para reajuste, restri\u00e7\u00e3o de prazo para impugna\u00e7\u00e3o ao edital e retomada do certame sem publicidade e reabertura de prazos"},"content":{"rendered":"<p>O Tribunal de Contas do Estado (TCE-PR) determinou a anula\u00e7\u00e3o da Concorr\u00eancia n\u00ba 2\/25 de Ventania, lan\u00e7ada para a contrata\u00e7\u00e3o de empresa para realizar a pavimenta\u00e7\u00e3o de vias desse munic\u00edpio da Regi\u00e3o Central do Paran\u00e1. Os motivos foram a fixa\u00e7\u00e3o indevida da data-base para reajuste, a restri\u00e7\u00e3o indevida de prazo para impugna\u00e7\u00e3o ao edital e a retomada do certame sem a devida publicidade e reabertura de prazos.<\/p><p>Na decis\u00e3o, o TCE-PR tamb\u00e9m recomendou ao munic\u00edpio que observe estritamente o disposto no artigo 25, &nbsp;par\u00e1grafo 7\u00ba, da Lei n\u00ba 14.133\/21 (a Lei de Licita\u00e7\u00f5es e Contratos P\u00fablicos), adotando como termo inicial para contagem do reajuste contratual a data do or\u00e7amento estimado elaborado pela administra\u00e7\u00e3o; assegure, de forma clara e expressa nos editais, os prazos e condi\u00e7\u00f5es para apresenta\u00e7\u00e3o de impugna\u00e7\u00f5es, garantindo o pleno respeito aos princ\u00edpios da publicidade, isonomia, transpar\u00eancia e ampla participa\u00e7\u00e3o; atente-se \u00e0 correta utiliza\u00e7\u00e3o e classifica\u00e7\u00e3o dos atos administrativos, como revoga\u00e7\u00e3o, anula\u00e7\u00e3o ou suspens\u00e3o, considerando seus efeitos e requisitos legais, a fim de prevenir a repeti\u00e7\u00e3o de v\u00edcios em futuros procedimentos licitat\u00f3rios.<\/p><p>A decis\u00e3o foi tomada no processo em que os conselheiros julgaram procedente Representa\u00e7\u00e3o da Lei de Licita\u00e7\u00f5es (Lei n\u00ba 14.133\/21) formulada pela empresa De Amorim Construtora de Obras Ltda. em face da Concorr\u00eancia n\u00ba 2\/25 da Prefeitura de Ventania, por meio da qual apontara supostas irregularidades no certame.<\/p><p>O relator do processo, conselheiro Fernando Guimar\u00e3es, ap\u00f3s receber a Representa\u00e7\u00e3o e analisar os argumentos de defesa do munic\u00edpio em contradit\u00f3rio preliminar, havia expedido medida cautelar para suspender a licita\u00e7\u00e3o, em raz\u00e3o dos ind\u00edcios de irregularidades.<\/p><p>Guimar\u00e3es considerou que havia conflito entre os princ\u00edpios da economicidade e da isonomia. Ele afirmara que, embora o certame tenha alcan\u00e7ado des\u00e1gio de 15,09% em rela\u00e7\u00e3o ao valor estimado, havia ind\u00edcios de que 4 das 13 empresas habilitadas n\u00e3o teriam participado da fase de lances, possivelmente por conta da condu\u00e7\u00e3o irregular da revoga\u00e7\u00e3o e retomada da licita\u00e7\u00e3o, o que pode ter comprometido a competitividade do certame. Assim, ele entendera que n\u00e3o havia seguran\u00e7a de que o menor pre\u00e7o efetivamente obtido tenha sido o mais vantajoso poss\u00edvel.<\/p><p><strong>Decis\u00e3o<\/strong><\/p><p>Ao fundamentar seu voto, o relator do processo concordou com a Coordenadoria de Apoio e Instru\u00e7\u00e3o Suplementar (CAIS) do TCE-PR e o Minist\u00e9rio P\u00fablico de Contas do Paran\u00e1 (MPC-PR) quanto \u00e0 proced\u00eancia da Representa\u00e7\u00e3o, com a emiss\u00e3o de recomenda\u00e7\u00f5es.<\/p><p>Guimar\u00e3es afirmou que a houve fixa\u00e7\u00e3o indevida da data-base para reajuste de pre\u00e7os a partir do lan\u00e7amento do edital, em afronta ao disposto no artigo 191 da Lei n\u00ba 14.133\/2021. Ele esclareceu que o termo inicial para contagem do interst\u00edcio necess\u00e1rio \u00e0 concess\u00e3o de reajustes deveria ser a data do or\u00e7amento estimado, elaborado pela administra\u00e7\u00e3o, e n\u00e3o a data de publica\u00e7\u00e3o do edital.<\/p><p>Al\u00e9m disso, o conselheiro explicou que houve restri\u00e7\u00e3o de hor\u00e1rio para impugna\u00e7\u00e3o, limitada \u00e0s 8 horas, sem divulga\u00e7\u00e3o expressa no edital; e falta de publicidade clara quanto \u00e0 restri\u00e7\u00e3o, dificultando o acesso \u00e0 impugna\u00e7\u00e3o por licitantes e cidad\u00e3os, em viola\u00e7\u00e3o aos princ\u00edpios da publicidade, legalidade e isonomia.<\/p><p>O relator ressaltou, ainda, que houve a revoga\u00e7\u00e3o e posterior retomada da licita\u00e7\u00e3o sem justificativa legal adequada, em viola\u00e7\u00e3o aos princ\u00edpios da isonomia, competitividade, legalidade, publicidade, leg\u00edtima expectativa e a seguran\u00e7a jur\u00eddica, em afronta \u00e0s disposi\u00e7\u00f5es da Lei n\u00ba 14.133\/21.<\/p><p>Os conselheiros aprovaram por unanimidade o voto do relator, na Sess\u00e3o de Plen\u00e1rio Virtual n\u00ba 16\/25 do Tribunal Pleno do TCE-PR, conclu\u00edda em 28 de agosto. A decis\u00e3o, contra a qual cabe recurso, est\u00e1 expressa no Ac\u00f3rd\u00e3o n\u00ba 2365\/25 &#8211; Tribunal Pleno, disponibilizado em 9 de setembro, na&nbsp;<a href=\"https:\/\/www1.tce.pr.gov.br\/multimidia\/2025\/9\/pdf\/00397591.pdf\">edi\u00e7\u00e3o n\u00ba 3.522 do&nbsp;Di\u00e1rio Eletr\u00f4nico&nbsp;do TCE-PR (DETC)<\/a>.<\/p><p><strong>Servi\u00e7o<\/strong><\/p><figure class=\"wp-block-table\"><table class=\"has-fixed-layout\"><tbody><tr><td><strong>Processo<\/strong>&nbsp;<strong>n\u00ba<\/strong>:<\/td><td>116525\/25<\/td><\/tr><tr><td><strong>Ac\u00f3rd\u00e3o n\u00ba<\/strong><\/td><td>2365\/25 &#8211; Tribunal Pleno<\/td><\/tr><tr><td><strong>Assunto<\/strong>:<\/td><td>Representa\u00e7\u00e3o da Lei de Licita\u00e7\u00f5es<\/td><\/tr><tr><td><strong>Entidade<\/strong>:<\/td><td>Munic\u00edpio de Ventania<\/td><\/tr><tr><td><strong>Interessados<\/strong>:<\/td><td>De Amorim Construtora de Obras Ltda. e outros<\/td><\/tr><tr><td><strong>Relator<\/strong>:<\/td><td>Conselheiro Fernando Augusto Mello Guimar\u00e3es<\/td><\/tr><\/tbody><\/table><\/figure><p><strong>Fonte:&nbsp;TCE\/PR<\/strong><\/p>\n    <div class=\"xs_social_share_widget xs_share_url after_content \t\tmain_content  wslu-style-1 wslu-share-box-shaped wslu-fill-colored wslu-none wslu-share-horizontal wslu-theme-font-no wslu-main_content\">\n\n\t\t\n        <ul>\n\t\t\t        <\/ul>\n    <\/div> \n","protected":false},"excerpt":{"rendered":"<p>O Tribunal de Contas do Estado (TCE-PR) determinou a anula\u00e7\u00e3o da Concorr\u00eancia n\u00ba 2\/25 de Ventania, lan\u00e7ada para a contrata\u00e7\u00e3o de empresa para realizar a pavimenta\u00e7\u00e3o de vias desse munic\u00edpio da Regi\u00e3o Central do Paran\u00e1. Os motivos foram a fixa\u00e7\u00e3o indevida da data-base para reajuste, a restri\u00e7\u00e3o indevida de prazo para impugna\u00e7\u00e3o ao edital e a retomada do certame sem a devida publicidade e reabertura de prazos.<\/p>\n","protected":false},"author":5,"featured_media":0,"comment_status":"open","ping_status":"open","sticky":false,"template":"","format":"standard","meta":{"postBodyCss":"","postBodyMargin":[],"postBodyPadding":[],"postBodyBackground":{"backgroundType":"classic","gradient":""},"_price":"","_stock":"","_tribe_ticket_header":"","_tribe_default_ticket_provider":"","_tribe_ticket_capacity":"0","_ticket_start_date":"","_ticket_end_date":"","_tribe_ticket_show_description":"","_tribe_ticket_show_not_going":false,"_tribe_ticket_use_global_stock":"","_tribe_ticket_global_stock_level":"","_global_stock_mode":"","_global_stock_cap":"","_tribe_rsvp_for_event":"","_tribe_ticket_going_count":"","_tribe_ticket_not_going_count":"","_tribe_tickets_list":"[]","_tribe_ticket_has_attendee_info_fields":false,"footnotes":""},"categories":[46],"tags":[15328,1028,548,3604,8373,856,15336,218,159,15329,1576,15331,663,672,15334,833,15332,15333,15335,354,12480,356,15330],"class_list":["post-14455","post","type-post","status-publish","format-standard","hentry","category-noticias","tag-anula-licitacao","tag-anulacao-2","tag-concorrencia","tag-contratos-publicos","tag-data-base","tag-edital","tag-impugnacao-2","tag-lei-de-licitacoes","tag-lei-no-14-133-21","tag-municipio-de-ventania","tag-pavimentacao","tag-pavimentacao-de-vias","tag-prazo","tag-publicidade","tag-reabertura-de-prazos","tag-reajuste","tag-regiao-central-do-parana","tag-restricao-indevida-2","tag-retomada-do-certame","tag-tce-pr","tag-tce-pr-3","tag-tribunal-de-contas-do-estado-do-parana","tag-ventania"],"acf":[],"_links":{"self":[{"href":"https:\/\/sgpsolucoes.com.br\/site\/wp-json\/wp\/v2\/posts\/14455"}],"collection":[{"href":"https:\/\/sgpsolucoes.com.br\/site\/wp-json\/wp\/v2\/posts"}],"about":[{"href":"https:\/\/sgpsolucoes.com.br\/site\/wp-json\/wp\/v2\/types\/post"}],"author":[{"embeddable":true,"href":"https:\/\/sgpsolucoes.com.br\/site\/wp-json\/wp\/v2\/users\/5"}],"replies":[{"embeddable":true,"href":"https:\/\/sgpsolucoes.com.br\/site\/wp-json\/wp\/v2\/comments?post=14455"}],"version-history":[{"count":0,"href":"https:\/\/sgpsolucoes.com.br\/site\/wp-json\/wp\/v2\/posts\/14455\/revisions"}],"wp:attachment":[{"href":"https:\/\/sgpsolucoes.com.br\/site\/wp-json\/wp\/v2\/media?parent=14455"}],"wp:term":[{"taxonomy":"category","embeddable":true,"href":"https:\/\/sgpsolucoes.com.br\/site\/wp-json\/wp\/v2\/categories?post=14455"},{"taxonomy":"post_tag","embeddable":true,"href":"https:\/\/sgpsolucoes.com.br\/site\/wp-json\/wp\/v2\/tags?post=14455"}],"curies":[{"name":"wp","href":"https:\/\/api.w.org\/{rel}","templated":true}]}}