{"id":14511,"date":"2025-09-17T16:00:06","date_gmt":"2025-09-17T19:00:06","guid":{"rendered":"https:\/\/sgpsolucoes.com.br\/site\/?p=14511"},"modified":"2025-09-17T16:00:08","modified_gmt":"2025-09-17T19:00:08","slug":"tce-es-analisa-recurso-e-afasta-sancao-de-ressarcimento-e-multa-a-gestores-de-mucurici","status":"publish","type":"post","link":"https:\/\/sgpsolucoes.com.br\/site\/tce-es-analisa-recurso-e-afasta-sancao-de-ressarcimento-e-multa-a-gestores-de-mucurici\/","title":{"rendered":"TCE-ES analisa recurso e afasta san\u00e7\u00e3o de ressarcimento e multa a gestores de Mucurici"},"content":{"rendered":"<p>Em julgamento de recurso, o&nbsp;<mark>Plen\u00e1rio do Tribunal de Contas do Estado (TCE-ES)<\/mark>&nbsp;decidiu afastar a puni\u00e7\u00e3o aplicada aos ex-gestores de&nbsp;<strong>Mucurici<\/strong>&nbsp;\u2013 o ex-prefeito Osvaldo Fernandes de Oliveira Junior e a secret\u00e1ria de Sa\u00fade, Marilucia de Souza S\u00e1 -, que haviam sido condenados pela Corte de Contas ao pagamento de ressarcimento de R$ 89 mil ao munic\u00edpio e multa individual no valor de R$ 3 mil cada.&nbsp;<\/p><p>A decis\u00e3o ocorreu na sess\u00e3o do dia 26 de agosto, conforme o voto do relator, conselheiro Luiz Carlos Ciciliotti. Os ex-gestores foram responsabilizados pelo aumento indevido de despesas com pessoal e pagamento indevido a profissionais da sa\u00fade durante a pandemia de Covid-19.&nbsp;&nbsp;<\/p><p>Isso porque, em 2020, foi aprovada a Lei Municipal n\u00ba 757\/2020, que ampliou o alcance do Pr\u00eamio de Qualidade e Inova\u00e7\u00e3o (PMAQ\/AB), reduzindo de 12 para 6 meses o per\u00edodo m\u00ednimo de desempenho exigido para que os servidores da sa\u00fade pudessem receber o benef\u00edcio. Com isso, mais servidores foram contemplados e foram realizados pagamentos em outubro e novembro de 2020, totalizando R$ 66.226,64.&nbsp;<\/p><p>No entanto, o tribunal avaliou que o pagamento feito aos servidores desrespeitou a Lei Complementar 173\/2020, que s\u00f3 permitia a concess\u00e3o de reajustes, b\u00f4nus ou abonos que j\u00e1 estivessem previstos na legisla\u00e7\u00e3o, e proibia qualquer forma de concess\u00e3o de benef\u00edcios que implicasse majora\u00e7\u00e3o de despesa com pessoal entre maio de 2020 e dezembro de 2021.&nbsp;&nbsp;<\/p><p>O pagamento do benef\u00edcio aos servidores j\u00e1 estava previsto em lei municipal de 2014, mas em 2020 o munic\u00edpio reduziu o tempo necess\u00e1rio de atua\u00e7\u00e3o de 12 para 6 meses.&nbsp;<\/p><p>Na an\u00e1lise do recurso, o relator acompanhou parcialmente o entendimento da \u00e1rea t\u00e9cnica, sobre a manuten\u00e7\u00e3o da irregularidade do pagamento dos benef\u00edcios. No entanto, votou para afastar o ressarcimento e a aplica\u00e7\u00e3o de multa aos ex-gestores. O posicionamento foi acompanhado pelo Plen\u00e1rio.&nbsp;<\/p><p>Quanto \u00e0 ex-secret\u00e1ria de Sa\u00fade, o tribunal concluiu que ela n\u00e3o possu\u00eda independ\u00eancia para contestar ou negar a autoriza\u00e7\u00e3o da despesa irregular. \u201cN\u00e3o se relatou qualquer a\u00e7\u00e3o auxiliar ou complementar que tenha contribu\u00eddo para o resultado da irregularidade, sen\u00e3o a de autorizar a despesa, aparentemente \u2013 no caso \u2013 ato meramente formal. Neste sentido, a conduta da agente Maril\u00facia de Souza S\u00e1 deve ser caracterizada como \u2018acess\u00f3ria\u2019 da conduta \u2018principal\u2019 do prefeito, sendo oportuno, em raz\u00e3o dos princ\u00edpios da proporcionalidade e razoabilidade, afastar a solidariedade da agente quanto ao ressarcimento\u201d, detalhou a \u00e1rea t\u00e9cnica, no voto.&nbsp;<\/p><p>Em rela\u00e7\u00e3o ao prefeito, entendeu-se que ele n\u00e3o deve ser penalizado, devido \u00e0 aus\u00eancia de erro grosseiro. Os motivos elencados pelo relator foram o n\u00e3o aumento de despesa relacionada ao Programa Nacional de Melhoria do Acesso e da Qualidade da Aten\u00e7\u00e3o B\u00e1sica em 2020 comparando com 2019, e a participa\u00e7\u00e3o de outros agentes na elabora\u00e7\u00e3o da Lei, inclusive parecer favor\u00e1vel da Comiss\u00e3o de Legisla\u00e7\u00e3o, Justi\u00e7a e Reda\u00e7\u00e3o Final da C\u00e2mara Municipal.&nbsp;<\/p><p>\u201cEm raz\u00e3o da complexidade do cen\u00e1rio legal em tempos de pandemia, e da multiplicidade de atores envolvidos na edi\u00e7\u00e3o e execu\u00e7\u00e3o da norma \u2013 incluindo a Procuradoria Municipal, a C\u00e2mara de Vereadores e a Secretaria de Sa\u00fade \u2013 revela-se incompat\u00edvel com os princ\u00edpios da individualiza\u00e7\u00e3o da responsabilidade a imposi\u00e7\u00e3o de responsabilidade exclusiva ao Chefe do Poder Executivo Municipal\u201d, opinou.&nbsp;<\/p><p>O processo de representa\u00e7\u00e3o que iniciou o caso, havia sido convertido em tomada de contas especial para julgar as contas de ambos como irregulares.\u202f Ap\u00f3s o recurso, o tribunal decidiu desconverter os autos da tomada de contas.&nbsp;<\/p><p><strong><a href=\"https:\/\/www.tcees.tc.br\/consultas\/processo\/detalhar-processo?numero=3582&amp;ano=2025&amp;key=22846557adfa747703cd5d80eb86707f46b1f2b3342e2f5a3d40ed53e13ff61160dcd2e5a60a8b39a0207b53b864d23d1a07f5b8e3afd5abef599880b59b963e\" target=\"_blank\" rel=\"noreferrer noopener\">Processo TC 3582\/2025<\/a><\/strong>&nbsp;<\/p><figure class=\"wp-block-table\"><table class=\"has-fixed-layout\"><tbody><tr><td><strong>Resumo em t\u00f3picos<\/strong> <br><br><strong>Tribunal afasta puni\u00e7\u00f5es<\/strong>: O TCE-ES decidiu retirar a obriga\u00e7\u00e3o de ressarcimento e multa aplicadas ao ex-prefeito de Mucurici e \u00e0 ex-secret\u00e1ria de Sa\u00fade, ap\u00f3s julgamento de recurso.<br><br><strong>Responsabilidade limitada<\/strong>: O relator apontou aus\u00eancia de erro grosseiro e envolvimento de outros agentes na aprova\u00e7\u00e3o da lei, afastando a responsabilidade exclusiva do prefeito.<br><br><strong>An\u00e1lise t\u00e9cnica<\/strong>: Da mesma forma, a ex-secret\u00e1ria foi isentada por n\u00e3o ter autonomia para contestar a despesa, sendo sua atua\u00e7\u00e3o vista como formal e secund\u00e1ria \u00e0 do prefeito.<\/td><\/tr><\/tbody><\/table><\/figure><p><strong>Fonte<\/strong><strong>:<\/strong><strong> <\/strong><strong>TCE-ES<\/strong><\/p>\n    <div class=\"xs_social_share_widget xs_share_url after_content \t\tmain_content  wslu-style-1 wslu-share-box-shaped wslu-fill-colored wslu-none wslu-share-horizontal wslu-theme-font-no wslu-main_content\">\n\n\t\t\n        <ul>\n\t\t\t        <\/ul>\n    <\/div> \n","protected":false},"excerpt":{"rendered":"<p>Em julgamento de recurso, o\u00a0Plen\u00e1rio do Tribunal de Contas do Estado (TCE-ES)\u00a0decidiu afastar a puni\u00e7\u00e3o aplicada aos ex-gestores de\u00a0Mucurici\u00a0\u2013 o ex-prefeito Osvaldo Fernandes de Oliveira Junior e a secret\u00e1ria de Sa\u00fade, Marilucia de Souza S\u00e1 -, que haviam sido condenados pela Corte de Contas ao pagamento de ressarcimento de R$ 89 mil ao munic\u00edpio e multa individual no valor de R$ 3 mil cada.\u00a0<\/p>\n","protected":false},"author":5,"featured_media":0,"comment_status":"open","ping_status":"open","sticky":false,"template":"","format":"standard","meta":{"postBodyCss":"","postBodyMargin":[],"postBodyPadding":[],"postBodyBackground":{"backgroundType":"classic","gradient":""},"_price":"","_stock":"","_tribe_ticket_header":"","_tribe_default_ticket_provider":"","_tribe_ticket_capacity":"0","_ticket_start_date":"","_ticket_end_date":"","_tribe_ticket_show_description":"","_tribe_ticket_show_not_going":false,"_tribe_ticket_use_global_stock":"","_tribe_ticket_global_stock_level":"","_global_stock_mode":"","_global_stock_cap":"","_tribe_rsvp_for_event":"","_tribe_ticket_going_count":"","_tribe_ticket_not_going_count":"","_tribe_tickets_list":"[]","_tribe_ticket_has_attendee_info_fields":false,"footnotes":""},"categories":[46],"tags":[2107,15460,15458,368,15461,6867,291,5101,351,2303,700,647,15459,4702,4707],"class_list":["post-14511","post","type-post","status-publish","format-standard","hentry","category-noticias","tag-corte-de-contas","tag-ex-gestores-de-mucurici","tag-ex-prefeito-osvaldo-fernandes-de-oliveira-junior","tag-gestores","tag-marilucia-de-souza-sa","tag-mucurici","tag-multa","tag-multa-individual","tag-plenario","tag-recurso","tag-ressarcimento","tag-sancao","tag-secretaria-de-saude","tag-tce-es","tag-tribunal-de-contas-do-estado-do-espirito-santo"],"acf":[],"_links":{"self":[{"href":"https:\/\/sgpsolucoes.com.br\/site\/wp-json\/wp\/v2\/posts\/14511"}],"collection":[{"href":"https:\/\/sgpsolucoes.com.br\/site\/wp-json\/wp\/v2\/posts"}],"about":[{"href":"https:\/\/sgpsolucoes.com.br\/site\/wp-json\/wp\/v2\/types\/post"}],"author":[{"embeddable":true,"href":"https:\/\/sgpsolucoes.com.br\/site\/wp-json\/wp\/v2\/users\/5"}],"replies":[{"embeddable":true,"href":"https:\/\/sgpsolucoes.com.br\/site\/wp-json\/wp\/v2\/comments?post=14511"}],"version-history":[{"count":0,"href":"https:\/\/sgpsolucoes.com.br\/site\/wp-json\/wp\/v2\/posts\/14511\/revisions"}],"wp:attachment":[{"href":"https:\/\/sgpsolucoes.com.br\/site\/wp-json\/wp\/v2\/media?parent=14511"}],"wp:term":[{"taxonomy":"category","embeddable":true,"href":"https:\/\/sgpsolucoes.com.br\/site\/wp-json\/wp\/v2\/categories?post=14511"},{"taxonomy":"post_tag","embeddable":true,"href":"https:\/\/sgpsolucoes.com.br\/site\/wp-json\/wp\/v2\/tags?post=14511"}],"curies":[{"name":"wp","href":"https:\/\/api.w.org\/{rel}","templated":true}]}}