{"id":14523,"date":"2025-09-19T16:05:09","date_gmt":"2025-09-19T19:05:09","guid":{"rendered":"https:\/\/sgpsolucoes.com.br\/site\/?p=14523"},"modified":"2025-09-19T16:05:10","modified_gmt":"2025-09-19T19:05:10","slug":"stf-lanca-acervo-digital-com-pesquisas-sobre-desinformacao","status":"publish","type":"post","link":"https:\/\/sgpsolucoes.com.br\/site\/stf-lanca-acervo-digital-com-pesquisas-sobre-desinformacao\/","title":{"rendered":"STF lan\u00e7a acervo digital com pesquisas sobre desinforma\u00e7\u00e3o"},"content":{"rendered":"<p><strong><em>Batizada de \u2018Desinfoteca\u2019, plataforma re\u00fane trabalhos acad\u00eamicos e da sociedade civil sobre fen\u00f4menos digitais<\/em><\/strong><\/p><p>O Supremo Tribunal Federal (STF) lan\u00e7a na quinta-feira (18) a&nbsp;<a href=\"https:\/\/bibliotecadigital.stf.jus.br\/xmlui\/handle\/123456789\/7815\" target=\"_blank\" rel=\"noreferrer noopener\"><strong>Desinfoteca<\/strong><\/a>&nbsp;\u2013 acervo digital com trabalhos e pesquisas sobre fen\u00f4menos da internet, como a desinforma\u00e7\u00e3o, e seus impactos nos direitos fundamentais. A iniciativa ser\u00e1 apresentada durante o Semin\u00e1rio Nacional \u201cPrioridade Absoluta: Di\u00e1logos pela Inf\u00e2ncia e Adolesc\u00eancia Seguras no Ambiente Digital\u201d.<\/p><p>Fruto de parceria entre o Programa de Combate \u00e0 Desinforma\u00e7\u00e3o e a Biblioteca do STF, a plataforma poder\u00e1 ser acessada pelos sites de ambos os servi\u00e7os. O objetivo \u00e9 oferecer uma fonte confi\u00e1vel de conhecimento, \u00fatil tanto para subsidiar as equipes internas do tribunal quanto para enriquecer o debate p\u00fablico sobre temas jur\u00eddicos e sociais.<\/p><h5 class=\"wp-block-heading\"><strong>Acervo qualificado<\/strong><\/h5><p>Os trabalhos ser\u00e3o selecionados por meio de chamadas p\u00fablicas peri\u00f3dicas. A primeira teve como foco a prote\u00e7\u00e3o da inf\u00e2ncia e da adolesc\u00eancia no ambiente digital e resultou na escolha de mais de 60 pesquisas produzidas por especialistas, universidades e organiza\u00e7\u00f5es da sociedade civil.<\/p><p>O processo contou com a colabora\u00e7\u00e3o da Coaliz\u00e3o Brasileira pelo Fim da Viol\u00eancia contra Crian\u00e7as e Adolescentes, do Instituto Alana, da Childhood Brasil e do Instituto Liberta.<\/p><h5 class=\"wp-block-heading\"><strong>Combate \u00e0 desinforma\u00e7\u00e3o<\/strong><\/h5><p>Criado em 2021, o&nbsp;<a href=\"https:\/\/portal.stf.jus.br\/hotsites\/desinformacao\/\" target=\"_blank\" rel=\"noreferrer noopener\"><strong>Programa de Combate \u00e0 Desinforma\u00e7\u00e3o<\/strong><\/a>&nbsp;busca promover uma sociedade mais justa, baseada no acesso a informa\u00e7\u00f5es seguras e confi\u00e1veis, em conformidade com a Constitui\u00e7\u00e3o e os tratados internacionais de direitos humanos.&nbsp;<\/p><p>A iniciativa integra um compromisso global de prote\u00e7\u00e3o \u00e0 liberdade de express\u00e3o, ao mesmo tempo em que co\u00edbe a circula\u00e7\u00e3o de not\u00edcias falsas que alimentam preconceito, \u00f3dio e viol\u00eancia.<\/p><p><em>(Gustavo Aguiar\/\/CF)<\/em><\/p><p><strong>Fonte: STF<\/strong><\/p>\n    <div class=\"xs_social_share_widget xs_share_url after_content \t\tmain_content  wslu-style-1 wslu-share-box-shaped wslu-fill-colored wslu-none wslu-share-horizontal wslu-theme-font-no wslu-main_content\">\n\n\t\t\n        <ul>\n\t\t\t        <\/ul>\n    <\/div> \n","protected":false},"excerpt":{"rendered":"<p>O Supremo Tribunal Federal (STF) lan\u00e7a na quinta-feira (18) a\u00a0Desinfoteca\u00a0\u2013 acervo digital com trabalhos e pesquisas sobre fen\u00f4menos da internet, como a desinforma\u00e7\u00e3o, e seus impactos nos direitos fundamentais. A iniciativa ser\u00e1 apresentada durante o Semin\u00e1rio Nacional \u201cPrioridade Absoluta: Di\u00e1logos pela Inf\u00e2ncia e Adolesc\u00eancia Seguras no Ambiente Digital\u201d.<\/p>\n","protected":false},"author":5,"featured_media":0,"comment_status":"open","ping_status":"open","sticky":false,"template":"","format":"standard","meta":{"postBodyCss":"","postBodyMargin":[],"postBodyPadding":[],"postBodyBackground":{"backgroundType":"classic","gradient":""},"_price":"","_stock":"","_tribe_ticket_header":"","_tribe_default_ticket_provider":"","_tribe_ticket_capacity":"0","_ticket_start_date":"","_ticket_end_date":"","_tribe_ticket_show_description":"","_tribe_ticket_show_not_going":false,"_tribe_ticket_use_global_stock":"","_tribe_ticket_global_stock_level":"","_global_stock_mode":"","_global_stock_cap":"","_tribe_rsvp_for_event":"","_tribe_ticket_going_count":"","_tribe_ticket_not_going_count":"","_tribe_tickets_list":"[]","_tribe_ticket_has_attendee_info_fields":false,"footnotes":""},"categories":[46],"tags":[],"class_list":["post-14523","post","type-post","status-publish","format-standard","hentry","category-noticias"],"acf":[],"_links":{"self":[{"href":"https:\/\/sgpsolucoes.com.br\/site\/wp-json\/wp\/v2\/posts\/14523"}],"collection":[{"href":"https:\/\/sgpsolucoes.com.br\/site\/wp-json\/wp\/v2\/posts"}],"about":[{"href":"https:\/\/sgpsolucoes.com.br\/site\/wp-json\/wp\/v2\/types\/post"}],"author":[{"embeddable":true,"href":"https:\/\/sgpsolucoes.com.br\/site\/wp-json\/wp\/v2\/users\/5"}],"replies":[{"embeddable":true,"href":"https:\/\/sgpsolucoes.com.br\/site\/wp-json\/wp\/v2\/comments?post=14523"}],"version-history":[{"count":0,"href":"https:\/\/sgpsolucoes.com.br\/site\/wp-json\/wp\/v2\/posts\/14523\/revisions"}],"wp:attachment":[{"href":"https:\/\/sgpsolucoes.com.br\/site\/wp-json\/wp\/v2\/media?parent=14523"}],"wp:term":[{"taxonomy":"category","embeddable":true,"href":"https:\/\/sgpsolucoes.com.br\/site\/wp-json\/wp\/v2\/categories?post=14523"},{"taxonomy":"post_tag","embeddable":true,"href":"https:\/\/sgpsolucoes.com.br\/site\/wp-json\/wp\/v2\/tags?post=14523"}],"curies":[{"name":"wp","href":"https:\/\/api.w.org\/{rel}","templated":true}]}}