{"id":14529,"date":"2025-09-19T16:18:57","date_gmt":"2025-09-19T19:18:57","guid":{"rendered":"https:\/\/sgpsolucoes.com.br\/site\/?p=14529"},"modified":"2025-09-19T16:18:58","modified_gmt":"2025-09-19T19:18:58","slug":"stf-confirma-validade-de-alta-programada-do-auxilio-doenca","status":"publish","type":"post","link":"https:\/\/sgpsolucoes.com.br\/site\/stf-confirma-validade-de-alta-programada-do-auxilio-doenca\/","title":{"rendered":"STF confirma validade de alta programada do aux\u00edlio-doen\u00e7a"},"content":{"rendered":"<p><em>Foto: STF\/SCO<\/em><\/p><p><strong><em>Regra exige fixa\u00e7\u00e3o de prazo estimado para a dura\u00e7\u00e3o do benef\u00edcio. Caso contr\u00e1rio, ele cessar\u00e1 120 dias ap\u00f3s sua concess\u00e3o<\/em><\/strong><\/p><p>Por unanimidade, o Supremo Tribunal Federal (STF) validou um dispositivo da Lei de Benef\u00edcios da Previd\u00eancia Social (Lei 8.213\/1991) que estipula o t\u00e9rmino programado ou autom\u00e1tico do aux\u00edlio-doen\u00e7a. A regra, chamada de alta programada, possibilita o retorno do trabalhador a suas atividades, sem necessidade de nova per\u00edcia m\u00e9dica. O benef\u00edcio pode ser prorrogado pelo Instituto Nacional do Seguro Social (INSS), sem limite m\u00e1ximo, mediante nova solicita\u00e7\u00e3o, evitando a descontinuidade no pagamento do aux\u00edlio.<\/p><p>A mat\u00e9ria foi discutida no Recurso Extraordin\u00e1rio&nbsp;<a href=\"https:\/\/portal.stf.jus.br\/processos\/detalhe.asp?incidente=6260460\" target=\"_blank\" rel=\"noreferrer noopener\"><strong>(RE) 1347526<\/strong><\/a>&nbsp;(Tema 1.196), julgado na sess\u00e3o virtual encerrada em 12\/9. O INSS questionava decis\u00e3o da Justi\u00e7a Federal em Sergipe que afastou a cessa\u00e7\u00e3o autom\u00e1tica do pagamento do aux\u00edlio-doen\u00e7a a uma segurada e determinou a realiza\u00e7\u00e3o de nova per\u00edcia. A Turma Recursal dos Juizados Especiais Federais considerou inconstitucionais as Medidas Provis\u00f3rias (MPs) 739\/2016 e 767\/2017 e a lei de convers\u00e3o da \u00faltima (Lei 13.457\/2017), ao fundamento de aus\u00eancia de relev\u00e2ncia e urg\u00eancia para a edi\u00e7\u00e3o de MP sobre mat\u00e9ria, al\u00e9m de impossibilidade de edi\u00e7\u00e3o de medidas provis\u00f3rias sobre direito processual.<\/p><h5 class=\"wp-block-heading\"><strong>Racionaliza\u00e7\u00e3o do sistema previdenci\u00e1rio<\/strong><\/h5><p>Em voto para acolher o recurso do INSS e reconhecer a validade da regra, o ministro Cristiano Zanin (relator) afirmou que a ado\u00e7\u00e3o da Data de Cessa\u00e7\u00e3o de Benef\u00edcio (DCB), conhecida como alta programada, \u00e9 uma op\u00e7\u00e3o legislativa que visa racionalizar e dar efici\u00eancia ao sistema previdenci\u00e1rio. Segundo o ministro, o aux\u00edlio-doen\u00e7a \u00e9 tempor\u00e1rio, e a estipula\u00e7\u00e3o de prazo para a dura\u00e7\u00e3o do benef\u00edcio evita pagamentos indevidos a quem j\u00e1 recuperou a capacidade de trabalho e reduz as filas da per\u00edcia m\u00e9dica. Caso o segurado considere que n\u00e3o est\u00e1 recuperado, basta um requerimento para que o benef\u00edcio seja prorrogado.<\/p><p>Zanin afastou o argumento de que as normas sobre aux\u00edlio-doen\u00e7a n\u00e3o poderiam ter sido alteradas por medida provis\u00f3ria. Ele explicou que as inova\u00e7\u00f5es n\u00e3o regulamentam dispositivo constitucional, apenas atualizam a Lei de Benef\u00edcios da Previd\u00eancia.<\/p><h5 class=\"wp-block-heading\"><strong>Tese<\/strong><\/h5><p>A tese de repercuss\u00e3o geral fixada foi a seguinte:<\/p><p>\u201cN\u00e3o viola os artigos 62, caput e \u00a7 1\u00ba, e 246 da Constitui\u00e7\u00e3o Federal a estipula\u00e7\u00e3o de prazo estimado para a dura\u00e7\u00e3o de benef\u00edcio de aux\u00edlio-doen\u00e7a, conforme estabelecido nos \u00a7\u00a7 8\u00ba e 9\u00ba do art. 60 da Lei 8.213\/1991, com reda\u00e7\u00e3o dada pelas medidas provis\u00f3rias 739\/2016 e 767\/2017, esta \u00faltima convertida na Lei 13.457\/2017\u201d.<\/p><p><em>(Pedro Rocha\/CR\/\/CF)<\/em><\/p><p><strong>Fonte: STF<\/strong><\/p>\n    <div class=\"xs_social_share_widget xs_share_url after_content \t\tmain_content  wslu-style-1 wslu-share-box-shaped wslu-fill-colored wslu-none wslu-share-horizontal wslu-theme-font-no wslu-main_content\">\n\n\t\t\n        <ul>\n\t\t\t        <\/ul>\n    <\/div> \n","protected":false},"excerpt":{"rendered":"<p>Por unanimidade, o Supremo Tribunal Federal (STF) validou um dispositivo da Lei de Benef\u00edcios da Previd\u00eancia Social (Lei 8.213\/1991) que estipula o t\u00e9rmino programado ou autom\u00e1tico do aux\u00edlio-doen\u00e7a. A regra, chamada de alta programada, possibilita o retorno do trabalhador a suas atividades, sem necessidade de nova per\u00edcia m\u00e9dica. O benef\u00edcio pode ser prorrogado pelo Instituto Nacional do Seguro Social (INSS), sem limite m\u00e1ximo, mediante nova solicita\u00e7\u00e3o, evitando a descontinuidade no pagamento do aux\u00edlio.<\/p>\n","protected":false},"author":5,"featured_media":0,"comment_status":"open","ping_status":"open","sticky":false,"template":"","format":"standard","meta":{"postBodyCss":"","postBodyMargin":[],"postBodyPadding":[],"postBodyBackground":{"backgroundType":"classic","gradient":""},"_price":"","_stock":"","_tribe_ticket_header":"","_tribe_default_ticket_provider":"","_tribe_ticket_capacity":"0","_ticket_start_date":"","_ticket_end_date":"","_tribe_ticket_show_description":"","_tribe_ticket_show_not_going":false,"_tribe_ticket_use_global_stock":"","_tribe_ticket_global_stock_level":"","_global_stock_mode":"","_global_stock_cap":"","_tribe_rsvp_for_event":"","_tribe_ticket_going_count":"","_tribe_ticket_not_going_count":"","_tribe_tickets_list":"[]","_tribe_ticket_has_attendee_info_fields":false,"footnotes":""},"categories":[46],"tags":[15496,14189,2783,2979,1088,15503,2654,2784,15498,15497,15502,15501,15499,1846,15495,6313,347,348,15500,15504,5581,1043,1364],"class_list":["post-14529","post","type-post","status-publish","format-standard","hentry","category-noticias","tag-alta-programada","tag-auxilio","tag-auxilio-doenca","tag-beneficio","tag-concessao","tag-descontinuidade","tag-inss","tag-instituto-nacional-do-seguro-social","tag-lei-8-213-1991","tag-lei-de-beneficios-da-previdencia-social","tag-limite-maximo","tag-nova-pericia-medica","tag-nova-solicitacao","tag-pagamento","tag-prazo-estimado","tag-regra","tag-stf","tag-supremo-tribunal-federal","tag-termino-automatico","tag-termino-programado","tag-trabalhador","tag-unanimidade","tag-validade"],"acf":[],"_links":{"self":[{"href":"https:\/\/sgpsolucoes.com.br\/site\/wp-json\/wp\/v2\/posts\/14529"}],"collection":[{"href":"https:\/\/sgpsolucoes.com.br\/site\/wp-json\/wp\/v2\/posts"}],"about":[{"href":"https:\/\/sgpsolucoes.com.br\/site\/wp-json\/wp\/v2\/types\/post"}],"author":[{"embeddable":true,"href":"https:\/\/sgpsolucoes.com.br\/site\/wp-json\/wp\/v2\/users\/5"}],"replies":[{"embeddable":true,"href":"https:\/\/sgpsolucoes.com.br\/site\/wp-json\/wp\/v2\/comments?post=14529"}],"version-history":[{"count":0,"href":"https:\/\/sgpsolucoes.com.br\/site\/wp-json\/wp\/v2\/posts\/14529\/revisions"}],"wp:attachment":[{"href":"https:\/\/sgpsolucoes.com.br\/site\/wp-json\/wp\/v2\/media?parent=14529"}],"wp:term":[{"taxonomy":"category","embeddable":true,"href":"https:\/\/sgpsolucoes.com.br\/site\/wp-json\/wp\/v2\/categories?post=14529"},{"taxonomy":"post_tag","embeddable":true,"href":"https:\/\/sgpsolucoes.com.br\/site\/wp-json\/wp\/v2\/tags?post=14529"}],"curies":[{"name":"wp","href":"https:\/\/api.w.org\/{rel}","templated":true}]}}